{"id":5835,"date":"2020-01-29T11:00:02","date_gmt":"2020-01-29T10:00:02","guid":{"rendered":"http:\/\/agora.xtec.cat\/ies-santa-eulalia\/?p=5835"},"modified":"2020-01-29T11:00:02","modified_gmt":"2020-01-29T10:00:02","slug":"primera-sessio-de-lany-de-lescola-de-families","status":"publish","type":"post","link":"https:\/\/agora.xtec.cat\/ies-santa-eulalia\/general\/primera-sessio-de-lany-de-lescola-de-families\/","title":{"rendered":"Primera sessi\u00f3 de l&#8217;any de l&#8217;Escola de Fam\u00edlies"},"content":{"rendered":"<p>La sessi\u00f3 de dimarts 28 de gener va ser la primera de l&#8217;any i la segona dedicada als diferents tipus de personalitat aplicada als adolescents. Una nova oportunitat per aprendre tots junts. Al febrer continuarem aprenent amb una sessi\u00f3 que estar\u00e0 dedicada a un tema tan important com \u00e9s la comunicaci\u00f3 dins l&#8217;\u00e0mbit familiar. Us esperem!<\/p>\n","protected":false},"excerpt":{"rendered":"<p>La sessi\u00f3 de dimarts 28 de gener va ser la primera de l&#8217;any i la segona dedicada als diferents tipus de personalitat aplicada als adolescents. Una nova oportunitat per aprendre tots junts. Al febrer continuarem aprenent amb una sessi\u00f3 que estar\u00e0 dedicada a un tema&hellip;  <a href=\"https:\/\/agora.xtec.cat\/ies-santa-eulalia\/general\/primera-sessio-de-lany-de-lescola-de-families\/\" title=\"Read Primera sessi\u00f3 de l&#8217;any de l&#8217;Escola de Fam\u00edlies\">Llegeix m\u00e9s\u00bb<\/a><\/p>\n","protected":false},"author":1,"featured_media":5842,"comment_status":"open","ping_status":"closed","sticky":false,"template":"","format":"standard","meta":{"_bbp_topic_count":0,"_bbp_reply_count":0,"_bbp_total_topic_count":0,"_bbp_total_reply_count":0,"_bbp_voice_count":0,"_bbp_anonymous_reply_count":0,"_bbp_topic_count_hidden":0,"_bbp_reply_count_hidden":0,"_bbp_forum_subforum_count":0,"footnotes":""},"categories":[3,1,29],"tags":[],"class_list":["post-5835","post","type-post","status-publish","format-standard","has-post-thumbnail","hentry","category-eso","category-general","category-portada"],"post_mailing_queue_ids":[],"_links":{"self":[{"href":"https:\/\/agora.xtec.cat\/ies-santa-eulalia\/wp-json\/wp\/v2\/posts\/5835","targetHints":{"allow":["GET"]}}],"collection":[{"href":"https:\/\/agora.xtec.cat\/ies-santa-eulalia\/wp-json\/wp\/v2\/posts"}],"about":[{"href":"https:\/\/agora.xtec.cat\/ies-santa-eulalia\/wp-json\/wp\/v2\/types\/post"}],"author":[{"embeddable":true,"href":"https:\/\/agora.xtec.cat\/ies-santa-eulalia\/wp-json\/wp\/v2\/users\/1"}],"replies":[{"embeddable":true,"href":"https:\/\/agora.xtec.cat\/ies-santa-eulalia\/wp-json\/wp\/v2\/comments?post=5835"}],"version-history":[{"count":1,"href":"https:\/\/agora.xtec.cat\/ies-santa-eulalia\/wp-json\/wp\/v2\/posts\/5835\/revisions"}],"predecessor-version":[{"id":5845,"href":"https:\/\/agora.xtec.cat\/ies-santa-eulalia\/wp-json\/wp\/v2\/posts\/5835\/revisions\/5845"}],"wp:featuredmedia":[{"embeddable":true,"href":"https:\/\/agora.xtec.cat\/ies-santa-eulalia\/wp-json\/wp\/v2\/media\/5842"}],"wp:attachment":[{"href":"https:\/\/agora.xtec.cat\/ies-santa-eulalia\/wp-json\/wp\/v2\/media?parent=5835"}],"wp:term":[{"taxonomy":"category","embeddable":true,"href":"https:\/\/agora.xtec.cat\/ies-santa-eulalia\/wp-json\/wp\/v2\/categories?post=5835"},{"taxonomy":"post_tag","embeddable":true,"href":"https:\/\/agora.xtec.cat\/ies-santa-eulalia\/wp-json\/wp\/v2\/tags?post=5835"}],"curies":[{"name":"wp","href":"https:\/\/api.w.org\/{rel}","templated":true}]}}