{"id":5787,"date":"2020-01-20T22:35:12","date_gmt":"2020-01-20T21:35:12","guid":{"rendered":"http:\/\/agora.xtec.cat\/ies-santa-eulalia\/?p=5787"},"modified":"2020-01-29T11:11:42","modified_gmt":"2020-01-29T10:11:42","slug":"conferencia-durbanisme-roma-a-la-ub","status":"publish","type":"post","link":"https:\/\/agora.xtec.cat\/ies-santa-eulalia\/general\/conferencia-durbanisme-roma-a-la-ub\/","title":{"rendered":"Confer\u00e8ncia d&#8217;urbanisme rom\u00e0 a la UB"},"content":{"rendered":"<p>A la mateixa aula de la Facultat de Filologia (UB) on es roda la s\u00e8rie &#8220;Merl\u00ed&#8221;, les alumnes de llat\u00ed de 2n de Batxillerat A han assistit a la confer\u00e8ncia de la Secci\u00f3 Catalana d&#8217;Estudis Cl\u00e0ssics d&#8217;enguany: &#8220;Ciutats romanes a Catalunya: entre les fonts escrites i l&#8217;arqueologia&#8221;, impartida pel Dr. Javier Velaza, catedr\u00e0tic de llat\u00ed i deg\u00e0 de la facultat. Aix\u00ed, les alumnes han pogut aprofundir en una part del temari de cultura que cal con\u00e8ixer per preparar les PAU.<\/p>\n<p><a href=\"https:\/\/agora.xtec.cat\/ies-santa-eulalia\/wp-content\/uploads\/usu1612\/2020\/01\/IMG-20200120-WA0003.jpg\"><img loading=\"lazy\" decoding=\"async\" class=\"alignnone size-large wp-image-5788\" src=\"https:\/\/agora.xtec.cat\/ies-santa-eulalia\/wp-content\/uploads\/usu1612\/2020\/01\/IMG-20200120-WA0003-1024x575.jpg\" alt=\"\" width=\"1024\" height=\"575\" srcset=\"https:\/\/agora.xtec.cat\/ies-santa-eulalia\/wp-content\/uploads\/usu1612\/2020\/01\/IMG-20200120-WA0003-1024x575.jpg 1024w, https:\/\/agora.xtec.cat\/ies-santa-eulalia\/wp-content\/uploads\/usu1612\/2020\/01\/IMG-20200120-WA0003-300x168.jpg 300w, https:\/\/agora.xtec.cat\/ies-santa-eulalia\/wp-content\/uploads\/usu1612\/2020\/01\/IMG-20200120-WA0003-768x431.jpg 768w, https:\/\/agora.xtec.cat\/ies-santa-eulalia\/wp-content\/uploads\/usu1612\/2020\/01\/IMG-20200120-WA0003.jpg 1600w\" sizes=\"auto, (max-width: 1024px) 100vw, 1024px\" \/><\/a><\/p>\n<p>&nbsp;<\/p>\n<p><a href=\"https:\/\/agora.xtec.cat\/ies-santa-eulalia\/wp-content\/uploads\/usu1612\/2020\/01\/IMG-20200120-WA0004.jpg\"><img loading=\"lazy\" decoding=\"async\" class=\"alignnone size-large wp-image-5789\" src=\"https:\/\/agora.xtec.cat\/ies-santa-eulalia\/wp-content\/uploads\/usu1612\/2020\/01\/IMG-20200120-WA0004-1024x575.jpg\" alt=\"\" width=\"1024\" height=\"575\" srcset=\"https:\/\/agora.xtec.cat\/ies-santa-eulalia\/wp-content\/uploads\/usu1612\/2020\/01\/IMG-20200120-WA0004-1024x575.jpg 1024w, https:\/\/agora.xtec.cat\/ies-santa-eulalia\/wp-content\/uploads\/usu1612\/2020\/01\/IMG-20200120-WA0004-300x168.jpg 300w, https:\/\/agora.xtec.cat\/ies-santa-eulalia\/wp-content\/uploads\/usu1612\/2020\/01\/IMG-20200120-WA0004-768x431.jpg 768w, https:\/\/agora.xtec.cat\/ies-santa-eulalia\/wp-content\/uploads\/usu1612\/2020\/01\/IMG-20200120-WA0004.jpg 1600w\" sizes=\"auto, (max-width: 1024px) 100vw, 1024px\" \/><\/a><\/p>\n","protected":false},"excerpt":{"rendered":"<p>A la mateixa aula de la Facultat de Filologia (UB) on es roda la s\u00e8rie &#8220;Merl\u00ed&#8221;, les alumnes de llat\u00ed de 2n de Batxillerat A han assistit a la confer\u00e8ncia de la Secci\u00f3 Catalana d&#8217;Estudis Cl\u00e0ssics d&#8217;enguany: &#8220;Ciutats romanes a Catalunya: entre les fonts escrites&hellip;  <a href=\"https:\/\/agora.xtec.cat\/ies-santa-eulalia\/general\/conferencia-durbanisme-roma-a-la-ub\/\" title=\"Read Confer\u00e8ncia d&#8217;urbanisme rom\u00e0 a la UB\">Llegeix m\u00e9s\u00bb<\/a><\/p>\n","protected":false},"author":38,"featured_media":5788,"comment_status":"open","ping_status":"closed","sticky":false,"template":"","format":"standard","meta":{"_bbp_topic_count":0,"_bbp_reply_count":0,"_bbp_total_topic_count":0,"_bbp_total_reply_count":0,"_bbp_voice_count":0,"_bbp_anonymous_reply_count":0,"_bbp_topic_count_hidden":0,"_bbp_reply_count_hidden":0,"_bbp_forum_subforum_count":0,"footnotes":""},"categories":[149,8,1,29],"tags":[],"class_list":["post-5787","post","type-post","status-publish","format-standard","has-post-thumbnail","hentry","category-novetats-classiques","category-batxillerat","category-general","category-portada"],"post_mailing_queue_ids":[],"_links":{"self":[{"href":"https:\/\/agora.xtec.cat\/ies-santa-eulalia\/wp-json\/wp\/v2\/posts\/5787","targetHints":{"allow":["GET"]}}],"collection":[{"href":"https:\/\/agora.xtec.cat\/ies-santa-eulalia\/wp-json\/wp\/v2\/posts"}],"about":[{"href":"https:\/\/agora.xtec.cat\/ies-santa-eulalia\/wp-json\/wp\/v2\/types\/post"}],"author":[{"embeddable":true,"href":"https:\/\/agora.xtec.cat\/ies-santa-eulalia\/wp-json\/wp\/v2\/users\/38"}],"replies":[{"embeddable":true,"href":"https:\/\/agora.xtec.cat\/ies-santa-eulalia\/wp-json\/wp\/v2\/comments?post=5787"}],"version-history":[{"count":2,"href":"https:\/\/agora.xtec.cat\/ies-santa-eulalia\/wp-json\/wp\/v2\/posts\/5787\/revisions"}],"predecessor-version":[{"id":5853,"href":"https:\/\/agora.xtec.cat\/ies-santa-eulalia\/wp-json\/wp\/v2\/posts\/5787\/revisions\/5853"}],"wp:featuredmedia":[{"embeddable":true,"href":"https:\/\/agora.xtec.cat\/ies-santa-eulalia\/wp-json\/wp\/v2\/media\/5788"}],"wp:attachment":[{"href":"https:\/\/agora.xtec.cat\/ies-santa-eulalia\/wp-json\/wp\/v2\/media?parent=5787"}],"wp:term":[{"taxonomy":"category","embeddable":true,"href":"https:\/\/agora.xtec.cat\/ies-santa-eulalia\/wp-json\/wp\/v2\/categories?post=5787"},{"taxonomy":"post_tag","embeddable":true,"href":"https:\/\/agora.xtec.cat\/ies-santa-eulalia\/wp-json\/wp\/v2\/tags?post=5787"}],"curies":[{"name":"wp","href":"https:\/\/api.w.org\/{rel}","templated":true}]}}