{"id":5780,"date":"2020-01-20T08:40:20","date_gmt":"2020-01-20T07:40:20","guid":{"rendered":"http:\/\/agora.xtec.cat\/ies-santa-eulalia\/?p=5780"},"modified":"2020-01-29T10:47:52","modified_gmt":"2020-01-29T09:47:52","slug":"nova-sessio-de-lescola-de-families-28-gen","status":"publish","type":"post","link":"https:\/\/agora.xtec.cat\/ies-santa-eulalia\/general\/nova-sessio-de-lescola-de-families-28-gen\/","title":{"rendered":"Nova sessi\u00f3 de l&#8217;escola de fam\u00edlies 28 GEN"},"content":{"rendered":"<p>Arriba la primera sessio de l&#8217;escola de fam\u00edlies del 2020.<a href=\"https:\/\/agora.xtec.cat\/ies-santa-eulalia\/wp-content\/uploads\/usu1612\/2020\/01\/efamgen.png\"><img loading=\"lazy\" decoding=\"async\" class=\"wp-image-5782 alignright\" src=\"https:\/\/agora.xtec.cat\/ies-santa-eulalia\/wp-content\/uploads\/usu1612\/2020\/01\/efamgen-235x300.png\" alt=\"\" width=\"379\" height=\"484\" srcset=\"https:\/\/agora.xtec.cat\/ies-santa-eulalia\/wp-content\/uploads\/usu1612\/2020\/01\/efamgen-235x300.png 235w, https:\/\/agora.xtec.cat\/ies-santa-eulalia\/wp-content\/uploads\/usu1612\/2020\/01\/efamgen.png 425w\" sizes=\"auto, (max-width: 379px) 100vw, 379px\" \/><\/a><\/p>\n<p>El dimarts 28 de Gener, d&#8217;aqu\u00ed a poc, podreu assistir a una nova jornada on parlarem dels tipus d&#8217;adolescents, donant continu\u00eftat a un tema que ja hav\u00edem tractat anteriorment i que va engrescar molt als assistents. Encara est\u00e0s a temps si vols con\u00e8ixer millor com \u00e9s el teu fill i entendre el seu comportament en aquesta etapa de la vida.<\/p>\n<p>Ens trobem a la biblioteca de l&#8217;institut a les 18:30h!<\/p>\n<p>&nbsp;<\/p>\n","protected":false},"excerpt":{"rendered":"<p>Arriba la primera sessio de l&#8217;escola de fam\u00edlies del 2020.<a href=\"https:\/\/agora.xtec.cat\/ies-santa-eulalia\/wp-content\/uploads\/usu1612\/2020\/01\/efamgen.png\"><\/a><br \/>\nEl dimarts 28 de Gener, d&#8217;aqu\u00ed a poc, podreu assistir a una nova jornada on parlarem dels tipus d&#8217;adolescents, donant continu\u00eftat a un tema que ja hav\u00edem tractat anteriorment i que va engrescar molt als&hellip;  <a href=\"https:\/\/agora.xtec.cat\/ies-santa-eulalia\/general\/nova-sessio-de-lescola-de-families-28-gen\/\" title=\"Read Nova sessi\u00f3 de l&#8217;escola de fam\u00edlies 28 GEN\">Llegeix m\u00e9s\u00bb<\/a><\/p>\n","protected":false},"author":1,"featured_media":5782,"comment_status":"open","ping_status":"closed","sticky":false,"template":"","format":"standard","meta":{"_bbp_topic_count":0,"_bbp_reply_count":0,"_bbp_total_topic_count":0,"_bbp_total_reply_count":0,"_bbp_voice_count":0,"_bbp_anonymous_reply_count":0,"_bbp_topic_count_hidden":0,"_bbp_reply_count_hidden":0,"_bbp_forum_subforum_count":0,"footnotes":""},"categories":[8,3,1,29],"tags":[],"class_list":["post-5780","post","type-post","status-publish","format-standard","has-post-thumbnail","hentry","category-batxillerat","category-eso","category-general","category-portada"],"post_mailing_queue_ids":[],"_links":{"self":[{"href":"https:\/\/agora.xtec.cat\/ies-santa-eulalia\/wp-json\/wp\/v2\/posts\/5780","targetHints":{"allow":["GET"]}}],"collection":[{"href":"https:\/\/agora.xtec.cat\/ies-santa-eulalia\/wp-json\/wp\/v2\/posts"}],"about":[{"href":"https:\/\/agora.xtec.cat\/ies-santa-eulalia\/wp-json\/wp\/v2\/types\/post"}],"author":[{"embeddable":true,"href":"https:\/\/agora.xtec.cat\/ies-santa-eulalia\/wp-json\/wp\/v2\/users\/1"}],"replies":[{"embeddable":true,"href":"https:\/\/agora.xtec.cat\/ies-santa-eulalia\/wp-json\/wp\/v2\/comments?post=5780"}],"version-history":[{"count":1,"href":"https:\/\/agora.xtec.cat\/ies-santa-eulalia\/wp-json\/wp\/v2\/posts\/5780\/revisions"}],"predecessor-version":[{"id":5783,"href":"https:\/\/agora.xtec.cat\/ies-santa-eulalia\/wp-json\/wp\/v2\/posts\/5780\/revisions\/5783"}],"wp:featuredmedia":[{"embeddable":true,"href":"https:\/\/agora.xtec.cat\/ies-santa-eulalia\/wp-json\/wp\/v2\/media\/5782"}],"wp:attachment":[{"href":"https:\/\/agora.xtec.cat\/ies-santa-eulalia\/wp-json\/wp\/v2\/media?parent=5780"}],"wp:term":[{"taxonomy":"category","embeddable":true,"href":"https:\/\/agora.xtec.cat\/ies-santa-eulalia\/wp-json\/wp\/v2\/categories?post=5780"},{"taxonomy":"post_tag","embeddable":true,"href":"https:\/\/agora.xtec.cat\/ies-santa-eulalia\/wp-json\/wp\/v2\/tags?post=5780"}],"curies":[{"name":"wp","href":"https:\/\/api.w.org\/{rel}","templated":true}]}}