{"id":5706,"date":"2020-01-08T10:42:40","date_gmt":"2020-01-08T09:42:40","guid":{"rendered":"http:\/\/agora.xtec.cat\/ies-santa-eulalia\/?p=5706"},"modified":"2020-01-23T12:16:27","modified_gmt":"2020-01-23T11:16:27","slug":"concurs-de-fotografia-matematica","status":"publish","type":"post","link":"https:\/\/agora.xtec.cat\/ies-santa-eulalia\/general\/concurs-de-fotografia-matematica\/","title":{"rendered":"Concurs de Fotografia Matem\u00e0tica"},"content":{"rendered":"<p style=\"text-align: center;\"><img loading=\"lazy\" decoding=\"async\" class=\"alignnone size-medium wp-image-5744\" src=\"https:\/\/agora.xtec.cat\/ies-santa-eulalia\/wp-content\/uploads\/usu1612\/2020\/01\/Poster_Foto_Web-300x241.jpg\" alt=\"\" width=\"300\" height=\"241\" srcset=\"https:\/\/agora.xtec.cat\/ies-santa-eulalia\/wp-content\/uploads\/usu1612\/2020\/01\/Poster_Foto_Web-300x241.jpg 300w, https:\/\/agora.xtec.cat\/ies-santa-eulalia\/wp-content\/uploads\/usu1612\/2020\/01\/Poster_Foto_Web-768x616.jpg 768w, https:\/\/agora.xtec.cat\/ies-santa-eulalia\/wp-content\/uploads\/usu1612\/2020\/01\/Poster_Foto_Web.jpg 963w\" sizes=\"auto, (max-width: 300px) 100vw, 300px\" \/><\/p>\n<p>Aquest curs tornem a recuperar un dels concursos m\u00e9s engrescadors&#8230;el <strong>concurs de fotografia matem\u00e0tica<\/strong>!<\/p>\n<p>Per participar-hi, nom\u00e9s cal tenir els ulls ben oberts i quan veieu alguna cosa que us fa pensar en matem\u00e0tiques, agafeu r\u00e0pid el tel\u00e8fon o la camera i guardeu aquella imatge pel concurs. Qualsevol foto pot ser una bona foto matem\u00e0tica, nom\u00e9s cal trobar un bon t\u00edtol matem\u00e0tic, ja que la nostra vida est\u00e0 m\u00e9s plena de matem\u00e0tiques del que pensem.<\/p>\n<p>Podran participar en el concurs tant alumnes com professorat i PAS, en quatre nivells diferents<\/p>\n<ul>\n<li>Nivell ESO12 ( 1r cicle): 1r i 2n d\u2019ESO<\/li>\n<li>Nivell ESO34 ( 2n cicle): 3r i 4t d\u2019ESO<\/li>\n<li>Nivell ESPO: batxillerat<\/li>\n<li>Nivell professorat: professorat i PAS<\/li>\n<\/ul>\n<p>Cal tenir en compte les seg\u00fcents normes per participar:<\/p>\n<ul>\n<li><em>Les fotografies han de ser fetes pels participants, no es poden fer fotomuntatges i cal que les fotos siguin originals.<\/em><\/li>\n<li><em>Cada foto haur\u00e0 de dur un t\u00edtol que faci refer\u00e8ncia, d\u2019alguna manera, al contingut matem\u00e0tic de l\u2019obra, amb gr\u00e0cia i originalitat.<\/em><\/li>\n<li><em>\u00a0Les fotografies s&#8217;hauran d&#8217;enviar en format JPG a l&#8217;adre\u00e7a electr\u00f2nica:\u00a0 <a href=\"mailto:fotografiamatematica@institutsantaeulalia.cat\"><strong>fotografiamatematica@institutsantaeulalia.cat<\/strong><\/a><\/em><\/li>\n<li><em>Si la imatge \u00e9s molt gran i el servidor de correu no us permet fer l&#8217;enviament, podeu fer servir algun programa com ara <strong><a href=\"https:\/\/compressjpeg.com\/\">https:\/\/compressjpeg.com\/<\/a><\/strong><\/em><\/li>\n<li><em><span style=\"font-family: inherit; font-size: 1em;\">En el mateix correu s\u2019ha de fer constar el t\u00edtol de la fotografia, el nom de l\u2019autor i el nivell al qu\u00e8 es participa.<\/span><\/em><\/li>\n<li><em>La data l\u00edmit de recepci\u00f3 de les fotografies ser\u00e0 el 29 de mar\u00e7 del 2020.<\/em><\/li>\n<li><em>Els premis de les fotos guanyadores es lliuraran el dia de celebraci\u00f3 de Sant Jordi a l&#8217;Institut, el 23 d&#8217;abril de 2020.<\/em><\/li>\n<li><em>Els participants cedeixen els drets de publicaci\u00f3 de les fotografies participants a l\u2019Institut.<\/em><\/li>\n<\/ul>\n<p>Podeu trobar informaci\u00f3 i exemples d&#8217;anys anteriors a la p\u00e0gina:<\/p>\n<p style=\"text-align: center;\"><a href=\"https:\/\/fotografiamatematica.cat\/category\/fotografies-matematiques\/\">https:\/\/fotografiamatematica.cat\/category\/fotografies-matematiques\/<\/a><\/p>\n","protected":false},"excerpt":{"rendered":"<p>Aquest curs tornem a recuperar un dels concursos m\u00e9s engrescadors&#8230;el concurs de fotografia matem\u00e0tica!<br \/>\nPer participar-hi, nom\u00e9s cal tenir els ulls ben oberts i quan veieu alguna cosa que us fa pensar en matem\u00e0tiques, agafeu r\u00e0pid el tel\u00e8fon o la camera i guardeu aquella imatge pel&hellip;  <a href=\"https:\/\/agora.xtec.cat\/ies-santa-eulalia\/general\/concurs-de-fotografia-matematica\/\" title=\"Read Concurs de Fotografia Matem\u00e0tica\">Llegeix m\u00e9s\u00bb<\/a><\/p>\n","protected":false},"author":1,"featured_media":5717,"comment_status":"open","ping_status":"closed","sticky":false,"template":"","format":"standard","meta":{"_bbp_topic_count":0,"_bbp_reply_count":0,"_bbp_total_topic_count":0,"_bbp_total_reply_count":0,"_bbp_voice_count":0,"_bbp_anonymous_reply_count":0,"_bbp_topic_count_hidden":0,"_bbp_reply_count_hidden":0,"_bbp_forum_subforum_count":0,"footnotes":""},"categories":[1,29],"tags":[],"class_list":["post-5706","post","type-post","status-publish","format-standard","has-post-thumbnail","hentry","category-general","category-portada"],"post_mailing_queue_ids":[],"_links":{"self":[{"href":"https:\/\/agora.xtec.cat\/ies-santa-eulalia\/wp-json\/wp\/v2\/posts\/5706","targetHints":{"allow":["GET"]}}],"collection":[{"href":"https:\/\/agora.xtec.cat\/ies-santa-eulalia\/wp-json\/wp\/v2\/posts"}],"about":[{"href":"https:\/\/agora.xtec.cat\/ies-santa-eulalia\/wp-json\/wp\/v2\/types\/post"}],"author":[{"embeddable":true,"href":"https:\/\/agora.xtec.cat\/ies-santa-eulalia\/wp-json\/wp\/v2\/users\/1"}],"replies":[{"embeddable":true,"href":"https:\/\/agora.xtec.cat\/ies-santa-eulalia\/wp-json\/wp\/v2\/comments?post=5706"}],"version-history":[{"count":3,"href":"https:\/\/agora.xtec.cat\/ies-santa-eulalia\/wp-json\/wp\/v2\/posts\/5706\/revisions"}],"predecessor-version":[{"id":5813,"href":"https:\/\/agora.xtec.cat\/ies-santa-eulalia\/wp-json\/wp\/v2\/posts\/5706\/revisions\/5813"}],"wp:featuredmedia":[{"embeddable":true,"href":"https:\/\/agora.xtec.cat\/ies-santa-eulalia\/wp-json\/wp\/v2\/media\/5717"}],"wp:attachment":[{"href":"https:\/\/agora.xtec.cat\/ies-santa-eulalia\/wp-json\/wp\/v2\/media?parent=5706"}],"wp:term":[{"taxonomy":"category","embeddable":true,"href":"https:\/\/agora.xtec.cat\/ies-santa-eulalia\/wp-json\/wp\/v2\/categories?post=5706"},{"taxonomy":"post_tag","embeddable":true,"href":"https:\/\/agora.xtec.cat\/ies-santa-eulalia\/wp-json\/wp\/v2\/tags?post=5706"}],"curies":[{"name":"wp","href":"https:\/\/api.w.org\/{rel}","templated":true}]}}