{"id":5526,"date":"2019-12-04T11:11:21","date_gmt":"2019-12-04T10:11:21","guid":{"rendered":"http:\/\/agora.xtec.cat\/ies-santa-eulalia\/?p=5526"},"modified":"2019-12-04T11:15:01","modified_gmt":"2019-12-04T10:15:01","slug":"dia-universal-de-la-infancia","status":"publish","type":"post","link":"https:\/\/agora.xtec.cat\/ies-santa-eulalia\/general\/dia-universal-de-la-infancia\/","title":{"rendered":"DIA UNIVERSAL DE LA INF\u00c0NCIA"},"content":{"rendered":"<p>Per celebrar el<strong> dia Universal de la inf\u00e0ncia<\/strong>, que aquest any commemora el 30\u00e8 aniversari de la Convenci\u00f3 sobre els Drets de l&#8217;Infant, alguns alumnes de 1r d&#8217;ESO vam anar al Parlament de Catalunya per a celebrar-lo.<br \/>\nAll\u00e0 ens va rebre el president Roger Torrent i, amb la pres\u00e8ncia d&#8217;altres escoles i instituts de Catalunya, li vam fer preguntes sobre els temes que, com a nens ens preocupen i sobres ituacions que vulneren els nostres Drets.<br \/>\nVa ser una jornada molt enriquidora i amena, dirigida pel nostre company de 1rC Nicol\u00e0s Miralles com a mestre de cerim\u00f2nies.<\/p>\n<p><a href=\"https:\/\/agora.xtec.cat\/ies-santa-eulalia\/wp-content\/uploads\/usu1612\/2019\/12\/Foto-Fam\u00edlia1_Easy-Resize.com1_.jpg\"><img loading=\"lazy\" decoding=\"async\" class=\"alignnone size-large wp-image-5561\" src=\"https:\/\/agora.xtec.cat\/ies-santa-eulalia\/wp-content\/uploads\/usu1612\/2019\/12\/Foto-Fam\u00edlia1_Easy-Resize.com1_-1024x577.jpg\" alt=\"\" width=\"1024\" height=\"577\" srcset=\"https:\/\/agora.xtec.cat\/ies-santa-eulalia\/wp-content\/uploads\/usu1612\/2019\/12\/Foto-Fam\u00edlia1_Easy-Resize.com1_-1024x577.jpg 1024w, https:\/\/agora.xtec.cat\/ies-santa-eulalia\/wp-content\/uploads\/usu1612\/2019\/12\/Foto-Fam\u00edlia1_Easy-Resize.com1_-300x169.jpg 300w, https:\/\/agora.xtec.cat\/ies-santa-eulalia\/wp-content\/uploads\/usu1612\/2019\/12\/Foto-Fam\u00edlia1_Easy-Resize.com1_-768x433.jpg 768w, https:\/\/agora.xtec.cat\/ies-santa-eulalia\/wp-content\/uploads\/usu1612\/2019\/12\/Foto-Fam\u00edlia1_Easy-Resize.com1_.jpg 1280w\" sizes=\"auto, (max-width: 1024px) 100vw, 1024px\" \/><\/a> <a href=\"https:\/\/agora.xtec.cat\/ies-santa-eulalia\/wp-content\/uploads\/usu1612\/2019\/12\/20191120_114224_Easy-Resize.com_.jpg\"><img loading=\"lazy\" decoding=\"async\" class=\"alignnone size-large wp-image-5560\" src=\"https:\/\/agora.xtec.cat\/ies-santa-eulalia\/wp-content\/uploads\/usu1612\/2019\/12\/20191120_114224_Easy-Resize.com_-1024x498.jpg\" alt=\"\" width=\"1024\" height=\"498\" srcset=\"https:\/\/agora.xtec.cat\/ies-santa-eulalia\/wp-content\/uploads\/usu1612\/2019\/12\/20191120_114224_Easy-Resize.com_-1024x498.jpg 1024w, https:\/\/agora.xtec.cat\/ies-santa-eulalia\/wp-content\/uploads\/usu1612\/2019\/12\/20191120_114224_Easy-Resize.com_-300x146.jpg 300w, https:\/\/agora.xtec.cat\/ies-santa-eulalia\/wp-content\/uploads\/usu1612\/2019\/12\/20191120_114224_Easy-Resize.com_-768x373.jpg 768w, https:\/\/agora.xtec.cat\/ies-santa-eulalia\/wp-content\/uploads\/usu1612\/2019\/12\/20191120_114224_Easy-Resize.com_.jpg 1280w\" sizes=\"auto, (max-width: 1024px) 100vw, 1024px\" \/><\/a> <a href=\"https:\/\/agora.xtec.cat\/ies-santa-eulalia\/wp-content\/uploads\/usu1612\/2019\/12\/20191120_115504_Easy-Resize.com1_.jpg\"><img loading=\"lazy\" decoding=\"async\" class=\"alignnone size-large wp-image-5562\" src=\"https:\/\/agora.xtec.cat\/ies-santa-eulalia\/wp-content\/uploads\/usu1612\/2019\/12\/20191120_115504_Easy-Resize.com1_-1024x498.jpg\" alt=\"\" width=\"1024\" height=\"498\" srcset=\"https:\/\/agora.xtec.cat\/ies-santa-eulalia\/wp-content\/uploads\/usu1612\/2019\/12\/20191120_115504_Easy-Resize.com1_-1024x498.jpg 1024w, https:\/\/agora.xtec.cat\/ies-santa-eulalia\/wp-content\/uploads\/usu1612\/2019\/12\/20191120_115504_Easy-Resize.com1_-300x146.jpg 300w, https:\/\/agora.xtec.cat\/ies-santa-eulalia\/wp-content\/uploads\/usu1612\/2019\/12\/20191120_115504_Easy-Resize.com1_-768x373.jpg 768w, https:\/\/agora.xtec.cat\/ies-santa-eulalia\/wp-content\/uploads\/usu1612\/2019\/12\/20191120_115504_Easy-Resize.com1_.jpg 1280w\" sizes=\"auto, (max-width: 1024px) 100vw, 1024px\" \/><\/a> <a href=\"https:\/\/agora.xtec.cat\/ies-santa-eulalia\/wp-content\/uploads\/usu1612\/2019\/12\/20191120_120939_Easy-Resize.com_.jpg\"><img loading=\"lazy\" decoding=\"async\" class=\"alignnone size-large wp-image-5563\" src=\"https:\/\/agora.xtec.cat\/ies-santa-eulalia\/wp-content\/uploads\/usu1612\/2019\/12\/20191120_120939_Easy-Resize.com_-1024x498.jpg\" alt=\"\" width=\"1024\" height=\"498\" srcset=\"https:\/\/agora.xtec.cat\/ies-santa-eulalia\/wp-content\/uploads\/usu1612\/2019\/12\/20191120_120939_Easy-Resize.com_-1024x498.jpg 1024w, https:\/\/agora.xtec.cat\/ies-santa-eulalia\/wp-content\/uploads\/usu1612\/2019\/12\/20191120_120939_Easy-Resize.com_-300x146.jpg 300w, https:\/\/agora.xtec.cat\/ies-santa-eulalia\/wp-content\/uploads\/usu1612\/2019\/12\/20191120_120939_Easy-Resize.com_-768x373.jpg 768w, https:\/\/agora.xtec.cat\/ies-santa-eulalia\/wp-content\/uploads\/usu1612\/2019\/12\/20191120_120939_Easy-Resize.com_.jpg 1280w\" sizes=\"auto, (max-width: 1024px) 100vw, 1024px\" \/><\/a> <a href=\"https:\/\/agora.xtec.cat\/ies-santa-eulalia\/wp-content\/uploads\/usu1612\/2019\/12\/20191120_123445_Easy-Resize.com_.jpg\"><img loading=\"lazy\" decoding=\"async\" class=\"alignnone size-large wp-image-5565\" src=\"https:\/\/agora.xtec.cat\/ies-santa-eulalia\/wp-content\/uploads\/usu1612\/2019\/12\/20191120_123445_Easy-Resize.com_-498x1024.jpg\" alt=\"\" width=\"498\" height=\"1024\" srcset=\"https:\/\/agora.xtec.cat\/ies-santa-eulalia\/wp-content\/uploads\/usu1612\/2019\/12\/20191120_123445_Easy-Resize.com_-498x1024.jpg 498w, https:\/\/agora.xtec.cat\/ies-santa-eulalia\/wp-content\/uploads\/usu1612\/2019\/12\/20191120_123445_Easy-Resize.com_-146x300.jpg 146w, https:\/\/agora.xtec.cat\/ies-santa-eulalia\/wp-content\/uploads\/usu1612\/2019\/12\/20191120_123445_Easy-Resize.com_.jpg 622w\" sizes=\"auto, (max-width: 498px) 100vw, 498px\" \/><\/a><a href=\"https:\/\/agora.xtec.cat\/ies-santa-eulalia\/wp-content\/uploads\/usu1612\/2019\/12\/20191120_114200_Easy-Resize.com_.jpg\"><img loading=\"lazy\" decoding=\"async\" class=\"alignnone size-large wp-image-5559\" src=\"https:\/\/agora.xtec.cat\/ies-santa-eulalia\/wp-content\/uploads\/usu1612\/2019\/12\/20191120_114200_Easy-Resize.com_-498x1024.jpg\" alt=\"\" width=\"498\" height=\"1024\" srcset=\"https:\/\/agora.xtec.cat\/ies-santa-eulalia\/wp-content\/uploads\/usu1612\/2019\/12\/20191120_114200_Easy-Resize.com_-498x1024.jpg 498w, https:\/\/agora.xtec.cat\/ies-santa-eulalia\/wp-content\/uploads\/usu1612\/2019\/12\/20191120_114200_Easy-Resize.com_-146x300.jpg 146w, https:\/\/agora.xtec.cat\/ies-santa-eulalia\/wp-content\/uploads\/usu1612\/2019\/12\/20191120_114200_Easy-Resize.com_.jpg 622w\" sizes=\"auto, (max-width: 498px) 100vw, 498px\" \/><\/a><\/p>\n","protected":false},"excerpt":{"rendered":"<p>Per celebrar el dia Universal de la inf\u00e0ncia, que aquest any commemora el 30\u00e8 aniversari de la Convenci\u00f3 sobre els Drets de l&#8217;Infant, alguns alumnes de 1r d&#8217;ESO vam anar al Parlament de Catalunya per a celebrar-lo.<br \/>\nAll\u00e0 ens va rebre el president Roger Torrent i,&hellip;  <a href=\"https:\/\/agora.xtec.cat\/ies-santa-eulalia\/general\/dia-universal-de-la-infancia\/\" title=\"Read DIA UNIVERSAL DE LA INF\u00c0NCIA\">Llegeix m\u00e9s\u00bb<\/a><\/p>\n","protected":false},"author":1,"featured_media":5561,"comment_status":"open","ping_status":"closed","sticky":false,"template":"","format":"standard","meta":{"_bbp_topic_count":0,"_bbp_reply_count":0,"_bbp_total_topic_count":0,"_bbp_total_reply_count":0,"_bbp_voice_count":0,"_bbp_anonymous_reply_count":0,"_bbp_topic_count_hidden":0,"_bbp_reply_count_hidden":0,"_bbp_forum_subforum_count":0,"footnotes":""},"categories":[3,1,29],"tags":[],"class_list":["post-5526","post","type-post","status-publish","format-standard","has-post-thumbnail","hentry","category-eso","category-general","category-portada"],"post_mailing_queue_ids":[],"_links":{"self":[{"href":"https:\/\/agora.xtec.cat\/ies-santa-eulalia\/wp-json\/wp\/v2\/posts\/5526","targetHints":{"allow":["GET"]}}],"collection":[{"href":"https:\/\/agora.xtec.cat\/ies-santa-eulalia\/wp-json\/wp\/v2\/posts"}],"about":[{"href":"https:\/\/agora.xtec.cat\/ies-santa-eulalia\/wp-json\/wp\/v2\/types\/post"}],"author":[{"embeddable":true,"href":"https:\/\/agora.xtec.cat\/ies-santa-eulalia\/wp-json\/wp\/v2\/users\/1"}],"replies":[{"embeddable":true,"href":"https:\/\/agora.xtec.cat\/ies-santa-eulalia\/wp-json\/wp\/v2\/comments?post=5526"}],"version-history":[{"count":2,"href":"https:\/\/agora.xtec.cat\/ies-santa-eulalia\/wp-json\/wp\/v2\/posts\/5526\/revisions"}],"predecessor-version":[{"id":5577,"href":"https:\/\/agora.xtec.cat\/ies-santa-eulalia\/wp-json\/wp\/v2\/posts\/5526\/revisions\/5577"}],"wp:featuredmedia":[{"embeddable":true,"href":"https:\/\/agora.xtec.cat\/ies-santa-eulalia\/wp-json\/wp\/v2\/media\/5561"}],"wp:attachment":[{"href":"https:\/\/agora.xtec.cat\/ies-santa-eulalia\/wp-json\/wp\/v2\/media?parent=5526"}],"wp:term":[{"taxonomy":"category","embeddable":true,"href":"https:\/\/agora.xtec.cat\/ies-santa-eulalia\/wp-json\/wp\/v2\/categories?post=5526"},{"taxonomy":"post_tag","embeddable":true,"href":"https:\/\/agora.xtec.cat\/ies-santa-eulalia\/wp-json\/wp\/v2\/tags?post=5526"}],"curies":[{"name":"wp","href":"https:\/\/api.w.org\/{rel}","templated":true}]}}