{"id":5525,"date":"2019-12-04T10:47:39","date_gmt":"2019-12-04T09:47:39","guid":{"rendered":"http:\/\/agora.xtec.cat\/ies-santa-eulalia\/?p=5525"},"modified":"2019-12-11T11:09:40","modified_gmt":"2019-12-11T10:09:40","slug":"lescola-de-families-continua","status":"publish","type":"post","link":"https:\/\/agora.xtec.cat\/ies-santa-eulalia\/general\/lescola-de-families-continua\/","title":{"rendered":"L&#8217;escola de fam\u00edlies continua!"},"content":{"rendered":"<p><img loading=\"lazy\" decoding=\"async\" class=\"size-full wp-image-5528 alignright\" src=\"https:\/\/agora.xtec.cat\/ies-santa-eulalia\/wp-content\/uploads\/usu1612\/2019\/12\/escolafamilies1-3.png\" alt=\"\" width=\"398\" height=\"546\" srcset=\"https:\/\/agora.xtec.cat\/ies-santa-eulalia\/wp-content\/uploads\/usu1612\/2019\/12\/escolafamilies1-3.png 398w, https:\/\/agora.xtec.cat\/ies-santa-eulalia\/wp-content\/uploads\/usu1612\/2019\/12\/escolafamilies1-3-219x300.png 219w\" sizes=\"auto, (max-width: 398px) 100vw, 398px\" \/><\/p>\n<p>El proper dia 10 de desembre tindr\u00e0 lloc una nova sessi\u00f3 de l&#8217;escola de fam\u00edlies.<\/p>\n<p>Els participants de la darrera sessi\u00f3 la van trobar molt profitosa i van sortir encantats. No desaprofiteu l&#8217;ocasi\u00f3 de venir i veure com va, tindreu informaci\u00f3 ben interessant a la vostra disposici\u00f3 sobre els trastorns alimentaris a l&#8217;adolesc\u00e8ncia.<\/p>\n<p>Us hi esperem!!!<\/p>\n","protected":false},"excerpt":{"rendered":"<p>El proper dia 10 de desembre tindr\u00e0 lloc una nova sessi\u00f3 de l&#8217;escola de fam\u00edlies.<br \/>\nEls participants de la darrera sessi\u00f3 la van trobar molt profitosa i van sortir encantats. No desaprofiteu l&#8217;ocasi\u00f3 de venir i veure com va, tindreu informaci\u00f3 ben interessant a la vostra&hellip;  <a href=\"https:\/\/agora.xtec.cat\/ies-santa-eulalia\/general\/lescola-de-families-continua\/\" title=\"Read L&#8217;escola de fam\u00edlies continua!\">Llegeix m\u00e9s\u00bb<\/a><\/p>\n","protected":false},"author":1,"featured_media":5528,"comment_status":"open","ping_status":"closed","sticky":false,"template":"","format":"standard","meta":{"_bbp_topic_count":0,"_bbp_reply_count":0,"_bbp_total_topic_count":0,"_bbp_total_reply_count":0,"_bbp_voice_count":0,"_bbp_anonymous_reply_count":0,"_bbp_topic_count_hidden":0,"_bbp_reply_count_hidden":0,"_bbp_forum_subforum_count":0,"footnotes":""},"categories":[8,3,1,29],"tags":[],"class_list":["post-5525","post","type-post","status-publish","format-standard","has-post-thumbnail","hentry","category-batxillerat","category-eso","category-general","category-portada"],"post_mailing_queue_ids":[],"_links":{"self":[{"href":"https:\/\/agora.xtec.cat\/ies-santa-eulalia\/wp-json\/wp\/v2\/posts\/5525","targetHints":{"allow":["GET"]}}],"collection":[{"href":"https:\/\/agora.xtec.cat\/ies-santa-eulalia\/wp-json\/wp\/v2\/posts"}],"about":[{"href":"https:\/\/agora.xtec.cat\/ies-santa-eulalia\/wp-json\/wp\/v2\/types\/post"}],"author":[{"embeddable":true,"href":"https:\/\/agora.xtec.cat\/ies-santa-eulalia\/wp-json\/wp\/v2\/users\/1"}],"replies":[{"embeddable":true,"href":"https:\/\/agora.xtec.cat\/ies-santa-eulalia\/wp-json\/wp\/v2\/comments?post=5525"}],"version-history":[{"count":3,"href":"https:\/\/agora.xtec.cat\/ies-santa-eulalia\/wp-json\/wp\/v2\/posts\/5525\/revisions"}],"predecessor-version":[{"id":5564,"href":"https:\/\/agora.xtec.cat\/ies-santa-eulalia\/wp-json\/wp\/v2\/posts\/5525\/revisions\/5564"}],"wp:featuredmedia":[{"embeddable":true,"href":"https:\/\/agora.xtec.cat\/ies-santa-eulalia\/wp-json\/wp\/v2\/media\/5528"}],"wp:attachment":[{"href":"https:\/\/agora.xtec.cat\/ies-santa-eulalia\/wp-json\/wp\/v2\/media?parent=5525"}],"wp:term":[{"taxonomy":"category","embeddable":true,"href":"https:\/\/agora.xtec.cat\/ies-santa-eulalia\/wp-json\/wp\/v2\/categories?post=5525"},{"taxonomy":"post_tag","embeddable":true,"href":"https:\/\/agora.xtec.cat\/ies-santa-eulalia\/wp-json\/wp\/v2\/tags?post=5525"}],"curies":[{"name":"wp","href":"https:\/\/api.w.org\/{rel}","templated":true}]}}