{"id":5469,"date":"2019-11-27T11:10:57","date_gmt":"2019-11-27T10:10:57","guid":{"rendered":"http:\/\/agora.xtec.cat\/ies-santa-eulalia\/?p=5469"},"modified":"2019-11-27T11:18:22","modified_gmt":"2019-11-27T10:18:22","slug":"dones-i-ciencia","status":"publish","type":"post","link":"https:\/\/agora.xtec.cat\/ies-santa-eulalia\/general\/dones-i-ciencia\/","title":{"rendered":"DONES I CI\u00c8NCIA"},"content":{"rendered":"<p style=\"text-align: left;\"><a href=\"https:\/\/agora.xtec.cat\/ies-santa-eulalia\/wp-content\/uploads\/usu1612\/2019\/11\/EXPOSICI\u00d3N-BAIXA_-1.jpg\">\u00a0<\/a><\/p>\n<table style=\"height: 733px;\" width=\"1070\">\n<tbody>\n<tr>\n<td style=\"width: 580.217px;\"><a href=\"https:\/\/agora.xtec.cat\/ies-santa-eulalia\/wp-content\/uploads\/usu1612\/2019\/11\/EXPOSICI\u00d3N-BAIXA_-1.jpg\">Aprofitant i per tancar la setmana de la ci\u00e8ncia <span class=\"hiddenGrammarError\">hem<\/span> muntat l&#8217;exposici\u00f3 Dones que van canviar el m\u00f3n. \u00c9s una exposici\u00f3elaborada <span class=\"hiddenGrammarError\">a trav\u00e8s<\/span> del projecte Ci\u00e8ncia i Tecnologia en Femen\u00edde l&#8217;Associaci\u00f3 de Parc Cient\u00edfics i Tecnol\u00f2gics (APTE). Es tracta de 10 <span class=\"hiddenGrammarError\">roll<\/span>&#8211;<span class=\"hiddenSpellError\">ups on<\/span> es destaquen dones que han marcat l&#8217;aven\u00e7 de la ci\u00e8ncia i la tecnologia alllarg de la hist\u00f2riai et convidem a mirar-la i gaudir-la. Aqu\u00ed us compartim unes poques imatges<\/a><\/td>\n<td style=\"width: 482.183px;\"><a href=\"https:\/\/agora.xtec.cat\/ies-santa-eulalia\/wp-content\/uploads\/usu1612\/2019\/11\/EXPOSICI\u00d3N-BAIXA_-1.jpg\"><img loading=\"lazy\" decoding=\"async\" class=\"wp-image-5475 alignright\" src=\"https:\/\/agora.xtec.cat\/ies-santa-eulalia\/wp-content\/uploads\/usu1612\/2019\/11\/EXPOSICI\u00d3N-BAIXA_-1-514x1024.jpg\" alt=\"\" width=\"330\" height=\"657\" srcset=\"https:\/\/agora.xtec.cat\/ies-santa-eulalia\/wp-content\/uploads\/usu1612\/2019\/11\/EXPOSICI\u00d3N-BAIXA_-1-514x1024.jpg 514w, https:\/\/agora.xtec.cat\/ies-santa-eulalia\/wp-content\/uploads\/usu1612\/2019\/11\/EXPOSICI\u00d3N-BAIXA_-1-151x300.jpg 151w, https:\/\/agora.xtec.cat\/ies-santa-eulalia\/wp-content\/uploads\/usu1612\/2019\/11\/EXPOSICI\u00d3N-BAIXA_-1-768x1529.jpg 768w, https:\/\/agora.xtec.cat\/ies-santa-eulalia\/wp-content\/uploads\/usu1612\/2019\/11\/EXPOSICI\u00d3N-BAIXA_-1.jpg 890w\" sizes=\"auto, (max-width: 330px) 100vw, 330px\" \/><\/a><\/td>\n<\/tr>\n<\/tbody>\n<\/table>\n<p style=\"text-align: left;\">\n<p style=\"text-align: left;\">\n","protected":false},"excerpt":{"rendered":"<p><a href=\"https:\/\/agora.xtec.cat\/ies-santa-eulalia\/wp-content\/uploads\/usu1612\/2019\/11\/EXPOSICI\u00d3N-BAIXA_-1.jpg\">\u00a0<\/a><\/p>\n<p><a href=\"https:\/\/agora.xtec.cat\/ies-santa-eulalia\/wp-content\/uploads\/usu1612\/2019\/11\/EXPOSICI\u00d3N-BAIXA_-1.jpg\">Aprofitant i per tancar la setmana de la ci\u00e8ncia hem muntat l&#8217;exposici\u00f3 Dones que van canviar el m\u00f3n. \u00c9s una exposici\u00f3elaborada a trav\u00e8s del projecte Ci\u00e8ncia i Tecnologia en Femen\u00edde l&#8217;Associaci\u00f3 de Parc Cient\u00edfics i Tecnol\u00f2gics (APTE). Es tracta de 10 roll&#8211;ups on&hellip;  <a href=\"https:\/\/agora.xtec.cat\/ies-santa-eulalia\/general\/dones-i-ciencia\/\" title=\"Read DONES I CI\u00c8NCIA\">Llegeix m\u00e9s\u00bb<\/a><\/p>\n","protected":false},"author":1,"featured_media":2856,"comment_status":"open","ping_status":"closed","sticky":false,"template":"","format":"standard","meta":{"_bbp_topic_count":0,"_bbp_reply_count":0,"_bbp_total_topic_count":0,"_bbp_total_reply_count":0,"_bbp_voice_count":0,"_bbp_anonymous_reply_count":0,"_bbp_topic_count_hidden":0,"_bbp_reply_count_hidden":0,"_bbp_forum_subforum_count":0,"footnotes":""},"categories":[144,1,29],"tags":[],"class_list":["post-5469","post","type-post","status-publish","format-standard","has-post-thumbnail","hentry","category-novetats-ciencies-naturals","category-general","category-portada"],"post_mailing_queue_ids":[],"_links":{"self":[{"href":"https:\/\/agora.xtec.cat\/ies-santa-eulalia\/wp-json\/wp\/v2\/posts\/5469","targetHints":{"allow":["GET"]}}],"collection":[{"href":"https:\/\/agora.xtec.cat\/ies-santa-eulalia\/wp-json\/wp\/v2\/posts"}],"about":[{"href":"https:\/\/agora.xtec.cat\/ies-santa-eulalia\/wp-json\/wp\/v2\/types\/post"}],"author":[{"embeddable":true,"href":"https:\/\/agora.xtec.cat\/ies-santa-eulalia\/wp-json\/wp\/v2\/users\/1"}],"replies":[{"embeddable":true,"href":"https:\/\/agora.xtec.cat\/ies-santa-eulalia\/wp-json\/wp\/v2\/comments?post=5469"}],"version-history":[{"count":4,"href":"https:\/\/agora.xtec.cat\/ies-santa-eulalia\/wp-json\/wp\/v2\/posts\/5469\/revisions"}],"predecessor-version":[{"id":5509,"href":"https:\/\/agora.xtec.cat\/ies-santa-eulalia\/wp-json\/wp\/v2\/posts\/5469\/revisions\/5509"}],"wp:featuredmedia":[{"embeddable":true,"href":"https:\/\/agora.xtec.cat\/ies-santa-eulalia\/wp-json\/wp\/v2\/media\/2856"}],"wp:attachment":[{"href":"https:\/\/agora.xtec.cat\/ies-santa-eulalia\/wp-json\/wp\/v2\/media?parent=5469"}],"wp:term":[{"taxonomy":"category","embeddable":true,"href":"https:\/\/agora.xtec.cat\/ies-santa-eulalia\/wp-json\/wp\/v2\/categories?post=5469"},{"taxonomy":"post_tag","embeddable":true,"href":"https:\/\/agora.xtec.cat\/ies-santa-eulalia\/wp-json\/wp\/v2\/tags?post=5469"}],"curies":[{"name":"wp","href":"https:\/\/api.w.org\/{rel}","templated":true}]}}