{"id":5451,"date":"2019-11-29T14:33:28","date_gmt":"2019-11-29T13:33:28","guid":{"rendered":"http:\/\/agora.xtec.cat\/ies-santa-eulalia\/?p=5451"},"modified":"2019-11-29T14:33:28","modified_gmt":"2019-11-29T13:33:28","slug":"tanquem-la-setmana-de-la-ciencia-scise19","status":"publish","type":"post","link":"https:\/\/agora.xtec.cat\/ies-santa-eulalia\/general\/tanquem-la-setmana-de-la-ciencia-scise19\/","title":{"rendered":"Tanquem la Setmana de la Ci\u00e8ncia #SCISE19"},"content":{"rendered":"<p><a href=\"https:\/\/agora.xtec.cat\/ies-santa-eulalia\/wp-content\/uploads\/usu1612\/2019\/11\/P_20191126_094120.jpg\"><img loading=\"lazy\" decoding=\"async\" class=\"aligncenter size-medium wp-image-5512\" src=\"https:\/\/agora.xtec.cat\/ies-santa-eulalia\/wp-content\/uploads\/usu1612\/2019\/11\/P_20191126_094120-300x150.jpg\" alt=\"\" width=\"300\" height=\"150\" srcset=\"https:\/\/agora.xtec.cat\/ies-santa-eulalia\/wp-content\/uploads\/usu1612\/2019\/11\/P_20191126_094120-300x150.jpg 300w, https:\/\/agora.xtec.cat\/ies-santa-eulalia\/wp-content\/uploads\/usu1612\/2019\/11\/P_20191126_094120-768x384.jpg 768w, https:\/\/agora.xtec.cat\/ies-santa-eulalia\/wp-content\/uploads\/usu1612\/2019\/11\/P_20191126_094120-1024x512.jpg 1024w\" sizes=\"auto, (max-width: 300px) 100vw, 300px\" \/><\/a><\/p>\n<p>Al llarg d&#8217;aquestes dues setmanes hem dut a terme diverses activitats al centre, coincidint amb la <i><a href=\"https:\/\/setmanaciencia.fundaciorecerca.cat\" target=\"_blank\" rel=\"noopener noreferrer\" data-saferedirecturl=\"https:\/\/www.google.com\/url?q=https:\/\/setmanaciencia.fundaciorecerca.cat&amp;source=gmail&amp;ust=1574507497541000&amp;usg=AFQjCNHnySihMXhonTCo3QZtEO2TsRe0CQ\"><b>Setmana de la Ci\u00e8ncia<\/b><\/a><\/i>, agrupades a la <i>Setmana de la Ci\u00e8ncia a l&#8217;Institut Santa Eul\u00e0lia<\/i> <b>#SCISE19<\/b>.<\/p>\n<p><a href=\"https:\/\/agora.xtec.cat\/ies-santa-eulalia\/wp-content\/uploads\/usu1612\/2019\/11\/CartellProgramacioSCISE19.jpg\"><img loading=\"lazy\" decoding=\"async\" class=\"aligncenter size-medium wp-image-5517\" src=\"https:\/\/agora.xtec.cat\/ies-santa-eulalia\/wp-content\/uploads\/usu1612\/2019\/11\/CartellProgramacioSCISE19-300x212.jpg\" alt=\"\" width=\"300\" height=\"212\" srcset=\"https:\/\/agora.xtec.cat\/ies-santa-eulalia\/wp-content\/uploads\/usu1612\/2019\/11\/CartellProgramacioSCISE19-300x212.jpg 300w, https:\/\/agora.xtec.cat\/ies-santa-eulalia\/wp-content\/uploads\/usu1612\/2019\/11\/CartellProgramacioSCISE19-768x543.jpg 768w, https:\/\/agora.xtec.cat\/ies-santa-eulalia\/wp-content\/uploads\/usu1612\/2019\/11\/CartellProgramacioSCISE19-1024x724.jpg 1024w, https:\/\/agora.xtec.cat\/ies-santa-eulalia\/wp-content\/uploads\/usu1612\/2019\/11\/CartellProgramacioSCISE19.jpg 1170w\" sizes=\"auto, (max-width: 300px) 100vw, 300px\" \/><\/a><\/p>\n<p>Aquest any les activitats fora del centre s&#8217;han adre\u00e7at b\u00e0sicament a l&#8217;alumnat de 4t d&#8217;ESO i Batxillerat i inclo\u00efen visites a centres de recerca, com el <strong>Parc de Recerca Biom\u00e8dica de Barcelona<\/strong> (PRBB) o l&#8217;<strong>Institut d&#8217;Investigacions Biom\u00e8diques de Barcelona<\/strong> (IIBB), i l&#8217;assist\u00e8ncia a diverses xerrades i tallers com <i>Hackeando la comunicaci\u00f3n bacteriana, y otras cosas que necesitas que te comuniquen sobre la carrera cient\u00edfica (pero todav\u00eda no lo sabes)<\/i>, <i>Criptograf\u00eda: les matem\u00e0tiques de la informaci\u00f3 secreta<\/i>, <i>Parlem de drogues: \u00fas i efectes del c\u00e0nnabis<\/i> o <i>Arteriosclerosis: Colesterol l&#8217;assass\u00ed silenci\u00f3s. <\/i>Tamb\u00e9 ens vam despla\u00e7ar a l&#8217;IEC per dur a terme una trobada amb el Premi d&#8217;Ecologia<em> Ramon Margalef 2019<\/em>, l&#8217;ocean\u00f2graf Carlos Duarte. En aquesta <a href=\"https:\/\/drive.google.com\/drive\/folders\/1SPGUQL_nliiPSQ61v-CaLmhPX5kA9eWQ?usp=sharing\" target=\"_blank\" rel=\"noopener noreferrer\">carpeta<\/a> trobareu un recull d&#8217;imatges de les diverses activitats.<\/p>\n<p><a href=\"https:\/\/agora.xtec.cat\/ies-santa-eulalia\/wp-content\/uploads\/usu1612\/2019\/11\/P_20191114_130154.jpg\"><img loading=\"lazy\" decoding=\"async\" class=\"size-medium wp-image-5518 aligncenter\" src=\"https:\/\/agora.xtec.cat\/ies-santa-eulalia\/wp-content\/uploads\/usu1612\/2019\/11\/P_20191114_130154-150x300.jpg\" alt=\"\" width=\"150\" height=\"300\" srcset=\"https:\/\/agora.xtec.cat\/ies-santa-eulalia\/wp-content\/uploads\/usu1612\/2019\/11\/P_20191114_130154-150x300.jpg 150w, https:\/\/agora.xtec.cat\/ies-santa-eulalia\/wp-content\/uploads\/usu1612\/2019\/11\/P_20191114_130154-768x1536.jpg 768w, https:\/\/agora.xtec.cat\/ies-santa-eulalia\/wp-content\/uploads\/usu1612\/2019\/11\/P_20191114_130154-512x1024.jpg 512w, https:\/\/agora.xtec.cat\/ies-santa-eulalia\/wp-content\/uploads\/usu1612\/2019\/11\/P_20191114_130154.jpg 1024w\" sizes=\"auto, (max-width: 150px) 100vw, 150px\" \/><\/a><\/p>\n<p>Finalment per tancar la SCISE19 al llarg d&#8217;aquesta setmana, als corredors del centre s&#8217;ha ubicat l&#8217;exposici\u00f3 del Parc Cient\u00edfic de Barcelona (PCB) <strong><i>Dones que han canviat el m\u00f3n<\/i><\/strong> on es destaquen dones que han marcat l\u2019aven\u00e7 de la ci\u00e8ncia al llarg de la hist\u00f2ria<\/p>\n<p>A m\u00e9s a m\u00e9s coincidint amb aquests dies tamb\u00e9 s&#8217;ha dut a terme <b><i> <\/i><\/b>al compte d\u2019<i>Instagram <\/i>de l&#8217;Institut (<a href=\"http:\/\/www.instagram.com\/instisantaeulalia\" target=\"_blank\" rel=\"noopener noreferrer\" data-saferedirecturl=\"https:\/\/www.google.com\/url?q=http:\/\/www.instagram.com\/instisantaeulalia&amp;source=gmail&amp;ust=1574507497541000&amp;usg=AFQjCNHItOu1gLDUpnWhhpOzGF9qiD2mHw\">@instisantaeulalia<\/a>) el concurs <b><i>Setci\u00e8ncies <\/i><\/b>sobre habilitat i cultura cient\u00edfica general\u00a0 i s&#8217;han exposat al centre diversos materials elaborats per l&#8217;alumnat destacant-hi:<\/p>\n<div class=\"gmail_default\">\n<ul>\n<li>Exposici\u00f3 de <b>cartells <\/b>de la Setmana de la Ci\u00e8ncia SCISE19 fets a l&#8217;optativa de Visual de 4t d&#8217;ESO.<\/li>\n<li>Exposicions <b><i>Teixits <\/i>i <\/b><i><b>Maquetant la c\u00e8l\u00b7lula<\/b> <\/i>amb la producci\u00f3 de l&#8217;alumnat de 1r i 3r d&#8217;ESO<\/li>\n<li>Exposicions de les imatges presentades al 3r concurs de <b>fotografia <\/b>cient\u00edfica <i>Ci\u00e8ncia quotidiana<\/i><\/li>\n<\/ul>\n\r\n\t<div class=\"slideshow_container slideshow_container_style-light\" style=\"height: 300px; \" data-slideshow-id=\"5511\" data-style-name=\"style-light\" data-style-version=\"2.3.1\" >\r\n\r\n\t\t\t\t\t<div class=\"slideshow_loading_icon\"><\/div>\r\n\t\t\r\n\t\t<div class=\"slideshow_content\" style=\"display: none;\">\r\n\r\n\t\t\t<div class=\"slideshow_view\">\r\n\t\t\t\t<div class=\"slideshow_slide slideshow_slide_image\">\r\n\t\t\t\t\t\t\t\t\t\t\t<img src=\"https:\/\/agora.xtec.cat\/ies-santa-eulalia\/wp-content\/uploads\/usu1612\/2019\/11\/P_20191119_123801_SRES.jpg\" alt=\"P_20191119_123801_SRES\" width=\"1024\" height=\"2048\" \/>\r\n\t\t\t\t\t\t\t\t\t\t<div class=\"slideshow_description_box slideshow_transparent\">\r\n\t\t\t\t\t\t<div class=\"slideshow_title\">P_20191119_123801_SRES<\/div>\t\t\t\t\t\t\t\t\t\t\t<\/div>\r\n\t\t\t\t<\/div>\r\n\r\n\t\t\t\t\t\t<div style=\"clear: both;\"><\/div><\/div><div class=\"slideshow_view\">\r\n\t\t\t\t<div class=\"slideshow_slide slideshow_slide_image\">\r\n\t\t\t\t\t\t\t\t\t\t\t<img src=\"https:\/\/agora.xtec.cat\/ies-santa-eulalia\/wp-content\/uploads\/usu1612\/2019\/11\/P_20191119_134752_1.jpg\" alt=\"P_20191119_134752_1\" width=\"1024\" height=\"2048\" \/>\r\n\t\t\t\t\t\t\t\t\t\t<div class=\"slideshow_description_box slideshow_transparent\">\r\n\t\t\t\t\t\t<div class=\"slideshow_title\">P_20191119_134752_1<\/div>\t\t\t\t\t\t\t\t\t\t\t<\/div>\r\n\t\t\t\t<\/div>\r\n\r\n\t\t\t\t\t\t<div style=\"clear: both;\"><\/div><\/div><div class=\"slideshow_view\">\r\n\t\t\t\t<div class=\"slideshow_slide slideshow_slide_image\">\r\n\t\t\t\t\t\t\t\t\t\t\t<img src=\"https:\/\/agora.xtec.cat\/ies-santa-eulalia\/wp-content\/uploads\/usu1612\/2019\/11\/P_20191114_130154.jpg\" alt=\"P_20191114_130154\" width=\"1024\" height=\"2048\" \/>\r\n\t\t\t\t\t\t\t\t\t\t<div class=\"slideshow_description_box slideshow_transparent\">\r\n\t\t\t\t\t\t<div class=\"slideshow_title\">P_20191114_130154<\/div>\t\t\t\t\t\t\t\t\t\t\t<\/div>\r\n\t\t\t\t<\/div>\r\n\r\n\t\t\t\t\t\t<div style=\"clear: both;\"><\/div><\/div><div class=\"slideshow_view\">\r\n\t\t\t\t<div class=\"slideshow_slide slideshow_slide_image\">\r\n\t\t\t\t\t\t\t\t\t\t\t<img src=\"https:\/\/agora.xtec.cat\/ies-santa-eulalia\/wp-content\/uploads\/usu1612\/2019\/11\/cartell-millorat.jpg\" alt=\"cartell scise19\" width=\"1740\" height=\"2328\" \/>\r\n\t\t\t\t\t\t\t\t\t\t<div class=\"slideshow_description_box slideshow_transparent\">\r\n\t\t\t\t\t\t<div class=\"slideshow_title\">cartell scise19<\/div>\t\t\t\t\t\t\t\t\t\t\t<\/div>\r\n\t\t\t\t<\/div>\r\n\r\n\t\t\t\t\t\t<div style=\"clear: both;\"><\/div><\/div><div class=\"slideshow_view\">\r\n\t\t\t\t<div class=\"slideshow_slide slideshow_slide_image\">\r\n\t\t\t\t\t\t\t\t\t\t\t<img src=\"https:\/\/agora.xtec.cat\/ies-santa-eulalia\/wp-content\/uploads\/usu1612\/2019\/11\/P_20191126_094120.jpg\" alt=\"P_20191126_094120\" width=\"3264\" height=\"1632\" \/>\r\n\t\t\t\t\t\t\t\t\t\t<div class=\"slideshow_description_box slideshow_transparent\">\r\n\t\t\t\t\t\t<div class=\"slideshow_title\">P_20191126_094120<\/div>\t\t\t\t\t\t\t\t\t\t\t<\/div>\r\n\t\t\t\t<\/div>\r\n\r\n\t\t\t\t\t\t<div style=\"clear: both;\"><\/div><\/div><div class=\"slideshow_view\">\r\n\t\t\t\t<div class=\"slideshow_slide slideshow_slide_image\">\r\n\t\t\t\t\t\t\t\t\t\t\t<img src=\"https:\/\/agora.xtec.cat\/ies-santa-eulalia\/wp-content\/uploads\/usu1612\/2019\/11\/P_20191125_123141.jpg\" alt=\"P_20191125_123141\" width=\"3264\" height=\"1632\" \/>\r\n\t\t\t\t\t\t\t\t\t\t<div class=\"slideshow_description_box slideshow_transparent\">\r\n\t\t\t\t\t\t<div class=\"slideshow_title\">P_20191125_123141<\/div>\t\t\t\t\t\t\t\t\t\t\t<\/div>\r\n\t\t\t\t<\/div>\r\n\r\n\t\t\t\t\t\t<div style=\"clear: both;\"><\/div><\/div><div class=\"slideshow_view\">\r\n\t\t\t\t<div class=\"slideshow_slide slideshow_slide_image\">\r\n\t\t\t\t\t\t\t\t\t\t\t<img src=\"https:\/\/agora.xtec.cat\/ies-santa-eulalia\/wp-content\/uploads\/usu1612\/2019\/11\/P_20191114_104141.jpg\" alt=\"P_20191114_104141\" width=\"3264\" height=\"1632\" \/>\r\n\t\t\t\t\t\t\t\t\t\t<div class=\"slideshow_description_box slideshow_transparent\">\r\n\t\t\t\t\t\t<div class=\"slideshow_title\">P_20191114_104141<\/div>\t\t\t\t\t\t\t\t\t\t\t<\/div>\r\n\t\t\t\t<\/div>\r\n\r\n\t\t\t\t\t\t<div style=\"clear: both;\"><\/div><\/div><div class=\"slideshow_view\">\r\n\t\t\t\t<div class=\"slideshow_slide slideshow_slide_image\">\r\n\t\t\t\t\t\t\t\t\t\t\t<img src=\"https:\/\/agora.xtec.cat\/ies-santa-eulalia\/wp-content\/uploads\/usu1612\/2019\/11\/P_20191113_114352.jpg\" alt=\"P_20191113_114352\" width=\"3264\" height=\"1632\" \/>\r\n\t\t\t\t\t\t\t\t\t\t<div class=\"slideshow_description_box slideshow_transparent\">\r\n\t\t\t\t\t\t<div class=\"slideshow_title\">P_20191113_114352<\/div>\t\t\t\t\t\t\t\t\t\t\t<\/div>\r\n\t\t\t\t<\/div>\r\n\r\n\t\t\t\t\t\t<div style=\"clear: both;\"><\/div><\/div><div class=\"slideshow_view\">\r\n\t\t\t\t<div class=\"slideshow_slide slideshow_slide_image\">\r\n\t\t\t\t\t\t\t\t\t\t\t<img src=\"https:\/\/agora.xtec.cat\/ies-santa-eulalia\/wp-content\/uploads\/usu1612\/2019\/11\/CartellProgramacioSCISE19.jpg\" alt=\"CartellProgramacioSCISE19\" width=\"1170\" height=\"827\" \/>\r\n\t\t\t\t\t\t\t\t\t\t<div class=\"slideshow_description_box slideshow_transparent\">\r\n\t\t\t\t\t\t<div class=\"slideshow_title\">CartellProgramacioSCISE19<\/div>\t\t\t\t\t\t\t\t\t\t\t<\/div>\r\n\t\t\t\t<\/div>\r\n\r\n\t\t\t\t\t\t<div style=\"clear: both;\"><\/div><\/div><div class=\"slideshow_view\">\r\n\t\t\t\t<div class=\"slideshow_slide slideshow_slide_image\">\r\n\t\t\t\t\t\t\t\t\t\t\t<img src=\"https:\/\/agora.xtec.cat\/ies-santa-eulalia\/wp-content\/uploads\/usu1612\/2019\/11\/P_20191113_142839.jpg\" alt=\"P_20191113_142839\" width=\"3264\" height=\"1632\" \/>\r\n\t\t\t\t\t\t\t\t\t\t<div class=\"slideshow_description_box slideshow_transparent\">\r\n\t\t\t\t\t\t<div class=\"slideshow_title\">P_20191113_142839<\/div>\t\t\t\t\t\t\t\t\t\t\t<\/div>\r\n\t\t\t\t<\/div>\r\n\r\n\t\t\t\t\t\t<div style=\"clear: both;\"><\/div><\/div>\r\n\t\t<\/div>\r\n\r\n\t\t<div class=\"slideshow_controlPanel slideshow_transparent\" style=\"display: none;\"><ul><li class=\"slideshow_togglePlay\" data-play-text=\"Visualitza\" data-pause-text=\"Pausa\"><\/li><\/ul><\/div>\r\n\r\n\t\t<div class=\"slideshow_button slideshow_previous slideshow_transparent\" role=\"button\" data-previous-text=\"Anterior\" style=\"display: none;\"><\/div>\r\n\t\t<div class=\"slideshow_button slideshow_next slideshow_transparent\" role=\"button\" data-next-text=\"Seg\u00fcent\" style=\"display: none;\"><\/div>\r\n\r\n\t\t<div class=\"slideshow_pagination\" style=\"display: none;\" data-go-to-text=\"V\u00e9s a la diapositiva\"><div class=\"slideshow_pagination_center\"><\/div><\/div>\r\n\r\n\t\t<!-- WordPress Slideshow Version 2.3.1 -->\r\n\r\n\t\t\t<\/div>\r\n\r\n\n<\/div>\n","protected":false},"excerpt":{"rendered":"<p><a href=\"https:\/\/agora.xtec.cat\/ies-santa-eulalia\/wp-content\/uploads\/usu1612\/2019\/11\/P_20191126_094120.jpg\"><\/a><br \/>\nAl llarg d&#8217;aquestes dues setmanes hem dut a terme diverses activitats al centre, coincidint amb la <a href=\"https:\/\/setmanaciencia.fundaciorecerca.cat\" target=\"_blank\" rel=\"noopener noreferrer\" data-saferedirecturl=\"https:\/\/www.google.com\/url?q=https:\/\/setmanaciencia.fundaciorecerca.cat&amp;source=gmail&amp;ust=1574507497541000&amp;usg=AFQjCNHnySihMXhonTCo3QZtEO2TsRe0CQ\">Setmana de la Ci\u00e8ncia<\/a>, agrupades a la Setmana de la Ci\u00e8ncia a l&#8217;Institut Santa Eul\u00e0lia #SCISE19.<br \/>\n<a href=\"https:\/\/agora.xtec.cat\/ies-santa-eulalia\/wp-content\/uploads\/usu1612\/2019\/11\/CartellProgramacioSCISE19.jpg\"><\/a><br \/>\nAquest any les activitats fora del centre&hellip;  <a href=\"https:\/\/agora.xtec.cat\/ies-santa-eulalia\/general\/tanquem-la-setmana-de-la-ciencia-scise19\/\" title=\"Read Tanquem la Setmana de la Ci\u00e8ncia #SCISE19\">Llegeix m\u00e9s\u00bb<\/a><\/p>\n","protected":false},"author":35,"featured_media":5452,"comment_status":"open","ping_status":"closed","sticky":false,"template":"","format":"standard","meta":{"_bbp_topic_count":0,"_bbp_reply_count":0,"_bbp_total_topic_count":0,"_bbp_total_reply_count":0,"_bbp_voice_count":0,"_bbp_anonymous_reply_count":0,"_bbp_topic_count_hidden":0,"_bbp_reply_count_hidden":0,"_bbp_forum_subforum_count":0,"footnotes":""},"categories":[144,140,145,1,29],"tags":[234,233,292,203,126,167,204,293,265,258,294,168,39,44],"class_list":["post-5451","post","type-post","status-publish","format-standard","has-post-thumbnail","hentry","category-novetats-ciencies-naturals","category-novetats-matematiques","category-novetats-fisica-i-quimica","category-general","category-portada","tag-copem","tag-iseulalia","tag-2019-2020","tag-ciencia-quotidiana","tag-ciencies","tag-concursos","tag-curiositats","tag-ise1920","tag-iseamuntiavall","tag-que-ha-passat","tag-scise19","tag-setmana-de-la-ciencia","tag-sortides","tag-xerrades"],"post_mailing_queue_ids":[],"_links":{"self":[{"href":"https:\/\/agora.xtec.cat\/ies-santa-eulalia\/wp-json\/wp\/v2\/posts\/5451","targetHints":{"allow":["GET"]}}],"collection":[{"href":"https:\/\/agora.xtec.cat\/ies-santa-eulalia\/wp-json\/wp\/v2\/posts"}],"about":[{"href":"https:\/\/agora.xtec.cat\/ies-santa-eulalia\/wp-json\/wp\/v2\/types\/post"}],"author":[{"embeddable":true,"href":"https:\/\/agora.xtec.cat\/ies-santa-eulalia\/wp-json\/wp\/v2\/users\/35"}],"replies":[{"embeddable":true,"href":"https:\/\/agora.xtec.cat\/ies-santa-eulalia\/wp-json\/wp\/v2\/comments?post=5451"}],"version-history":[{"count":3,"href":"https:\/\/agora.xtec.cat\/ies-santa-eulalia\/wp-json\/wp\/v2\/posts\/5451\/revisions"}],"predecessor-version":[{"id":5523,"href":"https:\/\/agora.xtec.cat\/ies-santa-eulalia\/wp-json\/wp\/v2\/posts\/5451\/revisions\/5523"}],"wp:featuredmedia":[{"embeddable":true,"href":"https:\/\/agora.xtec.cat\/ies-santa-eulalia\/wp-json\/wp\/v2\/media\/5452"}],"wp:attachment":[{"href":"https:\/\/agora.xtec.cat\/ies-santa-eulalia\/wp-json\/wp\/v2\/media?parent=5451"}],"wp:term":[{"taxonomy":"category","embeddable":true,"href":"https:\/\/agora.xtec.cat\/ies-santa-eulalia\/wp-json\/wp\/v2\/categories?post=5451"},{"taxonomy":"post_tag","embeddable":true,"href":"https:\/\/agora.xtec.cat\/ies-santa-eulalia\/wp-json\/wp\/v2\/tags?post=5451"}],"curies":[{"name":"wp","href":"https:\/\/api.w.org\/{rel}","templated":true}]}}