{"id":5421,"date":"2019-11-19T11:17:37","date_gmt":"2019-11-19T10:17:37","guid":{"rendered":"http:\/\/agora.xtec.cat\/ies-santa-eulalia\/?p=5421"},"modified":"2019-12-04T10:41:39","modified_gmt":"2019-12-04T09:41:39","slug":"nova-sessio-de-lescola-de-families","status":"publish","type":"post","link":"https:\/\/agora.xtec.cat\/ies-santa-eulalia\/general\/nova-sessio-de-lescola-de-families\/","title":{"rendered":"Nova sessi\u00f3 de l&#8217;Escola de Fam\u00edlies"},"content":{"rendered":"<p><a href=\"https:\/\/agora.xtec.cat\/ies-santa-eulalia\/wp-content\/uploads\/usu1612\/2019\/11\/escf2s2019.png\"><img loading=\"lazy\" decoding=\"async\" class=\"size-full wp-image-5423 alignright\" src=\"https:\/\/agora.xtec.cat\/ies-santa-eulalia\/wp-content\/uploads\/usu1612\/2019\/11\/escf2s2019.png\" alt=\"\" width=\"429\" height=\"535\" srcset=\"https:\/\/agora.xtec.cat\/ies-santa-eulalia\/wp-content\/uploads\/usu1612\/2019\/11\/escf2s2019.png 429w, https:\/\/agora.xtec.cat\/ies-santa-eulalia\/wp-content\/uploads\/usu1612\/2019\/11\/escf2s2019-241x300.png 241w\" sizes=\"auto, (max-width: 429px) 100vw, 429px\" \/><\/a><\/p>\n<p>El proper dimarts 26 de novembre tindr\u00e0 lloc una nova sessi\u00f3 de l&#8217;<span style=\"color: #000080;\"><strong>Escola de Fam\u00edlies<\/strong><\/span>.<\/p>\n<p>&nbsp;<\/p>\n<p>Un cop m\u00e9s \u00e9s una gran oportunitat per als pares i mares dels alumnes, de compartir i tractar\u00a0 temes molt interessants i que tenen a veure amb l&#8217;etapa per la qu\u00e8 estan passant els fills i les filles, en la relaci\u00f3 que tenim amb ells i entre nosaltres.<\/p>\n<p>&nbsp;<\/p>\n<p>El tema proposat per aquesta sessi\u00f3 s\u00f3n els <strong><span style=\"color: #99cc00;\">tipus de personalitat<\/span><\/strong> que es presenten a l&#8217;adolesc\u00e8ncia i com tractar-los.<\/p>\n<p>&nbsp;<\/p>\n<p><strong>Us hi esperem, al gimn\u00e0s del centre!!!<\/strong><\/p>\n<p>&nbsp;<\/p>\n","protected":false},"excerpt":{"rendered":"<p><a href=\"https:\/\/agora.xtec.cat\/ies-santa-eulalia\/wp-content\/uploads\/usu1612\/2019\/11\/escf2s2019.png\"><\/a><br \/>\nEl proper dimarts 26 de novembre tindr\u00e0 lloc una nova sessi\u00f3 de l&#8217;Escola de Fam\u00edlies.<br \/>\n&nbsp;<br \/>\nUn cop m\u00e9s \u00e9s una gran oportunitat per als pares i mares dels alumnes, de compartir i tractar\u00a0 temes molt interessants i que tenen a veure amb l&#8217;etapa per la&hellip;  <a href=\"https:\/\/agora.xtec.cat\/ies-santa-eulalia\/general\/nova-sessio-de-lescola-de-families\/\" title=\"Read Nova sessi\u00f3 de l&#8217;Escola de Fam\u00edlies\">Llegeix m\u00e9s\u00bb<\/a><\/p>\n","protected":false},"author":1,"featured_media":5423,"comment_status":"open","ping_status":"closed","sticky":false,"template":"","format":"standard","meta":{"_bbp_topic_count":0,"_bbp_reply_count":0,"_bbp_total_topic_count":0,"_bbp_total_reply_count":0,"_bbp_voice_count":0,"_bbp_anonymous_reply_count":0,"_bbp_topic_count_hidden":0,"_bbp_reply_count_hidden":0,"_bbp_forum_subforum_count":0,"footnotes":""},"categories":[8,3,1,29],"tags":[],"class_list":["post-5421","post","type-post","status-publish","format-standard","has-post-thumbnail","hentry","category-batxillerat","category-eso","category-general","category-portada"],"post_mailing_queue_ids":[],"_links":{"self":[{"href":"https:\/\/agora.xtec.cat\/ies-santa-eulalia\/wp-json\/wp\/v2\/posts\/5421","targetHints":{"allow":["GET"]}}],"collection":[{"href":"https:\/\/agora.xtec.cat\/ies-santa-eulalia\/wp-json\/wp\/v2\/posts"}],"about":[{"href":"https:\/\/agora.xtec.cat\/ies-santa-eulalia\/wp-json\/wp\/v2\/types\/post"}],"author":[{"embeddable":true,"href":"https:\/\/agora.xtec.cat\/ies-santa-eulalia\/wp-json\/wp\/v2\/users\/1"}],"replies":[{"embeddable":true,"href":"https:\/\/agora.xtec.cat\/ies-santa-eulalia\/wp-json\/wp\/v2\/comments?post=5421"}],"version-history":[{"count":2,"href":"https:\/\/agora.xtec.cat\/ies-santa-eulalia\/wp-json\/wp\/v2\/posts\/5421\/revisions"}],"predecessor-version":[{"id":5425,"href":"https:\/\/agora.xtec.cat\/ies-santa-eulalia\/wp-json\/wp\/v2\/posts\/5421\/revisions\/5425"}],"wp:featuredmedia":[{"embeddable":true,"href":"https:\/\/agora.xtec.cat\/ies-santa-eulalia\/wp-json\/wp\/v2\/media\/5423"}],"wp:attachment":[{"href":"https:\/\/agora.xtec.cat\/ies-santa-eulalia\/wp-json\/wp\/v2\/media?parent=5421"}],"wp:term":[{"taxonomy":"category","embeddable":true,"href":"https:\/\/agora.xtec.cat\/ies-santa-eulalia\/wp-json\/wp\/v2\/categories?post=5421"},{"taxonomy":"post_tag","embeddable":true,"href":"https:\/\/agora.xtec.cat\/ies-santa-eulalia\/wp-json\/wp\/v2\/tags?post=5421"}],"curies":[{"name":"wp","href":"https:\/\/api.w.org\/{rel}","templated":true}]}}