{"id":5331,"date":"2019-11-06T11:03:16","date_gmt":"2019-11-06T10:03:16","guid":{"rendered":"http:\/\/agora.xtec.cat\/ies-santa-eulalia\/?p=5331"},"modified":"2019-11-07T07:55:42","modified_gmt":"2019-11-07T06:55:42","slug":"primera-sessio-de-lescola-de-families","status":"publish","type":"post","link":"https:\/\/agora.xtec.cat\/ies-santa-eulalia\/general\/primera-sessio-de-lescola-de-families\/","title":{"rendered":"Primera sessi\u00f3 de l&#8217;Escola de Fam\u00edlies"},"content":{"rendered":"<p>Ja fa dos cursos que l\u2019Escola de Fam\u00edlies del Santa Eul\u00e0lia acompanya i orienta mares i pares en la seva relaci\u00f3 amb els fills. La primera sessi\u00f3 d\u2019aquest curs 2019-20, que va tenir lloc el passat dimarts 26 d&#8217;octubre, s\u2019ha centrat, per\u00f2, en la parella, en les caracter\u00edstiques del que seria un \u201camor sa\u201d i en com, amb determinades actituds, aquest amor pot tornar-se \u201ct\u00f2xic\u201d.<\/p>\n<p>L\u2019\u00faltim dimarts de novembre hi haur\u00e0 una nova sessi\u00f3 de la que tamb\u00e9 us informarem.<\/p>\n<p><img loading=\"lazy\" decoding=\"async\" class=\"alignnone size-large wp-image-5343\" src=\"https:\/\/agora.xtec.cat\/ies-santa-eulalia\/wp-content\/uploads\/usu1612\/2019\/11\/Esc.-Fam\u00edlies-1T-724x1024.jpg\" alt=\"\" width=\"724\" height=\"1024\" srcset=\"https:\/\/agora.xtec.cat\/ies-santa-eulalia\/wp-content\/uploads\/usu1612\/2019\/11\/Esc.-Fam\u00edlies-1T.jpg 724w, https:\/\/agora.xtec.cat\/ies-santa-eulalia\/wp-content\/uploads\/usu1612\/2019\/11\/Esc.-Fam\u00edlies-1T-212x300.jpg 212w\" sizes=\"auto, (max-width: 724px) 100vw, 724px\" \/><\/p>\n","protected":false},"excerpt":{"rendered":"<p>Ja fa dos cursos que l\u2019Escola de Fam\u00edlies del Santa Eul\u00e0lia acompanya i orienta mares i pares en la seva relaci\u00f3 amb els fills. La primera sessi\u00f3 d\u2019aquest curs 2019-20, que va tenir lloc el passat dimarts 26 d&#8217;octubre, s\u2019ha centrat, per\u00f2, en la parella,&hellip;  <a href=\"https:\/\/agora.xtec.cat\/ies-santa-eulalia\/general\/primera-sessio-de-lescola-de-families\/\" title=\"Read Primera sessi\u00f3 de l&#8217;Escola de Fam\u00edlies\">Llegeix m\u00e9s\u00bb<\/a><\/p>\n","protected":false},"author":1,"featured_media":5343,"comment_status":"open","ping_status":"closed","sticky":false,"template":"","format":"standard","meta":{"_bbp_topic_count":0,"_bbp_reply_count":0,"_bbp_total_topic_count":0,"_bbp_total_reply_count":0,"_bbp_voice_count":0,"_bbp_anonymous_reply_count":0,"_bbp_topic_count_hidden":0,"_bbp_reply_count_hidden":0,"_bbp_forum_subforum_count":0,"footnotes":""},"categories":[1,29],"tags":[],"class_list":["post-5331","post","type-post","status-publish","format-standard","has-post-thumbnail","hentry","category-general","category-portada"],"post_mailing_queue_ids":[],"_links":{"self":[{"href":"https:\/\/agora.xtec.cat\/ies-santa-eulalia\/wp-json\/wp\/v2\/posts\/5331","targetHints":{"allow":["GET"]}}],"collection":[{"href":"https:\/\/agora.xtec.cat\/ies-santa-eulalia\/wp-json\/wp\/v2\/posts"}],"about":[{"href":"https:\/\/agora.xtec.cat\/ies-santa-eulalia\/wp-json\/wp\/v2\/types\/post"}],"author":[{"embeddable":true,"href":"https:\/\/agora.xtec.cat\/ies-santa-eulalia\/wp-json\/wp\/v2\/users\/1"}],"replies":[{"embeddable":true,"href":"https:\/\/agora.xtec.cat\/ies-santa-eulalia\/wp-json\/wp\/v2\/comments?post=5331"}],"version-history":[{"count":3,"href":"https:\/\/agora.xtec.cat\/ies-santa-eulalia\/wp-json\/wp\/v2\/posts\/5331\/revisions"}],"predecessor-version":[{"id":5345,"href":"https:\/\/agora.xtec.cat\/ies-santa-eulalia\/wp-json\/wp\/v2\/posts\/5331\/revisions\/5345"}],"wp:featuredmedia":[{"embeddable":true,"href":"https:\/\/agora.xtec.cat\/ies-santa-eulalia\/wp-json\/wp\/v2\/media\/5343"}],"wp:attachment":[{"href":"https:\/\/agora.xtec.cat\/ies-santa-eulalia\/wp-json\/wp\/v2\/media?parent=5331"}],"wp:term":[{"taxonomy":"category","embeddable":true,"href":"https:\/\/agora.xtec.cat\/ies-santa-eulalia\/wp-json\/wp\/v2\/categories?post=5331"},{"taxonomy":"post_tag","embeddable":true,"href":"https:\/\/agora.xtec.cat\/ies-santa-eulalia\/wp-json\/wp\/v2\/tags?post=5331"}],"curies":[{"name":"wp","href":"https:\/\/api.w.org\/{rel}","templated":true}]}}