{"id":5295,"date":"2019-10-31T10:01:20","date_gmt":"2019-10-31T09:01:20","guid":{"rendered":"http:\/\/agora.xtec.cat\/ies-santa-eulalia\/?p=5295"},"modified":"2019-10-31T10:01:20","modified_gmt":"2019-10-31T09:01:20","slug":"compartim-hora-de-lectura-amb-1r-deso-b","status":"publish","type":"post","link":"https:\/\/agora.xtec.cat\/ies-santa-eulalia\/general\/compartim-hora-de-lectura-amb-1r-deso-b\/","title":{"rendered":"Compartim hora de lectura amb 1r d&#8217;ESO B"},"content":{"rendered":"<p>L&#8217;hora de lectura ja est\u00e0 en marxa i per engrescar els alumnes de 1r d&#8217;ESO a treure&#8217;n profit, companyes seves que fan grec a 1r de Batxillerat els han donat suport tot llegint amb ells una adaptaci\u00f3 teatral de L&#8217;Odissea. Ahir dimarts 30 d&#8217;octubre van compartir aquesta lectura en veu alta amb 1r d&#8217;ESO B. Els alumnes es van mostrar molt participatius des del primer moment, disposats a assumir els diferents papers i van valorar l&#8217;experi\u00e8ncia molt positivament amb comentaris com ara: &#8221; Em va encantar perqu\u00e8 lleg\u00edem tots junts&#8221;, &#8220;M&#8217;ha agradat molt\u00edssim&#8221;, &#8220;Ha sigut molt divertit&#8221;&#8230;Moltes gr\u00e0cies per l&#8217;acollida nois i noies de 1r ESO B i molts gr\u00e0cies Nerea i Meritxell de 1r de Batx A per la vostra implicaci\u00f3! Trobareu m\u00e9s fotos d&#8217;aquesta experi\u00e8ncia a l&#8217;Instagram del centre.<a href=\"https:\/\/agora.xtec.cat\/ies-santa-eulalia\/wp-content\/uploads\/usu1612\/2019\/10\/Hora-de-lectura-29-10-2019-1r-ESO-B-IMG-20191029-WA0002.jpg\"><img loading=\"lazy\" decoding=\"async\" class=\"alignnone size-large wp-image-5296\" src=\"https:\/\/agora.xtec.cat\/ies-santa-eulalia\/wp-content\/uploads\/usu1612\/2019\/10\/Hora-de-lectura-29-10-2019-1r-ESO-B-IMG-20191029-WA0002-1024x575.jpg\" alt=\"\" width=\"1024\" height=\"575\" srcset=\"https:\/\/agora.xtec.cat\/ies-santa-eulalia\/wp-content\/uploads\/usu1612\/2019\/10\/Hora-de-lectura-29-10-2019-1r-ESO-B-IMG-20191029-WA0002-1024x575.jpg 1024w, https:\/\/agora.xtec.cat\/ies-santa-eulalia\/wp-content\/uploads\/usu1612\/2019\/10\/Hora-de-lectura-29-10-2019-1r-ESO-B-IMG-20191029-WA0002-300x168.jpg 300w, https:\/\/agora.xtec.cat\/ies-santa-eulalia\/wp-content\/uploads\/usu1612\/2019\/10\/Hora-de-lectura-29-10-2019-1r-ESO-B-IMG-20191029-WA0002-768x431.jpg 768w, https:\/\/agora.xtec.cat\/ies-santa-eulalia\/wp-content\/uploads\/usu1612\/2019\/10\/Hora-de-lectura-29-10-2019-1r-ESO-B-IMG-20191029-WA0002.jpg 1600w\" sizes=\"auto, (max-width: 1024px) 100vw, 1024px\" \/><\/a><\/p>\n","protected":false},"excerpt":{"rendered":"<p>L&#8217;hora de lectura ja est\u00e0 en marxa i per engrescar els alumnes de 1r d&#8217;ESO a treure&#8217;n profit, companyes seves que fan grec a 1r de Batxillerat els han donat suport tot llegint amb ells una adaptaci\u00f3 teatral de L&#8217;Odissea. Ahir dimarts 30 d&#8217;octubre van&hellip;  <a href=\"https:\/\/agora.xtec.cat\/ies-santa-eulalia\/general\/compartim-hora-de-lectura-amb-1r-deso-b\/\" title=\"Read Compartim hora de lectura amb 1r d&#8217;ESO B\">Llegeix m\u00e9s\u00bb<\/a><\/p>\n","protected":false},"author":38,"featured_media":5296,"comment_status":"open","ping_status":"closed","sticky":false,"template":"","format":"standard","meta":{"_bbp_topic_count":0,"_bbp_reply_count":0,"_bbp_total_topic_count":0,"_bbp_total_reply_count":0,"_bbp_voice_count":0,"_bbp_anonymous_reply_count":0,"_bbp_topic_count_hidden":0,"_bbp_reply_count_hidden":0,"_bbp_forum_subforum_count":0,"footnotes":""},"categories":[10,1,29],"tags":[],"class_list":["post-5295","post","type-post","status-publish","format-standard","has-post-thumbnail","hentry","category-eso-1b","category-general","category-portada"],"post_mailing_queue_ids":[],"_links":{"self":[{"href":"https:\/\/agora.xtec.cat\/ies-santa-eulalia\/wp-json\/wp\/v2\/posts\/5295","targetHints":{"allow":["GET"]}}],"collection":[{"href":"https:\/\/agora.xtec.cat\/ies-santa-eulalia\/wp-json\/wp\/v2\/posts"}],"about":[{"href":"https:\/\/agora.xtec.cat\/ies-santa-eulalia\/wp-json\/wp\/v2\/types\/post"}],"author":[{"embeddable":true,"href":"https:\/\/agora.xtec.cat\/ies-santa-eulalia\/wp-json\/wp\/v2\/users\/38"}],"replies":[{"embeddable":true,"href":"https:\/\/agora.xtec.cat\/ies-santa-eulalia\/wp-json\/wp\/v2\/comments?post=5295"}],"version-history":[{"count":1,"href":"https:\/\/agora.xtec.cat\/ies-santa-eulalia\/wp-json\/wp\/v2\/posts\/5295\/revisions"}],"predecessor-version":[{"id":5297,"href":"https:\/\/agora.xtec.cat\/ies-santa-eulalia\/wp-json\/wp\/v2\/posts\/5295\/revisions\/5297"}],"wp:featuredmedia":[{"embeddable":true,"href":"https:\/\/agora.xtec.cat\/ies-santa-eulalia\/wp-json\/wp\/v2\/media\/5296"}],"wp:attachment":[{"href":"https:\/\/agora.xtec.cat\/ies-santa-eulalia\/wp-json\/wp\/v2\/media?parent=5295"}],"wp:term":[{"taxonomy":"category","embeddable":true,"href":"https:\/\/agora.xtec.cat\/ies-santa-eulalia\/wp-json\/wp\/v2\/categories?post=5295"},{"taxonomy":"post_tag","embeddable":true,"href":"https:\/\/agora.xtec.cat\/ies-santa-eulalia\/wp-json\/wp\/v2\/tags?post=5295"}],"curies":[{"name":"wp","href":"https:\/\/api.w.org\/{rel}","templated":true}]}}