{"id":5169,"date":"2019-10-21T10:56:11","date_gmt":"2019-10-21T08:56:11","guid":{"rendered":"http:\/\/agora.xtec.cat\/ies-santa-eulalia\/?p=5169"},"modified":"2019-10-21T11:01:07","modified_gmt":"2019-10-21T09:01:07","slug":"presentacio-comissio-ise-sostenible-cises-i-recursos-de-centre","status":"publish","type":"post","link":"https:\/\/agora.xtec.cat\/ies-santa-eulalia\/general\/presentacio-comissio-ise-sostenible-cises-i-recursos-de-centre\/","title":{"rendered":"Presentaci\u00f3 comissi\u00f3 ISE Sostenible (CISES) i recursos de centre"},"content":{"rendered":"<p>Des de la <b>comissi\u00f3 ISE Sostenible (CISES) <\/b>volem aprofitar per presentar-nos, at\u00e8s que aquest curs hi ha l\u2019objectiu com a centre de reconstituir i dinamitzar el que havia estat la comissi\u00f3 d\u2019<b>Agenda 21 (A21)<\/b>, aix\u00ed com fer un resum d\u2019algunes de les iniciatives que ja s\u2019estan duent actualment al centre en l&#8217;\u00e0mbit de la sostenibilitat per si fossin del vostre inter\u00e8s.<\/p>\n<p>Primer de tot presentar-nos per si voleu fer-nos arribar qualsevol proposta o suggeriment al correu <a href=\"mailto:sostenibilitat@institutsantaeulalia.cat\">sostenibilitat@institutsantaeulalia.cat<\/a><\/p>\n<p>Tot i que aquest curs l\u2019objectiu b\u00e0sic de la comissi\u00f3 \u00e9s rependre i sistematitzar iniciatives que ja es duien a terme al centre, tamb\u00e9 ens plantejarem alguns objectius senzills per comen\u00e7ar a posar les\u00a0 bases d\u2019un centre -encara- m\u00e9s sostenible de cara a propers cursos. Per a dur a terme aquests darrers voldrem, sobretot, identificar el punt de partida ambiental del centre i bastir un grup d\u2019alumnat voluntari.<\/p>\n<p>Entre les <b>activitats que ja es realitzen<\/b> al centre,\u00a0 destaquem la <b>recollida selectiva d\u2019olis i piles <\/b>i el <b>apadrinament del riu Llobregat<\/b>.<\/p>\n<p><a href=\"https:\/\/agora.xtec.cat\/ies-santa-eulalia\/wp-content\/uploads\/usu1612\/2019\/10\/olisses.jpg\" target=\"_blank\" rel=\"noopener noreferrer\"><img loading=\"lazy\" decoding=\"async\" class=\"alignleft wp-image-5170 size-medium\" src=\"https:\/\/agora.xtec.cat\/ies-santa-eulalia\/wp-content\/uploads\/usu1612\/2019\/10\/olisses-214x300.jpg\" alt=\"\" width=\"214\" height=\"300\" srcset=\"https:\/\/agora.xtec.cat\/ies-santa-eulalia\/wp-content\/uploads\/usu1612\/2019\/10\/olisses-214x300.jpg 214w, https:\/\/agora.xtec.cat\/ies-santa-eulalia\/wp-content\/uploads\/usu1612\/2019\/10\/olisses.jpg 300w\" sizes=\"auto, (max-width: 214px) 100vw, 214px\" \/><\/a><\/p>\n<ul>\n<li style=\"list-style-type: none;\">\n<ul>\n<li><b>Recollida d\u2019oli usat dom\u00e8stic<\/b>, en col\u00b7laboraci\u00f3\u00a0 amb el grup ASPROSEAT d\u2019inserci\u00f3 laboral de persones en risc d\u2019exclusi\u00f3, el centre participa com a punt de recollida en el <b>projecte <\/b><a href=\"http:\/\/www.asproseat.org\/my-product\/recollida-doli-vegetal-usat-amb-envas-olisses\/\" target=\"_blank\" rel=\"noopener noreferrer\"><b><i>Olisses<\/i><\/b>\u00a0<\/a> de recuperaci\u00f3 i tractament dels olis usats per al seu <b>reciclat en biodi\u00e8sel<\/b>. En concret al centre disposem d\u2019un espai sota l\u2019escala d\u2019acc\u00e9s a l\u2019aula multim\u00e8dia per dipositar els envasos de recollida per als residus de l\u2019oli que fem servir a la llar (per\u00a0 fregir \u2013un cop fred-, el de les llaunes de conserva, etc.) en l\u2019env\u00e0s <i>Olisses<\/i>, un recipient f\u00e0cil d\u2019utilitzar, net i que queda ben tancat. Un cop el tingueu ple, retorneu-lo al centre i us en facilitarem un de nou perqu\u00e8\u00a0 el pugueu anar omplint altra vegada amb l\u2019oli que feu servir a la cuina.<\/li>\n<li><b>Recuperaci\u00f3 de<\/b>\u00a0 <b>piles i acumuladors port\u00e0tils<\/b>. D\u2019una banda, gen\u00e8ricament amb el contenidor <i>Apilo <\/i>de l\u2019entrada del centre i, d\u2019una altra banda, amb la participaci\u00f3 anual de cada grup classe en el concurs <a href=\"http:\/\/www.apilo.cat\/\" target=\"_blank\" rel=\"noopener noreferrer\"><i>APILO <\/i><\/a>mitjan\u00e7ant els contenidors disposats a cada aula.<a href=\"https:\/\/agora.xtec.cat\/ies-santa-eulalia\/wp-content\/uploads\/usu1612\/2019\/10\/P_20190923_110608.jpg\"><img loading=\"lazy\" decoding=\"async\" class=\"alignright size-medium wp-image-5172\" src=\"https:\/\/agora.xtec.cat\/ies-santa-eulalia\/wp-content\/uploads\/usu1612\/2019\/10\/P_20190923_110608-300x300.jpg\" alt=\"\" width=\"300\" height=\"300\" srcset=\"https:\/\/agora.xtec.cat\/ies-santa-eulalia\/wp-content\/uploads\/usu1612\/2019\/10\/P_20190923_110608-300x300.jpg 300w, https:\/\/agora.xtec.cat\/ies-santa-eulalia\/wp-content\/uploads\/usu1612\/2019\/10\/P_20190923_110608-150x150.jpg 150w, https:\/\/agora.xtec.cat\/ies-santa-eulalia\/wp-content\/uploads\/usu1612\/2019\/10\/P_20190923_110608-768x768.jpg 768w, https:\/\/agora.xtec.cat\/ies-santa-eulalia\/wp-content\/uploads\/usu1612\/2019\/10\/P_20190923_110608-1024x1024.jpg 1024w, https:\/\/agora.xtec.cat\/ies-santa-eulalia\/wp-content\/uploads\/usu1612\/2019\/10\/P_20190923_110608.jpg 1224w\" sizes=\"auto, (max-width: 300px) 100vw, 300px\" \/><\/a><\/li>\n<li>Ens hem reincorporat al projecte <a href=\"https:\/\/elllobregat.wordpress.com\/\" target=\"_blank\" rel=\"noopener noreferrer\"><b><i>Padrins del riu Llobregat<\/i><\/b><\/a>, del qual havien format part durant anys i del qual encara mantenim les <a href=\"https:\/\/agora.xtec.cat\/ies-santa-eulalia\/general\/sortida-amb-els-alumnes-de-1r-eso-al-riu-llobregat\/\" target=\"_blank\" rel=\"noopener noreferrer\">sortides al riu pel dia mundial de l\u2019aigua<\/a> amb 1r d\u2019ESO. Aix\u00ed mateix tenim pensat d\u2019impulsar la participaci\u00f3 de la comunitat del centre en la propera edici\u00f3 de\u00a0 la <a href=\"https:\/\/elllobregat.wordpress.com\/2019\/05\/09\/lets-clean-up-europe-jornada-de-neteja-del-riu\/\" target=\"_blank\" rel=\"noopener noreferrer\">neteja del riu Llobregat<\/a>.<\/li>\n<\/ul>\n<\/li>\n<\/ul>\n<p>Pel que respecta a les <b>actuacions engegades<\/b> amb arrencada d\u2019aquest curs, hem comen\u00e7at amb activitats senzilles, per\u00f2 de recorregut llarg, centrades en\u00a0 la creaci\u00f3 de <b>consci\u00e8ncia ambiental<\/b> i la determinaci\u00f3 de l\u2019<b>estat ambiental<\/b> del centre de cara a futures actuacions.<\/p>\n<ul>\n<li style=\"list-style-type: none;\">\n<ul>\n<li><b>Contenidors <\/b>per a facilitar la <b>reutilitzaci\u00f3 de paper<\/b> dins l\u2019aula<\/li>\n<li>Responsable d\u2019aula de controlar que <b>llums i finestres<\/b> queden tancades quan l\u2019alumnat no \u00e9s a l\u2019aula.<\/li>\n<li>Estem gestionant l\u2019obtenci\u00f3 de <b>contenidors de cartr\u00f3 blau\/groc<\/b> per a les aules i espais espec\u00edfics del centre.<\/li>\n<li>Finalment, com a centre ens hem incorporat a la xarxa <b>L\u2019Hospitalet Escoles Sostenibles<\/b> (LHES), antiga xarxa d\u2019escoles de l\u2019<a href=\"http:\/\/a21escolar.blogspot.com\/\" target=\"_blank\" rel=\"noopener noreferrer\"><i>Agenda 21 Escolar <\/i><\/a> per coordinar-nos amb la resta de centres de l\u2019Hospitalet i t\u00e8cniques ambientals de l\u2019Ajuntament, de cara a un millor acc\u00e9s a informaci\u00f3 i recursos diversos, aix\u00ed com a l\u2019intercanvi d\u2019experi\u00e8ncies.<\/li>\n<\/ul>\n<\/li>\n<\/ul>\n<p>De cara a la darrera avaluaci\u00f3 els objectius s\u2019adrecen als cursos seg\u00fcents. I, ara per ara, s\u00f3n molt gen\u00e8rics, oberts a les vostres propostes i al desenvolupament del curs.<\/p>\n<ul>\n<li style=\"list-style-type: none;\">\n<ul>\n<li>Crear canals estables de <b>difusi\u00f3 i consci\u00e8ncia<\/b> ambiental, be f\u00edsics be virtuals. Amb l\u2019establiment d\u2019algun tauler o blog de refer\u00e8ncia aix\u00ed com amb la gesti\u00f3 de comptes en xarxes socials. O com a m\u00ednim anar afegint al blog de l\u2019institut not\u00edcies ambientals.<\/li>\n<li>Dinamitzar d\u2019un grup impulsor d\u2019<b>alumnat voluntar<\/b>i ambiental.<\/li>\n<li>Participar com a centre, amb alumnat de primer cicle o del grup de voluntariat, en la<a href=\"http:\/\/a21escolar.blogspot.com\/2018\/06\/xii-cloenda-de-lagenda-21-escolar.html\" target=\"_blank\" rel=\"noopener noreferrer\"> cloenda del curs escolar<\/a> de la xarxa <b>L\u2019Hospitalet Escoles Sostenibles<\/b> (LHES) als jardins del Tecla Sala.<\/li>\n<li>Fixar un calendari anual de <b>sortides a espais naturals<\/b> de la ciutat i rodalies, com la neteja del\u00a0 riu, bicicletades,&#8230;<\/li>\n<\/ul>\n<\/li>\n<\/ul>\n<p>Per acabar, i vosaltres, com podeu<b> implicar-vos<\/b>?<\/p>\n<ul>\n<li style=\"list-style-type: none;\">\n<ul>\n<li>Fent arribar qualsevol proposta o\u00a0 <b>suggeriment <\/b>\u00a0a la CISES<\/li>\n<li>Individualment, fent un <b>\u00fas racional dels recursos<\/b> del centre i disminuint en all\u00f2 possible el malbaratament dels mateixos<\/li>\n<li><b>Disminuir la utilitzaci\u00f3 dels envasos d\u2019un sol<\/b> \u00fas en esmorzars, consum de begudes\u00a0 o ampolles d\u2019aigua reutilitzables.<\/li>\n<li>Des de la <b>comissi\u00f3 ISE Sostenible (CISES) <\/b>volem desitjar-vos un bon, i ben ambiental, comen\u00e7ament de curs i restem a la vostra disposici\u00f3 per qualsevol q\u00fcesti\u00f3.<\/li>\n<\/ul>\n<\/li>\n<\/ul>\n","protected":false},"excerpt":{"rendered":"<p>Des de la comissi\u00f3 ISE Sostenible (CISES) volem aprofitar per presentar-nos, at\u00e8s que aquest curs hi ha l\u2019objectiu com a centre de reconstituir i dinamitzar el que havia estat la comissi\u00f3 d\u2019Agenda 21 (A21), aix\u00ed com fer un resum d\u2019algunes de les iniciatives que ja&hellip;  <a href=\"https:\/\/agora.xtec.cat\/ies-santa-eulalia\/general\/presentacio-comissio-ise-sostenible-cises-i-recursos-de-centre\/\" title=\"Read Presentaci\u00f3 comissi\u00f3 ISE Sostenible (CISES) i recursos de centre\">Llegeix m\u00e9s\u00bb<\/a><\/p>\n","protected":false},"author":87,"featured_media":5176,"comment_status":"open","ping_status":"closed","sticky":false,"template":"","format":"standard","meta":{"_bbp_topic_count":0,"_bbp_reply_count":0,"_bbp_total_topic_count":0,"_bbp_total_reply_count":0,"_bbp_voice_count":0,"_bbp_anonymous_reply_count":0,"_bbp_topic_count_hidden":0,"_bbp_reply_count_hidden":0,"_bbp_forum_subforum_count":0,"footnotes":""},"categories":[295,106,1,225,29],"tags":[202,296,293,227,207,218,297],"class_list":["post-5169","post","type-post","status-publish","format-standard","has-post-thumbnail","hentry","category-activitats-sostenibilitat","category-comissions","category-general","category-institut-santa-eulalia-i-el-medi-ambient","category-portada","tag-calaix-mals-endrecos","tag-cises","tag-ise1920","tag-medi-ambient","tag-propostes","tag-santa-eulalia","tag-sostenibilitat"],"post_mailing_queue_ids":[],"_links":{"self":[{"href":"https:\/\/agora.xtec.cat\/ies-santa-eulalia\/wp-json\/wp\/v2\/posts\/5169","targetHints":{"allow":["GET"]}}],"collection":[{"href":"https:\/\/agora.xtec.cat\/ies-santa-eulalia\/wp-json\/wp\/v2\/posts"}],"about":[{"href":"https:\/\/agora.xtec.cat\/ies-santa-eulalia\/wp-json\/wp\/v2\/types\/post"}],"author":[{"embeddable":true,"href":"https:\/\/agora.xtec.cat\/ies-santa-eulalia\/wp-json\/wp\/v2\/users\/87"}],"replies":[{"embeddable":true,"href":"https:\/\/agora.xtec.cat\/ies-santa-eulalia\/wp-json\/wp\/v2\/comments?post=5169"}],"version-history":[{"count":3,"href":"https:\/\/agora.xtec.cat\/ies-santa-eulalia\/wp-json\/wp\/v2\/posts\/5169\/revisions"}],"predecessor-version":[{"id":5175,"href":"https:\/\/agora.xtec.cat\/ies-santa-eulalia\/wp-json\/wp\/v2\/posts\/5169\/revisions\/5175"}],"wp:featuredmedia":[{"embeddable":true,"href":"https:\/\/agora.xtec.cat\/ies-santa-eulalia\/wp-json\/wp\/v2\/media\/5176"}],"wp:attachment":[{"href":"https:\/\/agora.xtec.cat\/ies-santa-eulalia\/wp-json\/wp\/v2\/media?parent=5169"}],"wp:term":[{"taxonomy":"category","embeddable":true,"href":"https:\/\/agora.xtec.cat\/ies-santa-eulalia\/wp-json\/wp\/v2\/categories?post=5169"},{"taxonomy":"post_tag","embeddable":true,"href":"https:\/\/agora.xtec.cat\/ies-santa-eulalia\/wp-json\/wp\/v2\/tags?post=5169"}],"curies":[{"name":"wp","href":"https:\/\/api.w.org\/{rel}","templated":true}]}}