{"id":5080,"date":"2019-10-16T11:05:39","date_gmt":"2019-10-16T09:05:39","guid":{"rendered":"http:\/\/agora.xtec.cat\/ies-santa-eulalia\/?p=5080"},"modified":"2019-10-17T14:46:46","modified_gmt":"2019-10-17T12:46:46","slug":"lhora-de-lectura-comenca-la-setmana-vinent","status":"publish","type":"post","link":"https:\/\/agora.xtec.cat\/ies-santa-eulalia\/general\/lhora-de-lectura-comenca-la-setmana-vinent\/","title":{"rendered":"L&#8217;hora de lectura comen\u00e7a la setmana vinent!"},"content":{"rendered":"<p>Dimarts 22 d&#8217;octubre\u00a0 a les 11:20 comen\u00e7ar\u00e0 l&#8217;hora de lectura del curs 2019-20, que continuar\u00e0 fins l&#8217;abril. Per tant, no us oblideu de portar un llibre de lectura aquell dia (pot ser una de les lectures obligat\u00f2ries mateix per\u00f2 no necess\u00e0riament).<\/p>\n<p>Aquest curs hi haur\u00e0 un nou diari de lectura on podreu registrar les lectures que tingueu enllestides i que els tutors. repartiran als seus grups.<\/p>\n<p><strong>Bona lectura!<\/strong><\/p>\n","protected":false},"excerpt":{"rendered":"<p>Dimarts 22 d&#8217;octubre\u00a0 a les 11:20 comen\u00e7ar\u00e0 l&#8217;hora de lectura del curs 2019-20, que continuar\u00e0 fins l&#8217;abril. Per tant, no us oblideu de portar un llibre de lectura aquell dia (pot ser una de les lectures obligat\u00f2ries mateix per\u00f2 no necess\u00e0riament).<br \/>\nAquest curs hi haur\u00e0 un&hellip;  <a href=\"https:\/\/agora.xtec.cat\/ies-santa-eulalia\/general\/lhora-de-lectura-comenca-la-setmana-vinent\/\" title=\"Read L&#8217;hora de lectura comen\u00e7a la setmana vinent!\">Llegeix m\u00e9s\u00bb<\/a><\/p>\n","protected":false},"author":1,"featured_media":5160,"comment_status":"open","ping_status":"closed","sticky":false,"template":"","format":"standard","meta":{"_bbp_topic_count":0,"_bbp_reply_count":0,"_bbp_total_topic_count":0,"_bbp_total_reply_count":0,"_bbp_voice_count":0,"_bbp_anonymous_reply_count":0,"_bbp_topic_count_hidden":0,"_bbp_reply_count_hidden":0,"_bbp_forum_subforum_count":0,"footnotes":""},"categories":[1,29],"tags":[],"class_list":["post-5080","post","type-post","status-publish","format-standard","has-post-thumbnail","hentry","category-general","category-portada"],"post_mailing_queue_ids":[],"_links":{"self":[{"href":"https:\/\/agora.xtec.cat\/ies-santa-eulalia\/wp-json\/wp\/v2\/posts\/5080","targetHints":{"allow":["GET"]}}],"collection":[{"href":"https:\/\/agora.xtec.cat\/ies-santa-eulalia\/wp-json\/wp\/v2\/posts"}],"about":[{"href":"https:\/\/agora.xtec.cat\/ies-santa-eulalia\/wp-json\/wp\/v2\/types\/post"}],"author":[{"embeddable":true,"href":"https:\/\/agora.xtec.cat\/ies-santa-eulalia\/wp-json\/wp\/v2\/users\/1"}],"replies":[{"embeddable":true,"href":"https:\/\/agora.xtec.cat\/ies-santa-eulalia\/wp-json\/wp\/v2\/comments?post=5080"}],"version-history":[{"count":3,"href":"https:\/\/agora.xtec.cat\/ies-santa-eulalia\/wp-json\/wp\/v2\/posts\/5080\/revisions"}],"predecessor-version":[{"id":5162,"href":"https:\/\/agora.xtec.cat\/ies-santa-eulalia\/wp-json\/wp\/v2\/posts\/5080\/revisions\/5162"}],"wp:featuredmedia":[{"embeddable":true,"href":"https:\/\/agora.xtec.cat\/ies-santa-eulalia\/wp-json\/wp\/v2\/media\/5160"}],"wp:attachment":[{"href":"https:\/\/agora.xtec.cat\/ies-santa-eulalia\/wp-json\/wp\/v2\/media?parent=5080"}],"wp:term":[{"taxonomy":"category","embeddable":true,"href":"https:\/\/agora.xtec.cat\/ies-santa-eulalia\/wp-json\/wp\/v2\/categories?post=5080"},{"taxonomy":"post_tag","embeddable":true,"href":"https:\/\/agora.xtec.cat\/ies-santa-eulalia\/wp-json\/wp\/v2\/tags?post=5080"}],"curies":[{"name":"wp","href":"https:\/\/api.w.org\/{rel}","templated":true}]}}