{"id":5076,"date":"2019-10-16T10:50:10","date_gmt":"2019-10-16T08:50:10","guid":{"rendered":"http:\/\/agora.xtec.cat\/ies-santa-eulalia\/?p=5076"},"modified":"2019-10-17T14:49:19","modified_gmt":"2019-10-17T12:49:19","slug":"servei-de-mediacio-escolar-2","status":"publish","type":"post","link":"https:\/\/agora.xtec.cat\/ies-santa-eulalia\/general\/servei-de-mediacio-escolar-2\/","title":{"rendered":"Servei de Mediaci\u00f3 Escolar"},"content":{"rendered":"<p>Un curs m\u00e9s, el nostre centre posa en marxa el servei de Mediaci\u00f3 escolar per millorar la conviv\u00e8ncia al centre. Alumnes de 4t d&#8217;ESO i de 1r i 2n de Batxillerat faran de mediadors, en cas de conflictes, entre els seus propis companys. Recordem que la mediaci\u00f3 sempre \u00e9s confidencial i volunt\u00e0ria i que, per demanar-la, us heu de dirigir al vostre tutor\/a i omplir un impr\u00e8s que es deixa a la b\u00fastia de consergeria o b\u00e9 escriure un correu a Mediacio@institutsantaeul\u00e0lia.cat<\/p>\n","protected":false},"excerpt":{"rendered":"<p>Un curs m\u00e9s, el nostre centre posa en marxa el servei de Mediaci\u00f3 escolar per millorar la conviv\u00e8ncia al centre. Alumnes de 4t d&#8217;ESO i de 1r i 2n de Batxillerat faran de mediadors, en cas de conflictes, entre els seus propis companys. Recordem que&hellip;  <a href=\"https:\/\/agora.xtec.cat\/ies-santa-eulalia\/general\/servei-de-mediacio-escolar-2\/\" title=\"Read Servei de Mediaci\u00f3 Escolar\">Llegeix m\u00e9s\u00bb<\/a><\/p>\n","protected":false},"author":1,"featured_media":5163,"comment_status":"open","ping_status":"closed","sticky":false,"template":"","format":"standard","meta":{"_bbp_topic_count":0,"_bbp_reply_count":0,"_bbp_total_topic_count":0,"_bbp_total_reply_count":0,"_bbp_voice_count":0,"_bbp_anonymous_reply_count":0,"_bbp_topic_count_hidden":0,"_bbp_reply_count_hidden":0,"_bbp_forum_subforum_count":0,"footnotes":""},"categories":[1,29],"tags":[],"class_list":["post-5076","post","type-post","status-publish","format-standard","has-post-thumbnail","hentry","category-general","category-portada"],"post_mailing_queue_ids":[],"_links":{"self":[{"href":"https:\/\/agora.xtec.cat\/ies-santa-eulalia\/wp-json\/wp\/v2\/posts\/5076","targetHints":{"allow":["GET"]}}],"collection":[{"href":"https:\/\/agora.xtec.cat\/ies-santa-eulalia\/wp-json\/wp\/v2\/posts"}],"about":[{"href":"https:\/\/agora.xtec.cat\/ies-santa-eulalia\/wp-json\/wp\/v2\/types\/post"}],"author":[{"embeddable":true,"href":"https:\/\/agora.xtec.cat\/ies-santa-eulalia\/wp-json\/wp\/v2\/users\/1"}],"replies":[{"embeddable":true,"href":"https:\/\/agora.xtec.cat\/ies-santa-eulalia\/wp-json\/wp\/v2\/comments?post=5076"}],"version-history":[{"count":1,"href":"https:\/\/agora.xtec.cat\/ies-santa-eulalia\/wp-json\/wp\/v2\/posts\/5076\/revisions"}],"predecessor-version":[{"id":5079,"href":"https:\/\/agora.xtec.cat\/ies-santa-eulalia\/wp-json\/wp\/v2\/posts\/5076\/revisions\/5079"}],"wp:featuredmedia":[{"embeddable":true,"href":"https:\/\/agora.xtec.cat\/ies-santa-eulalia\/wp-json\/wp\/v2\/media\/5163"}],"wp:attachment":[{"href":"https:\/\/agora.xtec.cat\/ies-santa-eulalia\/wp-json\/wp\/v2\/media?parent=5076"}],"wp:term":[{"taxonomy":"category","embeddable":true,"href":"https:\/\/agora.xtec.cat\/ies-santa-eulalia\/wp-json\/wp\/v2\/categories?post=5076"},{"taxonomy":"post_tag","embeddable":true,"href":"https:\/\/agora.xtec.cat\/ies-santa-eulalia\/wp-json\/wp\/v2\/tags?post=5076"}],"curies":[{"name":"wp","href":"https:\/\/api.w.org\/{rel}","templated":true}]}}