{"id":5072,"date":"2019-10-17T13:12:42","date_gmt":"2019-10-17T11:12:42","guid":{"rendered":"http:\/\/agora.xtec.cat\/ies-santa-eulalia\/?p=5072"},"modified":"2019-10-17T13:15:08","modified_gmt":"2019-10-17T11:15:08","slug":"visita-a-lexposicio-parentesi","status":"publish","type":"post","link":"https:\/\/agora.xtec.cat\/ies-santa-eulalia\/eso\/eso-4\/visita-a-lexposicio-parentesi\/","title":{"rendered":"Visita a l&#8217;exposici\u00f3 Par\u00e8ntesi"},"content":{"rendered":"<p><img loading=\"lazy\" decoding=\"async\" class=\"attachment-266x266 alignleft\" src=\"https:\/\/agora.xtec.cat\/ies-santa-eulalia\/wp-content\/uploads\/usu1612\/2019\/10\/parentesi.jpg\" alt=\"\" width=\"318\" height=\"239\" \/><\/p>\n<p>De la mateixa manera que els grups de 2n de batxillerat van visitar Casa Espanya la darrera setmana de setembre, l&#8217;<a href=\"https:\/\/photos.google.com\/album\/AF1QipPzBXCtnl3pje9r-Od_n-VBTW7Y6mW4u2JpNJjx\/photo\/AF1QipMPwzfWZlUfOMrLBTahz8P3GiyTJ3-j_Z-ZW0Ll\">alumnat de 4t. d&#8217;ESO<\/a> va anar a l&#8217;exposici\u00f3 Par\u00e8ntesi? el dimecres 2 d&#8217;octubre de 2019. Guiats per la comiss\u00e0ria, Cintia Alonso van tenir l&#8217;oportunitat de consultar documents gr\u00e0fics, textos, pl\u00e0nols, fotografies, cartells, diaris, publicitat, entre d&#8217;altres fonts, que provenien d&#8217;arxius com el de la <a href=\"https:\/\/blocpavellorepublica.ub.edu\/2019\/09\/30\/exposicio-parentesi-lhospitalet-abans-i-despres-de-la-guerra-civil-espanyola-al-museu-dhospitalet-amb-collaboracio-del-crai-biblioteca-del-pavello-de-la-republica\/\">Biblioteca del Pavell\u00f3 de la Rep\u00fablica<\/a> de la Universitat de Barcelona, l&#8217;Arxiu Municipal de la Ciutat de l&#8217;Hospitalet, l&#8217;Arxiu Nacional de Catalunya i altres entitats culturals de la ciutat que permeten con\u00e8ixer de primera m\u00e0 com la guerra civil i la immediata postguerra van condicionar la vida dels habitants de la nostra ciutat. Podeu trobar m\u00e9s informaci\u00f3 al <a href=\"http:\/\/www.l-h.cat\/gdocs\/d2021057.pdf\">tr\u00edptic de l&#8217;exposici\u00f3<\/a>.<\/p>\n<p>&nbsp;<\/p>\n<p>&nbsp;<\/p>\n","protected":false},"excerpt":{"rendered":"<p>De la mateixa manera que els grups de 2n de batxillerat van visitar Casa Espanya la darrera setmana de setembre, l&#8217;<a href=\"https:\/\/photos.google.com\/album\/AF1QipPzBXCtnl3pje9r-Od_n-VBTW7Y6mW4u2JpNJjx\/photo\/AF1QipMPwzfWZlUfOMrLBTahz8P3GiyTJ3-j_Z-ZW0Ll\">alumnat de 4t. d&#8217;ESO<\/a> va anar a l&#8217;exposici\u00f3 Par\u00e8ntesi? el dimecres 2 d&#8217;octubre de 2019. Guiats per la comiss\u00e0ria, Cintia Alonso van tenir l&#8217;oportunitat&hellip;  <a href=\"https:\/\/agora.xtec.cat\/ies-santa-eulalia\/eso\/eso-4\/visita-a-lexposicio-parentesi\/\" title=\"Read Visita a l&#8217;exposici\u00f3 Par\u00e8ntesi\">Llegeix m\u00e9s\u00bb<\/a><\/p>\n","protected":false},"author":18,"featured_media":5152,"comment_status":"open","ping_status":"closed","sticky":false,"template":"","format":"standard","meta":{"_bbp_topic_count":0,"_bbp_reply_count":0,"_bbp_total_topic_count":0,"_bbp_total_reply_count":0,"_bbp_voice_count":0,"_bbp_anonymous_reply_count":0,"_bbp_topic_count_hidden":0,"_bbp_reply_count_hidden":0,"_bbp_forum_subforum_count":0,"footnotes":""},"categories":[147,7,29],"tags":[],"class_list":["post-5072","post","type-post","status-publish","format-standard","has-post-thumbnail","hentry","category-novetats-geografia-i-historia","category-eso-4","category-portada"],"post_mailing_queue_ids":[],"_links":{"self":[{"href":"https:\/\/agora.xtec.cat\/ies-santa-eulalia\/wp-json\/wp\/v2\/posts\/5072","targetHints":{"allow":["GET"]}}],"collection":[{"href":"https:\/\/agora.xtec.cat\/ies-santa-eulalia\/wp-json\/wp\/v2\/posts"}],"about":[{"href":"https:\/\/agora.xtec.cat\/ies-santa-eulalia\/wp-json\/wp\/v2\/types\/post"}],"author":[{"embeddable":true,"href":"https:\/\/agora.xtec.cat\/ies-santa-eulalia\/wp-json\/wp\/v2\/users\/18"}],"replies":[{"embeddable":true,"href":"https:\/\/agora.xtec.cat\/ies-santa-eulalia\/wp-json\/wp\/v2\/comments?post=5072"}],"version-history":[{"count":3,"href":"https:\/\/agora.xtec.cat\/ies-santa-eulalia\/wp-json\/wp\/v2\/posts\/5072\/revisions"}],"predecessor-version":[{"id":5159,"href":"https:\/\/agora.xtec.cat\/ies-santa-eulalia\/wp-json\/wp\/v2\/posts\/5072\/revisions\/5159"}],"wp:featuredmedia":[{"embeddable":true,"href":"https:\/\/agora.xtec.cat\/ies-santa-eulalia\/wp-json\/wp\/v2\/media\/5152"}],"wp:attachment":[{"href":"https:\/\/agora.xtec.cat\/ies-santa-eulalia\/wp-json\/wp\/v2\/media?parent=5072"}],"wp:term":[{"taxonomy":"category","embeddable":true,"href":"https:\/\/agora.xtec.cat\/ies-santa-eulalia\/wp-json\/wp\/v2\/categories?post=5072"},{"taxonomy":"post_tag","embeddable":true,"href":"https:\/\/agora.xtec.cat\/ies-santa-eulalia\/wp-json\/wp\/v2\/tags?post=5072"}],"curies":[{"name":"wp","href":"https:\/\/api.w.org\/{rel}","templated":true}]}}