{"id":4606,"date":"2019-06-11T22:16:39","date_gmt":"2019-06-11T20:16:39","guid":{"rendered":"http:\/\/agora.xtec.cat\/ies-santa-eulalia\/?p=4606"},"modified":"2019-06-13T16:25:37","modified_gmt":"2019-06-13T14:25:37","slug":"mercat-cooperatives","status":"publish","type":"post","link":"https:\/\/agora.xtec.cat\/ies-santa-eulalia\/eso\/eso-3\/mercat-cooperatives\/","title":{"rendered":"Mercat Cooperatives"},"content":{"rendered":"<p>El divendres 7 de juny es va celebrar el mercat a la pla\u00e7a Pius XII, davant del nostre Institut.<\/p>\n<p>La nostra cooperativa Levant formada per alumnes de tercer d&#8217;ESO que cursen l&#8217;assignatura de Emprenedoria, va vendre els productes asturians que havien adquirit a la cooperativa s\u00f2cia d&#8217;Ast\u00faries. Va ser tot un \u00e8xit de venda ja que en poc m\u00e9s d&#8217;un hora vam esgotar exist\u00e8ncies<\/p>\n<p>. <a href=\"https:\/\/agora.xtec.cat\/ies-santa-eulalia\/wp-content\/uploads\/usu1612\/2019\/06\/IMG_20190607_091716.jpg\"><img loading=\"lazy\" decoding=\"async\" class=\"alignnone wp-image-4608\" src=\"https:\/\/agora.xtec.cat\/ies-santa-eulalia\/wp-content\/uploads\/usu1612\/2019\/06\/IMG_20190607_091716-1024x576.jpg\" alt=\"\" width=\"327\" height=\"184\" srcset=\"https:\/\/agora.xtec.cat\/ies-santa-eulalia\/wp-content\/uploads\/usu1612\/2019\/06\/IMG_20190607_091716-1024x576.jpg 1024w, https:\/\/agora.xtec.cat\/ies-santa-eulalia\/wp-content\/uploads\/usu1612\/2019\/06\/IMG_20190607_091716-300x169.jpg 300w, https:\/\/agora.xtec.cat\/ies-santa-eulalia\/wp-content\/uploads\/usu1612\/2019\/06\/IMG_20190607_091716-768x432.jpg 768w\" sizes=\"auto, (max-width: 327px) 100vw, 327px\" \/><\/a> <a href=\"https:\/\/agora.xtec.cat\/ies-santa-eulalia\/wp-content\/uploads\/usu1612\/2019\/06\/IMG_20190607_093433.jpg\"><img loading=\"lazy\" decoding=\"async\" class=\"alignnone wp-image-4609\" src=\"https:\/\/agora.xtec.cat\/ies-santa-eulalia\/wp-content\/uploads\/usu1612\/2019\/06\/IMG_20190607_093433-1024x576.jpg\" alt=\"\" width=\"366\" height=\"206\" srcset=\"https:\/\/agora.xtec.cat\/ies-santa-eulalia\/wp-content\/uploads\/usu1612\/2019\/06\/IMG_20190607_093433-1024x576.jpg 1024w, https:\/\/agora.xtec.cat\/ies-santa-eulalia\/wp-content\/uploads\/usu1612\/2019\/06\/IMG_20190607_093433-300x169.jpg 300w, https:\/\/agora.xtec.cat\/ies-santa-eulalia\/wp-content\/uploads\/usu1612\/2019\/06\/IMG_20190607_093433-768x432.jpg 768w\" sizes=\"auto, (max-width: 366px) 100vw, 366px\" \/><\/a> <a href=\"https:\/\/agora.xtec.cat\/ies-santa-eulalia\/wp-content\/uploads\/usu1612\/2019\/06\/IMG_20190607_093443.jpg\"><img loading=\"lazy\" decoding=\"async\" class=\"alignnone wp-image-4610\" src=\"https:\/\/agora.xtec.cat\/ies-santa-eulalia\/wp-content\/uploads\/usu1612\/2019\/06\/IMG_20190607_093443-1024x576.jpg\" alt=\"\" width=\"343\" height=\"193\" srcset=\"https:\/\/agora.xtec.cat\/ies-santa-eulalia\/wp-content\/uploads\/usu1612\/2019\/06\/IMG_20190607_093443-1024x576.jpg 1024w, https:\/\/agora.xtec.cat\/ies-santa-eulalia\/wp-content\/uploads\/usu1612\/2019\/06\/IMG_20190607_093443-300x169.jpg 300w, https:\/\/agora.xtec.cat\/ies-santa-eulalia\/wp-content\/uploads\/usu1612\/2019\/06\/IMG_20190607_093443-768x432.jpg 768w\" sizes=\"auto, (max-width: 343px) 100vw, 343px\" \/><\/a> <a href=\"https:\/\/agora.xtec.cat\/ies-santa-eulalia\/wp-content\/uploads\/usu1612\/2019\/06\/IMG_20190607_094345.jpg\"><img loading=\"lazy\" decoding=\"async\" class=\"alignnone wp-image-4611\" src=\"https:\/\/agora.xtec.cat\/ies-santa-eulalia\/wp-content\/uploads\/usu1612\/2019\/06\/IMG_20190607_094345-1024x576.jpg\" alt=\"\" width=\"347\" height=\"195\" srcset=\"https:\/\/agora.xtec.cat\/ies-santa-eulalia\/wp-content\/uploads\/usu1612\/2019\/06\/IMG_20190607_094345-1024x576.jpg 1024w, https:\/\/agora.xtec.cat\/ies-santa-eulalia\/wp-content\/uploads\/usu1612\/2019\/06\/IMG_20190607_094345-300x169.jpg 300w, https:\/\/agora.xtec.cat\/ies-santa-eulalia\/wp-content\/uploads\/usu1612\/2019\/06\/IMG_20190607_094345-768x432.jpg 768w\" sizes=\"auto, (max-width: 347px) 100vw, 347px\" \/><\/a> <a href=\"https:\/\/agora.xtec.cat\/ies-santa-eulalia\/wp-content\/uploads\/usu1612\/2019\/06\/IMG_20190607_094351.jpg\"><img loading=\"lazy\" decoding=\"async\" class=\"alignnone wp-image-4612\" src=\"https:\/\/agora.xtec.cat\/ies-santa-eulalia\/wp-content\/uploads\/usu1612\/2019\/06\/IMG_20190607_094351-1024x576.jpg\" alt=\"\" width=\"364\" height=\"205\" srcset=\"https:\/\/agora.xtec.cat\/ies-santa-eulalia\/wp-content\/uploads\/usu1612\/2019\/06\/IMG_20190607_094351-1024x576.jpg 1024w, https:\/\/agora.xtec.cat\/ies-santa-eulalia\/wp-content\/uploads\/usu1612\/2019\/06\/IMG_20190607_094351-300x169.jpg 300w, https:\/\/agora.xtec.cat\/ies-santa-eulalia\/wp-content\/uploads\/usu1612\/2019\/06\/IMG_20190607_094351-768x432.jpg 768w\" sizes=\"auto, (max-width: 364px) 100vw, 364px\" \/><\/a> <a href=\"https:\/\/agora.xtec.cat\/ies-santa-eulalia\/wp-content\/uploads\/usu1612\/2019\/06\/IMG_20190607_094359.jpg\"><img loading=\"lazy\" decoding=\"async\" class=\"alignnone wp-image-4613\" src=\"https:\/\/agora.xtec.cat\/ies-santa-eulalia\/wp-content\/uploads\/usu1612\/2019\/06\/IMG_20190607_094359-1024x576.jpg\" alt=\"\" width=\"356\" height=\"200\" srcset=\"https:\/\/agora.xtec.cat\/ies-santa-eulalia\/wp-content\/uploads\/usu1612\/2019\/06\/IMG_20190607_094359-1024x576.jpg 1024w, https:\/\/agora.xtec.cat\/ies-santa-eulalia\/wp-content\/uploads\/usu1612\/2019\/06\/IMG_20190607_094359-300x169.jpg 300w, https:\/\/agora.xtec.cat\/ies-santa-eulalia\/wp-content\/uploads\/usu1612\/2019\/06\/IMG_20190607_094359-768x432.jpg 768w\" sizes=\"auto, (max-width: 356px) 100vw, 356px\" \/><\/a> <a href=\"https:\/\/agora.xtec.cat\/ies-santa-eulalia\/wp-content\/uploads\/usu1612\/2019\/06\/IMG_20190607_095524.jpg\"><img loading=\"lazy\" decoding=\"async\" class=\"alignnone wp-image-4614\" src=\"https:\/\/agora.xtec.cat\/ies-santa-eulalia\/wp-content\/uploads\/usu1612\/2019\/06\/IMG_20190607_095524-1024x576.jpg\" alt=\"\" width=\"357\" height=\"201\" srcset=\"https:\/\/agora.xtec.cat\/ies-santa-eulalia\/wp-content\/uploads\/usu1612\/2019\/06\/IMG_20190607_095524-1024x576.jpg 1024w, https:\/\/agora.xtec.cat\/ies-santa-eulalia\/wp-content\/uploads\/usu1612\/2019\/06\/IMG_20190607_095524-300x169.jpg 300w, https:\/\/agora.xtec.cat\/ies-santa-eulalia\/wp-content\/uploads\/usu1612\/2019\/06\/IMG_20190607_095524-768x432.jpg 768w\" sizes=\"auto, (max-width: 357px) 100vw, 357px\" \/><\/a> <a href=\"https:\/\/agora.xtec.cat\/ies-santa-eulalia\/wp-content\/uploads\/usu1612\/2019\/06\/IMG_20190607_103743.jpg\"><img loading=\"lazy\" decoding=\"async\" class=\"alignnone wp-image-4615\" src=\"https:\/\/agora.xtec.cat\/ies-santa-eulalia\/wp-content\/uploads\/usu1612\/2019\/06\/IMG_20190607_103743-1024x576.jpg\" alt=\"\" width=\"373\" height=\"210\" srcset=\"https:\/\/agora.xtec.cat\/ies-santa-eulalia\/wp-content\/uploads\/usu1612\/2019\/06\/IMG_20190607_103743-1024x576.jpg 1024w, https:\/\/agora.xtec.cat\/ies-santa-eulalia\/wp-content\/uploads\/usu1612\/2019\/06\/IMG_20190607_103743-300x169.jpg 300w, https:\/\/agora.xtec.cat\/ies-santa-eulalia\/wp-content\/uploads\/usu1612\/2019\/06\/IMG_20190607_103743-768x432.jpg 768w\" sizes=\"auto, (max-width: 373px) 100vw, 373px\" \/><\/a><a href=\"https:\/\/agora.xtec.cat\/ies-santa-eulalia\/wp-content\/uploads\/usu1612\/2019\/06\/coop.jpeg\"> <img loading=\"lazy\" decoding=\"async\" class=\"alignnone wp-image-4607\" src=\"https:\/\/agora.xtec.cat\/ies-santa-eulalia\/wp-content\/uploads\/usu1612\/2019\/06\/coop-1024x768.jpeg\" alt=\"\" width=\"282\" height=\"211\" srcset=\"https:\/\/agora.xtec.cat\/ies-santa-eulalia\/wp-content\/uploads\/usu1612\/2019\/06\/coop-1024x768.jpeg 1024w, https:\/\/agora.xtec.cat\/ies-santa-eulalia\/wp-content\/uploads\/usu1612\/2019\/06\/coop-300x225.jpeg 300w, https:\/\/agora.xtec.cat\/ies-santa-eulalia\/wp-content\/uploads\/usu1612\/2019\/06\/coop-768x576.jpeg 768w, https:\/\/agora.xtec.cat\/ies-santa-eulalia\/wp-content\/uploads\/usu1612\/2019\/06\/coop-200x150.jpeg 200w, https:\/\/agora.xtec.cat\/ies-santa-eulalia\/wp-content\/uploads\/usu1612\/2019\/06\/coop.jpeg 1600w\" sizes=\"auto, (max-width: 282px) 100vw, 282px\" \/><\/a><\/p>\n<p>&nbsp;<\/p>\n","protected":false},"excerpt":{"rendered":"<p>El divendres 7 de juny es va celebrar el mercat a la pla\u00e7a Pius XII, davant del nostre Institut.<br \/>\nLa nostra cooperativa Levant formada per alumnes de tercer d&#8217;ESO que cursen l&#8217;assignatura de Emprenedoria, va vendre els productes asturians que havien adquirit a la cooperativa s\u00f2cia&hellip;  <a href=\"https:\/\/agora.xtec.cat\/ies-santa-eulalia\/eso\/eso-3\/mercat-cooperatives\/\" title=\"Read Mercat Cooperatives\">Llegeix m\u00e9s\u00bb<\/a><\/p>\n","protected":false},"author":1,"featured_media":4622,"comment_status":"open","ping_status":"closed","sticky":false,"template":"","format":"standard","meta":{"_bbp_topic_count":0,"_bbp_reply_count":0,"_bbp_total_topic_count":0,"_bbp_total_reply_count":0,"_bbp_voice_count":0,"_bbp_anonymous_reply_count":0,"_bbp_topic_count_hidden":0,"_bbp_reply_count_hidden":0,"_bbp_forum_subforum_count":0,"footnotes":""},"categories":[6,29],"tags":[],"class_list":["post-4606","post","type-post","status-publish","format-standard","has-post-thumbnail","hentry","category-eso-3","category-portada"],"post_mailing_queue_ids":[],"_links":{"self":[{"href":"https:\/\/agora.xtec.cat\/ies-santa-eulalia\/wp-json\/wp\/v2\/posts\/4606","targetHints":{"allow":["GET"]}}],"collection":[{"href":"https:\/\/agora.xtec.cat\/ies-santa-eulalia\/wp-json\/wp\/v2\/posts"}],"about":[{"href":"https:\/\/agora.xtec.cat\/ies-santa-eulalia\/wp-json\/wp\/v2\/types\/post"}],"author":[{"embeddable":true,"href":"https:\/\/agora.xtec.cat\/ies-santa-eulalia\/wp-json\/wp\/v2\/users\/1"}],"replies":[{"embeddable":true,"href":"https:\/\/agora.xtec.cat\/ies-santa-eulalia\/wp-json\/wp\/v2\/comments?post=4606"}],"version-history":[{"count":4,"href":"https:\/\/agora.xtec.cat\/ies-santa-eulalia\/wp-json\/wp\/v2\/posts\/4606\/revisions"}],"predecessor-version":[{"id":4632,"href":"https:\/\/agora.xtec.cat\/ies-santa-eulalia\/wp-json\/wp\/v2\/posts\/4606\/revisions\/4632"}],"wp:featuredmedia":[{"embeddable":true,"href":"https:\/\/agora.xtec.cat\/ies-santa-eulalia\/wp-json\/wp\/v2\/media\/4622"}],"wp:attachment":[{"href":"https:\/\/agora.xtec.cat\/ies-santa-eulalia\/wp-json\/wp\/v2\/media?parent=4606"}],"wp:term":[{"taxonomy":"category","embeddable":true,"href":"https:\/\/agora.xtec.cat\/ies-santa-eulalia\/wp-json\/wp\/v2\/categories?post=4606"},{"taxonomy":"post_tag","embeddable":true,"href":"https:\/\/agora.xtec.cat\/ies-santa-eulalia\/wp-json\/wp\/v2\/tags?post=4606"}],"curies":[{"name":"wp","href":"https:\/\/api.w.org\/{rel}","templated":true}]}}