{"id":4598,"date":"2019-06-06T17:17:27","date_gmt":"2019-06-06T15:17:27","guid":{"rendered":"http:\/\/agora.xtec.cat\/ies-santa-eulalia\/?p=4598"},"modified":"2019-06-06T17:17:27","modified_gmt":"2019-06-06T15:17:27","slug":"tambe-acaba-el-curs-per-a-lescola-de-families","status":"publish","type":"post","link":"https:\/\/agora.xtec.cat\/ies-santa-eulalia\/general\/tambe-acaba-el-curs-per-a-lescola-de-families\/","title":{"rendered":"Tamb\u00e9 acaba el curs per a l&#8217;Escola de Fam\u00edlies"},"content":{"rendered":"<p>El passat dimarts 28 de maig es va portar a terme l&#8217;\u00faltima sessi\u00f3 de l&#8217;Escola de Fam\u00edlies d&#8217;aquest curs. Van dirigir la sessi\u00f3 tres terapeutes de l&#8217;\u00e0rea social de l&#8217;Institut Gestatlt, que van fer reflexionar els pares i mares sobre la imatge que tenen dels seus fills i les emocions i sensacions associades a aquesta etapa que els toca viure. Tot agraint la col\u00b7laboraci\u00f3 desinteressada de la citada entitat, ens acomiadem de les fam\u00edlies fins al setembre. Que tingueu un estiu reparador per a poder tornar amb energies renovades<span style=\"font-family: inherit; font-size: 1em;\">!<\/span><\/p>\n","protected":false},"excerpt":{"rendered":"<p>El passat dimarts 28 de maig es va portar a terme l&#8217;\u00faltima sessi\u00f3 de l&#8217;Escola de Fam\u00edlies d&#8217;aquest curs. Van dirigir la sessi\u00f3 tres terapeutes de l&#8217;\u00e0rea social de l&#8217;Institut Gestatlt, que van fer reflexionar els pares i mares sobre la imatge que tenen dels&hellip;  <a href=\"https:\/\/agora.xtec.cat\/ies-santa-eulalia\/general\/tambe-acaba-el-curs-per-a-lescola-de-families\/\" title=\"Read Tamb\u00e9 acaba el curs per a l&#8217;Escola de Fam\u00edlies\">Llegeix m\u00e9s\u00bb<\/a><\/p>\n","protected":false},"author":1,"featured_media":0,"comment_status":"open","ping_status":"closed","sticky":false,"template":"","format":"standard","meta":{"_bbp_topic_count":0,"_bbp_reply_count":0,"_bbp_total_topic_count":0,"_bbp_total_reply_count":0,"_bbp_voice_count":0,"_bbp_anonymous_reply_count":0,"_bbp_topic_count_hidden":0,"_bbp_reply_count_hidden":0,"_bbp_forum_subforum_count":0,"footnotes":""},"categories":[1,29],"tags":[],"class_list":["post-4598","post","type-post","status-publish","format-standard","hentry","category-general","category-portada"],"post_mailing_queue_ids":[],"_links":{"self":[{"href":"https:\/\/agora.xtec.cat\/ies-santa-eulalia\/wp-json\/wp\/v2\/posts\/4598","targetHints":{"allow":["GET"]}}],"collection":[{"href":"https:\/\/agora.xtec.cat\/ies-santa-eulalia\/wp-json\/wp\/v2\/posts"}],"about":[{"href":"https:\/\/agora.xtec.cat\/ies-santa-eulalia\/wp-json\/wp\/v2\/types\/post"}],"author":[{"embeddable":true,"href":"https:\/\/agora.xtec.cat\/ies-santa-eulalia\/wp-json\/wp\/v2\/users\/1"}],"replies":[{"embeddable":true,"href":"https:\/\/agora.xtec.cat\/ies-santa-eulalia\/wp-json\/wp\/v2\/comments?post=4598"}],"version-history":[{"count":1,"href":"https:\/\/agora.xtec.cat\/ies-santa-eulalia\/wp-json\/wp\/v2\/posts\/4598\/revisions"}],"predecessor-version":[{"id":4599,"href":"https:\/\/agora.xtec.cat\/ies-santa-eulalia\/wp-json\/wp\/v2\/posts\/4598\/revisions\/4599"}],"wp:attachment":[{"href":"https:\/\/agora.xtec.cat\/ies-santa-eulalia\/wp-json\/wp\/v2\/media?parent=4598"}],"wp:term":[{"taxonomy":"category","embeddable":true,"href":"https:\/\/agora.xtec.cat\/ies-santa-eulalia\/wp-json\/wp\/v2\/categories?post=4598"},{"taxonomy":"post_tag","embeddable":true,"href":"https:\/\/agora.xtec.cat\/ies-santa-eulalia\/wp-json\/wp\/v2\/tags?post=4598"}],"curies":[{"name":"wp","href":"https:\/\/api.w.org\/{rel}","templated":true}]}}