{"id":4586,"date":"2019-06-04T21:53:22","date_gmt":"2019-06-04T19:53:22","guid":{"rendered":"http:\/\/agora.xtec.cat\/ies-santa-eulalia\/?p=4586"},"modified":"2019-06-16T12:43:39","modified_gmt":"2019-06-16T10:43:39","slug":"graduacio-de-2n-de-batxillerat-diurn-promocio-2017-2019","status":"publish","type":"post","link":"https:\/\/agora.xtec.cat\/ies-santa-eulalia\/general\/graduacio-de-2n-de-batxillerat-diurn-promocio-2017-2019\/","title":{"rendered":"Graduaci\u00f3 de 2n de Batxillerat di\u00fcrn (promoci\u00f3 2017-2019)"},"content":{"rendered":"<p>El passat dijous 23 de maig va tenir lloc la graduaci\u00f3 dels alumnes de di\u00fcrn de 2n de Batxillerat. Va ser una celebraci\u00f3 molt emotiva i molt musical, at\u00e8s que diversos alumnes d&#8217;aquesta promoci\u00f3 (2017-2019) cursen, paral\u00b7lelament, estudis musicals. De fet, vam tenir l&#8217;oportunitat d&#8217;escoltar una pianista, un violinista, un saxofonista i una guitarrista tocant junts mentre la resta dels seus companys cantaven tot animant el p\u00fablic assistent a cantar tamb\u00e9 la tornada. El cap d&#8217;estudis, la coordinadora de Batxillerat i les tutores van adre\u00e7ar unes paraules als alumnes i tamb\u00e9 va haver ocasi\u00f3 de recordar alguns dels bons moments viscuts al centre. Us desitgem molta sort a partir d&#8217;ara!!<\/p>\n<p>Podeu veure les fotos al seg\u00fcent enlla\u00e7: <a href=\"https:\/\/drive.google.com\/open?id=1g1ArS67MMrxlQgZadsMoNlN2abJOkaIU\">FOTOS GRADUACI\u00d3<\/a><\/p>\n","protected":false},"excerpt":{"rendered":"<p>El passat dijous 23 de maig va tenir lloc la graduaci\u00f3 dels alumnes de di\u00fcrn de 2n de Batxillerat. Va ser una celebraci\u00f3 molt emotiva i molt musical, at\u00e8s que diversos alumnes d&#8217;aquesta promoci\u00f3 (2017-2019) cursen, paral\u00b7lelament, estudis musicals. De fet, vam tenir l&#8217;oportunitat d&#8217;escoltar&hellip;  <a href=\"https:\/\/agora.xtec.cat\/ies-santa-eulalia\/general\/graduacio-de-2n-de-batxillerat-diurn-promocio-2017-2019\/\" title=\"Read Graduaci\u00f3 de 2n de Batxillerat di\u00fcrn (promoci\u00f3 2017-2019)\">Llegeix m\u00e9s\u00bb<\/a><\/p>\n","protected":false},"author":1,"featured_media":4596,"comment_status":"open","ping_status":"closed","sticky":false,"template":"","format":"standard","meta":{"_bbp_topic_count":0,"_bbp_reply_count":0,"_bbp_total_topic_count":0,"_bbp_total_reply_count":0,"_bbp_voice_count":0,"_bbp_anonymous_reply_count":0,"_bbp_topic_count_hidden":0,"_bbp_reply_count_hidden":0,"_bbp_forum_subforum_count":0,"footnotes":""},"categories":[174,1,290,29],"tags":[],"class_list":["post-4586","post","type-post","status-publish","format-standard","has-post-thumbnail","hentry","category-2n-batxillerat","category-general","category-graduacio","category-portada"],"post_mailing_queue_ids":[],"_links":{"self":[{"href":"https:\/\/agora.xtec.cat\/ies-santa-eulalia\/wp-json\/wp\/v2\/posts\/4586","targetHints":{"allow":["GET"]}}],"collection":[{"href":"https:\/\/agora.xtec.cat\/ies-santa-eulalia\/wp-json\/wp\/v2\/posts"}],"about":[{"href":"https:\/\/agora.xtec.cat\/ies-santa-eulalia\/wp-json\/wp\/v2\/types\/post"}],"author":[{"embeddable":true,"href":"https:\/\/agora.xtec.cat\/ies-santa-eulalia\/wp-json\/wp\/v2\/users\/1"}],"replies":[{"embeddable":true,"href":"https:\/\/agora.xtec.cat\/ies-santa-eulalia\/wp-json\/wp\/v2\/comments?post=4586"}],"version-history":[{"count":3,"href":"https:\/\/agora.xtec.cat\/ies-santa-eulalia\/wp-json\/wp\/v2\/posts\/4586\/revisions"}],"predecessor-version":[{"id":4597,"href":"https:\/\/agora.xtec.cat\/ies-santa-eulalia\/wp-json\/wp\/v2\/posts\/4586\/revisions\/4597"}],"wp:featuredmedia":[{"embeddable":true,"href":"https:\/\/agora.xtec.cat\/ies-santa-eulalia\/wp-json\/wp\/v2\/media\/4596"}],"wp:attachment":[{"href":"https:\/\/agora.xtec.cat\/ies-santa-eulalia\/wp-json\/wp\/v2\/media?parent=4586"}],"wp:term":[{"taxonomy":"category","embeddable":true,"href":"https:\/\/agora.xtec.cat\/ies-santa-eulalia\/wp-json\/wp\/v2\/categories?post=4586"},{"taxonomy":"post_tag","embeddable":true,"href":"https:\/\/agora.xtec.cat\/ies-santa-eulalia\/wp-json\/wp\/v2\/tags?post=4586"}],"curies":[{"name":"wp","href":"https:\/\/api.w.org\/{rel}","templated":true}]}}