{"id":4554,"date":"2019-05-29T09:48:14","date_gmt":"2019-05-29T07:48:14","guid":{"rendered":"http:\/\/agora.xtec.cat\/ies-santa-eulalia\/?p=4554"},"modified":"2019-06-16T12:44:41","modified_gmt":"2019-06-16T10:44:41","slug":"graduacio-2n-de-batx-nocturn","status":"publish","type":"post","link":"https:\/\/agora.xtec.cat\/ies-santa-eulalia\/general\/graduacio-2n-de-batx-nocturn\/","title":{"rendered":"Graduaci\u00f3 de 2n de Batxillerat nocturn (promoci\u00f3 2017-2019)"},"content":{"rendered":"<p>Per fi ha arribat! Tot esfor\u00e7 t\u00e9 la seva recompensa. El passat divendres 24 de maig vam celebrar la graduaci\u00f3 del 2n de Batxillerat nocturn . Enhorabona!<\/p>\n<p>Podeu veure totes les fotos al seg\u00fcent enlla\u00e7:<\/p>\n<p><a href=\"https:\/\/drive.google.com\/drive\/folders\/1-5Tv_uSOJ3TrkPZpBTSYct-M1ZQ_HLXJ?usp=sharing\">Fotos Graduaci\u00f3 Nocturn 2019<\/a><\/p>\n<p>&nbsp;<\/p>\n<p><a href=\"https:\/\/agora.xtec.cat\/ies-santa-eulalia\/wp-content\/uploads\/usu1612\/2019\/05\/IMG_2052.jpg\"><img loading=\"lazy\" decoding=\"async\" class=\"alignnone size-large wp-image-4555\" src=\"https:\/\/agora.xtec.cat\/ies-santa-eulalia\/wp-content\/uploads\/usu1612\/2019\/05\/IMG_2052-1024x575.jpg\" alt=\"\" width=\"1024\" height=\"575\" srcset=\"https:\/\/agora.xtec.cat\/ies-santa-eulalia\/wp-content\/uploads\/usu1612\/2019\/05\/IMG_2052-1024x575.jpg 1024w, https:\/\/agora.xtec.cat\/ies-santa-eulalia\/wp-content\/uploads\/usu1612\/2019\/05\/IMG_2052-300x169.jpg 300w, https:\/\/agora.xtec.cat\/ies-santa-eulalia\/wp-content\/uploads\/usu1612\/2019\/05\/IMG_2052-768x432.jpg 768w\" sizes=\"auto, (max-width: 1024px) 100vw, 1024px\" \/><\/a><\/p>\n<p>&nbsp;<\/p>\n","protected":false},"excerpt":{"rendered":"<p>Per fi ha arribat! Tot esfor\u00e7 t\u00e9 la seva recompensa. El passat divendres 24 de maig vam celebrar la graduaci\u00f3 del 2n de Batxillerat nocturn . Enhorabona!<br \/>\nPodeu veure totes les fotos al seg\u00fcent enlla\u00e7:<br \/>\n<a href=\"https:\/\/drive.google.com\/drive\/folders\/1-5Tv_uSOJ3TrkPZpBTSYct-M1ZQ_HLXJ?usp=sharing\">Fotos Graduaci\u00f3 Nocturn 2019<\/a><br \/>\n&nbsp;<br \/>\n<a href=\"https:\/\/agora.xtec.cat\/ies-santa-eulalia\/wp-content\/uploads\/usu1612\/2019\/05\/IMG_2052.jpg\"><\/a><br \/>\n&nbsp;<\/p>\n","protected":false},"author":1,"featured_media":4555,"comment_status":"open","ping_status":"closed","sticky":false,"template":"","format":"standard","meta":{"_bbp_topic_count":0,"_bbp_reply_count":0,"_bbp_total_topic_count":0,"_bbp_total_reply_count":0,"_bbp_voice_count":0,"_bbp_anonymous_reply_count":0,"_bbp_topic_count_hidden":0,"_bbp_reply_count_hidden":0,"_bbp_forum_subforum_count":0,"footnotes":""},"categories":[181,174,1,290,29],"tags":[],"class_list":["post-4554","post","type-post","status-publish","format-standard","has-post-thumbnail","hentry","category-2n-batx-c","category-2n-batxillerat","category-general","category-graduacio","category-portada"],"post_mailing_queue_ids":[],"_links":{"self":[{"href":"https:\/\/agora.xtec.cat\/ies-santa-eulalia\/wp-json\/wp\/v2\/posts\/4554","targetHints":{"allow":["GET"]}}],"collection":[{"href":"https:\/\/agora.xtec.cat\/ies-santa-eulalia\/wp-json\/wp\/v2\/posts"}],"about":[{"href":"https:\/\/agora.xtec.cat\/ies-santa-eulalia\/wp-json\/wp\/v2\/types\/post"}],"author":[{"embeddable":true,"href":"https:\/\/agora.xtec.cat\/ies-santa-eulalia\/wp-json\/wp\/v2\/users\/1"}],"replies":[{"embeddable":true,"href":"https:\/\/agora.xtec.cat\/ies-santa-eulalia\/wp-json\/wp\/v2\/comments?post=4554"}],"version-history":[{"count":3,"href":"https:\/\/agora.xtec.cat\/ies-santa-eulalia\/wp-json\/wp\/v2\/posts\/4554\/revisions"}],"predecessor-version":[{"id":4633,"href":"https:\/\/agora.xtec.cat\/ies-santa-eulalia\/wp-json\/wp\/v2\/posts\/4554\/revisions\/4633"}],"wp:featuredmedia":[{"embeddable":true,"href":"https:\/\/agora.xtec.cat\/ies-santa-eulalia\/wp-json\/wp\/v2\/media\/4555"}],"wp:attachment":[{"href":"https:\/\/agora.xtec.cat\/ies-santa-eulalia\/wp-json\/wp\/v2\/media?parent=4554"}],"wp:term":[{"taxonomy":"category","embeddable":true,"href":"https:\/\/agora.xtec.cat\/ies-santa-eulalia\/wp-json\/wp\/v2\/categories?post=4554"},{"taxonomy":"post_tag","embeddable":true,"href":"https:\/\/agora.xtec.cat\/ies-santa-eulalia\/wp-json\/wp\/v2\/tags?post=4554"}],"curies":[{"name":"wp","href":"https:\/\/api.w.org\/{rel}","templated":true}]}}