{"id":4389,"date":"2019-05-22T09:48:25","date_gmt":"2019-05-22T07:48:25","guid":{"rendered":"http:\/\/agora.xtec.cat\/ies-santa-eulalia\/?p=4389"},"modified":"2019-06-06T12:37:24","modified_gmt":"2019-06-06T10:37:24","slug":"parlem-de-drogues-al-prbb","status":"publish","type":"post","link":"https:\/\/agora.xtec.cat\/ies-santa-eulalia\/general\/parlem-de-drogues-al-prbb\/","title":{"rendered":"Parlem de drogues al PRBB"},"content":{"rendered":"<p><a href=\"https:\/\/lh3.googleusercontent.com\/YnIIhFN8j3FVrvMdsJbBTwOD13lX8hQJ_dh8uDFw4Sai2_qVAYZcW5455xIDgEwUbxFAMz_GRIV08MRjvtyMFr7eByPk0puhhjHTVhzliqwzRXjSJAhAigZw-AqJVyom8TD1djepqw=w1684-h947-no\"><img loading=\"lazy\" decoding=\"async\" class=\"aligncenter size-large\" src=\"https:\/\/lh3.googleusercontent.com\/YnIIhFN8j3FVrvMdsJbBTwOD13lX8hQJ_dh8uDFw4Sai2_qVAYZcW5455xIDgEwUbxFAMz_GRIV08MRjvtyMFr7eByPk0puhhjHTVhzliqwzRXjSJAhAigZw-AqJVyom8TD1djepqw=w1684-h947-no\" width=\"1684\" height=\"947\" \/><\/a><\/p>\n<p>Dimecres passat l\u2019alumnat de 4t d&#8217;ESO de Biologia i Geologia va anar fins a l\u2019auditori del <em><a href=\"http:\/\/www.prbb.org\/ca\" target=\"_blank\" rel=\"noopener noreferrer\">Parc de Recerca Biom\u00e8dica de Barcelona<\/a><\/em> (<a class=\"notranslate\" href=\"https:\/\/www.instagram.com\/the_prbb\/\">@the_prbb<\/a>) per participar a la xerrada sobre drogues i cervell, usos i efectes del c\u00e0nnabis <em>Parlem de drogues<\/em> a c\u00e0rrec de Patr\u00edcia Robledo, Lorena Galera i Anna V\u00e0zquez investigadores\u00a0 del <a href=\"https:\/\/www.upf.edu\/web\/neurophar\" target=\"_blank\" rel=\"noopener noreferrer\"><em>Neurophar<\/em><\/a> i del departament de <a href=\"https:\/\/www.upf.edu\/web\/universitat\/-\/departament-de-ciencies-experimentals-i-de-la-salut\" target=\"_blank\" rel=\"noopener noreferrer\">Ci\u00e8ncies experimentals i de la Salut<\/a> de la UPF.<\/p>\n<p><a href=\"https:\/\/lh3.googleusercontent.com\/uKZdPd5FGMzNDnTEG4sGaQdUX-O4IZRg0yVPjjBEdIdma6lOi54h2kk_aXfRx_bHA-Vbor3ih2I9npidWJx58ZMl4QpUY78D5CJTrD9_QqTdLzupMXc4_uEWuX4zmL_IMokuVV7Ufg=w1684-h947-no\"><img loading=\"lazy\" decoding=\"async\" class=\"aligncenter size-large\" src=\"https:\/\/lh3.googleusercontent.com\/uKZdPd5FGMzNDnTEG4sGaQdUX-O4IZRg0yVPjjBEdIdma6lOi54h2kk_aXfRx_bHA-Vbor3ih2I9npidWJx58ZMl4QpUY78D5CJTrD9_QqTdLzupMXc4_uEWuX4zmL_IMokuVV7Ufg=w1684-h947-no\" width=\"1684\" height=\"947\" \/><\/a>A la primera part de la xerrada la Patr\u00edcia ens va fer una aproximaci\u00f3 a l&#8217;activitat del cervell i els efectes generals\u00a0 de les drogues sobre la seva activitat i els conceptes de toler\u00e0ncia i addicci\u00f3. Posteriorment, l&#8217;Anna i la Lorena es van centrar en l&#8217;\u00fas i efectes del c\u00e0nnabis i els cannabinoides. Reflexionant tant sobre els usos recreatius i terap\u00e8utics, com pel que fa als seus efectes generals sobre l&#8217;organisme i espec\u00edficament sobre diversos neuroreceptors.<\/p>\n<p>Podeu veure m\u00e9s imatges en aquest <a href=\"https:\/\/photos.app.goo.gl\/EL4iA7NsWHSo7V5H6\" target=\"_blank\" rel=\"noopener noreferrer\">\u00e0lbum<\/a>.<\/p>\n<p><a href=\"https:\/\/lh3.googleusercontent.com\/Cd68LX8lLVfFc5n9yus71lsm3yR1NegKG3D-LGpfqcjJYNqZTGDI0iixpBwbggQOfjSY2tsEc9orR-XKDOrJQfGVyKYORqRynXS-Cs1kt5R19_7mQrkAuyoUhGMOO81MVnW1DW1HhQ=w1684-h947-no\"><img loading=\"lazy\" decoding=\"async\" class=\"aligncenter size-large\" src=\"https:\/\/lh3.googleusercontent.com\/Cd68LX8lLVfFc5n9yus71lsm3yR1NegKG3D-LGpfqcjJYNqZTGDI0iixpBwbggQOfjSY2tsEc9orR-XKDOrJQfGVyKYORqRynXS-Cs1kt5R19_7mQrkAuyoUhGMOO81MVnW1DW1HhQ=w1684-h947-no\" width=\"1684\" height=\"947\" \/><\/a><\/p>\n<p><a href=\"https:\/\/lh3.googleusercontent.com\/bj2UydgU5Yk9NTcI-gcMVpWrKp6CJvT72rRQa83-h95ek0LlgvGwi729AIQyzfpMJYRO9ozTFEkpLOV545i4JxwGM3jN9hhXiJ_4KknyINhs8T90FHcGBfKkUWL7VrLiUZuMdEDpuQ=w1684-h947-no\"><img loading=\"lazy\" decoding=\"async\" class=\"aligncenter size-large\" src=\"https:\/\/lh3.googleusercontent.com\/bj2UydgU5Yk9NTcI-gcMVpWrKp6CJvT72rRQa83-h95ek0LlgvGwi729AIQyzfpMJYRO9ozTFEkpLOV545i4JxwGM3jN9hhXiJ_4KknyINhs8T90FHcGBfKkUWL7VrLiUZuMdEDpuQ=w1684-h947-no\" width=\"1684\" height=\"947\" \/><\/a><\/p>\n<p><a href=\"https:\/\/lh3.googleusercontent.com\/YrCwQ_cY0hQkC1w6G7NJdndqrnusmRAp7wqJgEQgVYuda7O6cELyVfE4vS37ZMU0lnTKc8aWFsjL3uCw7WKG2FUMhlngfNCySHEfUNGjuRB32W8F5lRUrUoKFbOMNB6iEzF_ZsH2Zg=w533-h947-no\"><img loading=\"lazy\" decoding=\"async\" class=\"aligncenter size-large\" src=\"https:\/\/lh3.googleusercontent.com\/YrCwQ_cY0hQkC1w6G7NJdndqrnusmRAp7wqJgEQgVYuda7O6cELyVfE4vS37ZMU0lnTKc8aWFsjL3uCw7WKG2FUMhlngfNCySHEfUNGjuRB32W8F5lRUrUoKFbOMNB6iEzF_ZsH2Zg=w533-h947-no\" width=\"533\" height=\"947\" \/><\/a><\/p>\n","protected":false},"excerpt":{"rendered":"<p><a href=\"https:\/\/lh3.googleusercontent.com\/YnIIhFN8j3FVrvMdsJbBTwOD13lX8hQJ_dh8uDFw4Sai2_qVAYZcW5455xIDgEwUbxFAMz_GRIV08MRjvtyMFr7eByPk0puhhjHTVhzliqwzRXjSJAhAigZw-AqJVyom8TD1djepqw=w1684-h947-no\"><\/a><br \/>\nDimecres passat l\u2019alumnat de 4t d&#8217;ESO de Biologia i Geologia va anar fins a l\u2019auditori del <a href=\"http:\/\/www.prbb.org\/ca\" target=\"_blank\" rel=\"noopener noreferrer\">Parc de Recerca Biom\u00e8dica de Barcelona<\/a> (<a class=\"notranslate\" href=\"https:\/\/www.instagram.com\/the_prbb\/\">@the_prbb<\/a>) per participar a la xerrada sobre drogues i cervell, usos i efectes del c\u00e0nnabis Parlem&hellip;  <a href=\"https:\/\/agora.xtec.cat\/ies-santa-eulalia\/general\/parlem-de-drogues-al-prbb\/\" title=\"Read Parlem de drogues al PRBB\">Llegeix m\u00e9s\u00bb<\/a><\/p>\n","protected":false},"author":35,"featured_media":4393,"comment_status":"open","ping_status":"closed","sticky":false,"template":"","format":"standard","meta":{"_bbp_topic_count":0,"_bbp_reply_count":0,"_bbp_total_topic_count":0,"_bbp_total_reply_count":0,"_bbp_voice_count":0,"_bbp_anonymous_reply_count":0,"_bbp_topic_count_hidden":0,"_bbp_reply_count_hidden":0,"_bbp_forum_subforum_count":0,"footnotes":""},"categories":[144,3,7,24,25,26,122,1,29],"tags":[201,288,289,127,221,205,286],"class_list":["post-4389","post","type-post","status-publish","format-standard","has-post-thumbnail","hentry","category-novetats-ciencies-naturals","category-eso","category-eso-4","category-eso-4a","category-eso-4b","category-eso-4c","category-eso-4d","category-general","category-portada","tag-2018-2019","tag-4t-eso","tag-4t-eso-big","tag-biologia","tag-ciencia","tag-ins-santa-eulalia","tag-neurophar"],"post_mailing_queue_ids":[],"_links":{"self":[{"href":"https:\/\/agora.xtec.cat\/ies-santa-eulalia\/wp-json\/wp\/v2\/posts\/4389","targetHints":{"allow":["GET"]}}],"collection":[{"href":"https:\/\/agora.xtec.cat\/ies-santa-eulalia\/wp-json\/wp\/v2\/posts"}],"about":[{"href":"https:\/\/agora.xtec.cat\/ies-santa-eulalia\/wp-json\/wp\/v2\/types\/post"}],"author":[{"embeddable":true,"href":"https:\/\/agora.xtec.cat\/ies-santa-eulalia\/wp-json\/wp\/v2\/users\/35"}],"replies":[{"embeddable":true,"href":"https:\/\/agora.xtec.cat\/ies-santa-eulalia\/wp-json\/wp\/v2\/comments?post=4389"}],"version-history":[{"count":3,"href":"https:\/\/agora.xtec.cat\/ies-santa-eulalia\/wp-json\/wp\/v2\/posts\/4389\/revisions"}],"predecessor-version":[{"id":4429,"href":"https:\/\/agora.xtec.cat\/ies-santa-eulalia\/wp-json\/wp\/v2\/posts\/4389\/revisions\/4429"}],"wp:featuredmedia":[{"embeddable":true,"href":"https:\/\/agora.xtec.cat\/ies-santa-eulalia\/wp-json\/wp\/v2\/media\/4393"}],"wp:attachment":[{"href":"https:\/\/agora.xtec.cat\/ies-santa-eulalia\/wp-json\/wp\/v2\/media?parent=4389"}],"wp:term":[{"taxonomy":"category","embeddable":true,"href":"https:\/\/agora.xtec.cat\/ies-santa-eulalia\/wp-json\/wp\/v2\/categories?post=4389"},{"taxonomy":"post_tag","embeddable":true,"href":"https:\/\/agora.xtec.cat\/ies-santa-eulalia\/wp-json\/wp\/v2\/tags?post=4389"}],"curies":[{"name":"wp","href":"https:\/\/api.w.org\/{rel}","templated":true}]}}