{"id":4385,"date":"2019-05-20T13:26:16","date_gmt":"2019-05-20T11:26:16","guid":{"rendered":"http:\/\/agora.xtec.cat\/ies-santa-eulalia\/?p=4385"},"modified":"2019-05-20T13:26:16","modified_gmt":"2019-05-20T11:26:16","slug":"santa-eulalia-radio","status":"publish","type":"post","link":"https:\/\/agora.xtec.cat\/ies-santa-eulalia\/novetats-siei\/santa-eulalia-radio\/","title":{"rendered":"SANTA EUL\u00c0LIA R\u00c0DIO"},"content":{"rendered":"<p>Us presentem l\u00b4\u00faltim programa de Santa Eul\u00e0lia R\u00e0dio de l\u00b4alumnat de la SIEI. Enguany \u00e9s el tercer curs que participem en aquest projecte amb Torre Barrina, cada any m\u00e9s i millor!! Escolteu-lo!!<\/p>\n<!--[if lt IE 9]><script>document.createElement('audio');<\/script><![endif]-->\n<audio class=\"wp-audio-shortcode\" id=\"audio-4385-1\" preload=\"none\" style=\"width: 100%;\" controls=\"controls\"><source type=\"audio\/mpeg\" src=\"https:\/\/agora.xtec.cat\/ies-santa-eulalia\/wp-content\/uploads\/usu1612\/2019\/05\/gravaci\u00f3-redu\u00efda.mp3?_=1\" \/><a href=\"https:\/\/agora.xtec.cat\/ies-santa-eulalia\/wp-content\/uploads\/usu1612\/2019\/05\/gravaci\u00f3-redu\u00efda.mp3\">https:\/\/agora.xtec.cat\/ies-santa-eulalia\/wp-content\/uploads\/usu1612\/2019\/05\/gravaci\u00f3-redu\u00efda.mp3<\/a><\/audio>\n","protected":false},"excerpt":{"rendered":"<p>Us presentem l\u00b4\u00faltim programa de Santa Eul\u00e0lia R\u00e0dio de l\u00b4alumnat de la SIEI. Enguany \u00e9s el tercer curs que participem en aquest projecte amb Torre Barrina, cada any m\u00e9s i millor!! Escolteu-lo!!<br \/>\n<a href=\"https:\/\/agora.xtec.cat\/ies-santa-eulalia\/wp-content\/uploads\/usu1612\/2019\/05\/gravaci\u00f3-redu\u00efda.mp3\">https:\/\/agora.xtec.cat\/ies-santa-eulalia\/wp-content\/uploads\/usu1612\/2019\/05\/gravaci\u00f3-redu\u00efda.mp3<\/a><\/p>\n","protected":false},"author":60,"featured_media":0,"comment_status":"open","ping_status":"closed","sticky":false,"template":"","format":"standard","meta":{"_bbp_topic_count":0,"_bbp_reply_count":0,"_bbp_total_topic_count":0,"_bbp_total_reply_count":0,"_bbp_voice_count":0,"_bbp_anonymous_reply_count":0,"_bbp_topic_count_hidden":0,"_bbp_reply_count_hidden":0,"_bbp_forum_subforum_count":0,"footnotes":""},"categories":[153],"tags":[],"class_list":["post-4385","post","type-post","status-publish","format-standard","hentry","category-novetats-siei"],"post_mailing_queue_ids":[],"_links":{"self":[{"href":"https:\/\/agora.xtec.cat\/ies-santa-eulalia\/wp-json\/wp\/v2\/posts\/4385","targetHints":{"allow":["GET"]}}],"collection":[{"href":"https:\/\/agora.xtec.cat\/ies-santa-eulalia\/wp-json\/wp\/v2\/posts"}],"about":[{"href":"https:\/\/agora.xtec.cat\/ies-santa-eulalia\/wp-json\/wp\/v2\/types\/post"}],"author":[{"embeddable":true,"href":"https:\/\/agora.xtec.cat\/ies-santa-eulalia\/wp-json\/wp\/v2\/users\/60"}],"replies":[{"embeddable":true,"href":"https:\/\/agora.xtec.cat\/ies-santa-eulalia\/wp-json\/wp\/v2\/comments?post=4385"}],"version-history":[{"count":2,"href":"https:\/\/agora.xtec.cat\/ies-santa-eulalia\/wp-json\/wp\/v2\/posts\/4385\/revisions"}],"predecessor-version":[{"id":4388,"href":"https:\/\/agora.xtec.cat\/ies-santa-eulalia\/wp-json\/wp\/v2\/posts\/4385\/revisions\/4388"}],"wp:attachment":[{"href":"https:\/\/agora.xtec.cat\/ies-santa-eulalia\/wp-json\/wp\/v2\/media?parent=4385"}],"wp:term":[{"taxonomy":"category","embeddable":true,"href":"https:\/\/agora.xtec.cat\/ies-santa-eulalia\/wp-json\/wp\/v2\/categories?post=4385"},{"taxonomy":"post_tag","embeddable":true,"href":"https:\/\/agora.xtec.cat\/ies-santa-eulalia\/wp-json\/wp\/v2\/tags?post=4385"}],"curies":[{"name":"wp","href":"https:\/\/api.w.org\/{rel}","templated":true}]}}