{"id":4119,"date":"2019-04-24T22:12:43","date_gmt":"2019-04-24T20:12:43","guid":{"rendered":"http:\/\/agora.xtec.cat\/ies-santa-eulalia\/?p=4119"},"modified":"2019-05-08T16:51:49","modified_gmt":"2019-05-08T14:51:49","slug":"first-literary-dates-2","status":"publish","type":"post","link":"https:\/\/agora.xtec.cat\/ies-santa-eulalia\/general\/first-literary-dates-2\/","title":{"rendered":"FIRST LITERARY DATES"},"content":{"rendered":"<p><strong>Los alumnos de 1\u00ba de bachillerato desarrollan el proyecto First(Literary) Dates para fomentar el gusto por la lectura.<br \/>\n<\/strong><\/p>\n<p>&nbsp;<\/p>\n<p>El proyecto consiste en celebrar unas tertulias literarias el 2 de abril, D\u00eda Mundial de la Literatura Infantil y Juvenil, para que los alumnos de la ESO que deseen participar mantengan unas citas a ciegas en las que se les invitar\u00e1 a merendar mientras comentan los libros que hayan le\u00eddo. Esta ser\u00e1 la 3\u00aa edici\u00f3n del proyecto y este curso participamos 5 centros: el Ins. Sta. Eulalia y el Ins. Bellvitge, de L\u2019Hospitalet, el Costa i Llobera y el Virolai, de Barcelona, y el V\u00e1zquez Montalb\u00e1n, de St. Adri\u00e0 de Bes\u00f2s. El objetivo es difundir el gusto por la lectura entre los participantes, que se conocen mientras meriendan y comentan sus lecturas en un ambiente relajado.<\/p>\n<p><a href=\"https:\/\/agora.xtec.cat\/ies-santa-eulalia\/wp-content\/uploads\/usu1612\/2019\/04\/Captura-3.jpg\"><img loading=\"lazy\" decoding=\"async\" class=\"alignnone size-full wp-image-4120\" src=\"https:\/\/agora.xtec.cat\/ies-santa-eulalia\/wp-content\/uploads\/usu1612\/2019\/04\/Captura-3.jpg\" alt=\"\" width=\"704\" height=\"262\" srcset=\"https:\/\/agora.xtec.cat\/ies-santa-eulalia\/wp-content\/uploads\/usu1612\/2019\/04\/Captura-3.jpg 704w, https:\/\/agora.xtec.cat\/ies-santa-eulalia\/wp-content\/uploads\/usu1612\/2019\/04\/Captura-3-300x112.jpg 300w\" sizes=\"auto, (max-width: 704px) 100vw, 704px\" \/><\/a><\/p>\n<p>&nbsp;<\/p>\n<p class=\"normal\"><span lang=\"es\">Todo lo organizan los alumnos de 1\u00ba de Bachillerato del Sta. Eulalia y del Virolai. Para ello llevan trabajando con las lecturas desde principio de curso en la asignatura de Lengua y literatura castellana: se han agrupado por \u201cmen\u00fas literarios\u201d (que han editado y que se han colgado en un mural) y han ido leyendo algunas de las obras de sus men\u00fas, de las que han elaborado un booktr\u00e1iler y una rese\u00f1a literaria. Las lecturas se han comentado en clase en puestas en com\u00fan y est\u00e1n colgadas en una web (<a href=\"http:\/\/www.rdelgado09.wixsite.com\/fld19\"><span style=\"color: #1155cc;\">www.rdelgado09.wixsite.com\/fld19<\/span><\/a>) para que los que quieran participar en las meriendas literarias puedan elegir qu\u00e9 libros desean leer. <\/span><\/p>\n<p class=\"normal\"><span lang=\"es\">\u00a0<\/span><\/p>\n<p class=\"normal\"><span lang=\"es\">Tambi\u00e9n los alumnos de Bachillerato est\u00e1n realizando un seguimiento de los alumnos de la ESO que se han apuntado hasta el momento, mediante breves encuentros y la grabaci\u00f3n de unas declaraciones sobre sus lecturas. En este <a href=\"https:\/\/drive.google.com\/drive\/folders\/1ZWgysbJJzMwDSCldGkrGRW5Uej-Jh3FF?usp=sharing.\"><span style=\"color: #1155cc;\">enlace<\/span><\/a> pod\u00e9is ver algunas de ellas. <\/span><\/p>\n<p class=\"normal\"><span lang=\"es\">\u00a0<\/span><\/p>\n<p class=\"normal\"><span lang=\"es\">El d\u00eda de los encuentros, el 2 de abril, los organizadores tendr\u00e1n diferentes funciones: mediadores en las conversaciones, secretarios de las mesas de debate, evaluadores de los participantes, reporteros del proyecto\u2026 Precisamente, el grupo de investigaci\u00f3n ESBRINA, de la Facultad de Bellas Artes de la UB est\u00e1 proporcionando una formaci\u00f3n en lenguaje audiovisual (desde el punto de vista t\u00e9cnico y art\u00edstico) en el Laboratorio de Medios de la UB a los alumnos que ser\u00e1n reporteros \u201coficiales\u201d del proyecto. Estos alumnos est\u00e1n registrando todo el proceso para elaborar al final un documento audiovisual que presentar\u00e1n como su Treball de Recerca de Bachillerato.<\/span><\/p>\n<p><a href=\"https:\/\/agora.xtec.cat\/ies-santa-eulalia\/wp-content\/uploads\/usu1612\/2019\/04\/Captura-4.jpg\"><img loading=\"lazy\" decoding=\"async\" class=\"alignnone size-full wp-image-4121\" src=\"https:\/\/agora.xtec.cat\/ies-santa-eulalia\/wp-content\/uploads\/usu1612\/2019\/04\/Captura-4.jpg\" alt=\"\" width=\"727\" height=\"340\" srcset=\"https:\/\/agora.xtec.cat\/ies-santa-eulalia\/wp-content\/uploads\/usu1612\/2019\/04\/Captura-4.jpg 727w, https:\/\/agora.xtec.cat\/ies-santa-eulalia\/wp-content\/uploads\/usu1612\/2019\/04\/Captura-4-300x140.jpg 300w\" sizes=\"auto, (max-width: 727px) 100vw, 727px\" \/><\/a><\/p>\n<p><a href=\"https:\/\/agora.xtec.cat\/ies-santa-eulalia\/wp-content\/uploads\/usu1612\/2019\/04\/Captura-5.jpg\"><img loading=\"lazy\" decoding=\"async\" class=\"alignnone size-full wp-image-4122\" src=\"https:\/\/agora.xtec.cat\/ies-santa-eulalia\/wp-content\/uploads\/usu1612\/2019\/04\/Captura-5.jpg\" alt=\"\" width=\"695\" height=\"257\" srcset=\"https:\/\/agora.xtec.cat\/ies-santa-eulalia\/wp-content\/uploads\/usu1612\/2019\/04\/Captura-5.jpg 695w, https:\/\/agora.xtec.cat\/ies-santa-eulalia\/wp-content\/uploads\/usu1612\/2019\/04\/Captura-5-300x111.jpg 300w\" sizes=\"auto, (max-width: 695px) 100vw, 695px\" \/><\/a><\/p>\n<p class=\"normal\"><span lang=\"es\">Tambi\u00e9n est\u00e1n colaborando con el proyecto estudiantes de m\u00e1sters de diferentes especialidades. De la Facultad de Ciencias de la Educaci\u00f3n de la UAB, la profesora Elizabeth Bustos est\u00e1 realizando una investigaci\u00f3n sobre el papel de los alumnos de Bachillerato como mediadores entre los lectores de la ESO y las lecturas. Del m\u00e1ster de Pedagog\u00eda de la Facultad de Bellas Artes de la UB, la dise\u00f1adora Guerthy Guti\u00e9rrez est\u00e1 dise\u00f1ando con los alumnos de la Optativa de Visual y Pl\u00e1stica de 4\u00ba de ESO carteles sobre el proyecto con la t\u00e9cnica del grabado, un recuerdo que se entregar\u00e1 como obsequio a los participantes en el proyecto, las invitaciones que se dan a todos los participantes\u2026 <\/span><\/p>\n<p><a href=\"https:\/\/agora.xtec.cat\/ies-santa-eulalia\/wp-content\/uploads\/usu1612\/2019\/04\/Captura-6.jpg\"><img loading=\"lazy\" decoding=\"async\" class=\"alignnone size-full wp-image-4123\" src=\"https:\/\/agora.xtec.cat\/ies-santa-eulalia\/wp-content\/uploads\/usu1612\/2019\/04\/Captura-6.jpg\" alt=\"\" width=\"691\" height=\"187\" srcset=\"https:\/\/agora.xtec.cat\/ies-santa-eulalia\/wp-content\/uploads\/usu1612\/2019\/04\/Captura-6.jpg 691w, https:\/\/agora.xtec.cat\/ies-santa-eulalia\/wp-content\/uploads\/usu1612\/2019\/04\/Captura-6-300x81.jpg 300w\" sizes=\"auto, (max-width: 691px) 100vw, 691px\" \/><\/a><\/p>\n<p class=\"normal\"><span lang=\"es\">El proyecto ha tenido una amplia repercusi\u00f3n en la prensa y en la comunidad educativa y cultural. En diciembre apareci\u00f3 en el <a href=\"http:\/\/lhdigital.cat\/diarilh_digital\/340\/27\/index.html#zoom=z\"><span style=\"color: #1155cc;\">Diari de L\u2019Hospitaltet<\/span><\/a> y en marzo ser\u00e1 presentado en unas <a href=\"http:\/\/encuentrodocenteslenguasbilbao.blogspot.com\/p\/buenas-practicas.html\"><span style=\"color: #1155cc;\">Jornadas para Docentes<\/span><\/a> que se celebran en Bilbao. Tambi\u00e9n se le dedic\u00f3 un programa en Tele Hospitalet :<\/span><\/p>\n<p class=\"normal\"><span lang=\"es\"><a href=\"https:\/\/lhdigital.cat\/web\/digital-h\/televisio\/veure-video\/-\/journal_content\/56_INSTANCE_ZrP3\/11023\/13928276\"> Ver Programa\u00a0 a Televisi\u00f3 de L&#8217;Hospitalet<\/a> <\/span><\/p>\n<p class=\"normal\"><span lang=\"es\">Ya se ha comentado en diversos medios de comunicaci\u00f3n y en junio represent\u00f3 a Barcelona en un encuentro de ciudades literarias organizado en Cracovia por el Pen Club.<\/span><\/p>\n<p class=\"normal\"><span lang=\"es\">\u00a0<\/span><\/p>\n<p class=\"normal\"><span lang=\"es\">Aqu\u00ed pod\u00e9is ver un <a href=\"https:\/\/drive.google.com\/file\/d\/1gBpqZPhgcGKCwibxVxKcFq3RiCxuJ_58\/view?usp=sharing\"><span style=\"color: #1155cc;\">v\u00eddeo<\/span><\/a> que da cuenta de la 2\u00aa edici\u00f3n, escuchar algunas entrevistas sobre la experiencia en la <a href=\"http:\/\/play.cadenaser.com\/audio\/001RD010000005024023\/?ssm=whatsapp\"><span style=\"color: #1155cc;\">Cadena Ser<\/span><\/a> y en <a href=\"https:\/\/drive.google.com\/file\/d\/0B2YQkTLDmrJ1YjJyOG90d3ZNVGpsMVg4S19wTGthMFBhV3Nj\/view?usp=sharing\"><span style=\"color: #1155cc;\">RNE<\/span><\/a> y leer uno de los art\u00edculos que se publicaron sobre las anteriores ediciones: <a href=\"http:\/\/eldiariodelaeducacion.com\/blog\/2018\/05\/14\/first-literary-dates-un-proyecto-para-promover-la-pasion-por-la-lectura-en-el-alumnado-de-secundaria-y-mucho-mas\/\"><span style=\"color: #1155cc;\">Diario de la educaci\u00f3n<\/span><\/a> (14\/5\/2018), colgado en el portal \u201cLeer te da vidas extra\u201d, del <a href=\"https:\/\/www.facebook.com\/vidasextra\/posts\/347930165730278\"><span style=\"color: #1155cc;\">Ministerio de Educaci\u00f3n<\/span><\/a>, y en el blog de la <a href=\"https:\/\/esbrina.eu\/beyond\/\"><span style=\"color: #1155cc;\">UB<\/span><\/a>.<\/span><\/p>\n<p class=\"normal\"><span lang=\"es\">\u00a0<\/span><\/p>\n<p class=\"normal\"><span lang=\"es\">\u00a1\u00a1\u00a1Animaos a participar y a disfrutar compartiendo las lecturas!!!<\/span><\/p>\n<p>&nbsp;<\/p>\n","protected":false},"excerpt":{"rendered":"<p>Los alumnos de 1\u00ba de bachillerato desarrollan el proyecto First(Literary) Dates para fomentar el gusto por la lectura.<\/p>\n<p>&hellip;  <a href=\"https:\/\/agora.xtec.cat\/ies-santa-eulalia\/general\/first-literary-dates-2\/\" title=\"Read FIRST LITERARY DATES\">Llegeix m\u00e9s\u00bb<\/a><\/p>\n","protected":false},"author":1,"featured_media":4120,"comment_status":"open","ping_status":"closed","sticky":false,"template":"","format":"standard","meta":{"_bbp_topic_count":0,"_bbp_reply_count":0,"_bbp_total_topic_count":0,"_bbp_total_reply_count":0,"_bbp_voice_count":0,"_bbp_anonymous_reply_count":0,"_bbp_topic_count_hidden":0,"_bbp_reply_count_hidden":0,"_bbp_forum_subforum_count":0,"footnotes":""},"categories":[8,3,1,29],"tags":[],"class_list":["post-4119","post","type-post","status-publish","format-standard","has-post-thumbnail","hentry","category-batxillerat","category-eso","category-general","category-portada"],"post_mailing_queue_ids":[],"_links":{"self":[{"href":"https:\/\/agora.xtec.cat\/ies-santa-eulalia\/wp-json\/wp\/v2\/posts\/4119","targetHints":{"allow":["GET"]}}],"collection":[{"href":"https:\/\/agora.xtec.cat\/ies-santa-eulalia\/wp-json\/wp\/v2\/posts"}],"about":[{"href":"https:\/\/agora.xtec.cat\/ies-santa-eulalia\/wp-json\/wp\/v2\/types\/post"}],"author":[{"embeddable":true,"href":"https:\/\/agora.xtec.cat\/ies-santa-eulalia\/wp-json\/wp\/v2\/users\/1"}],"replies":[{"embeddable":true,"href":"https:\/\/agora.xtec.cat\/ies-santa-eulalia\/wp-json\/wp\/v2\/comments?post=4119"}],"version-history":[{"count":3,"href":"https:\/\/agora.xtec.cat\/ies-santa-eulalia\/wp-json\/wp\/v2\/posts\/4119\/revisions"}],"predecessor-version":[{"id":4267,"href":"https:\/\/agora.xtec.cat\/ies-santa-eulalia\/wp-json\/wp\/v2\/posts\/4119\/revisions\/4267"}],"wp:featuredmedia":[{"embeddable":true,"href":"https:\/\/agora.xtec.cat\/ies-santa-eulalia\/wp-json\/wp\/v2\/media\/4120"}],"wp:attachment":[{"href":"https:\/\/agora.xtec.cat\/ies-santa-eulalia\/wp-json\/wp\/v2\/media?parent=4119"}],"wp:term":[{"taxonomy":"category","embeddable":true,"href":"https:\/\/agora.xtec.cat\/ies-santa-eulalia\/wp-json\/wp\/v2\/categories?post=4119"},{"taxonomy":"post_tag","embeddable":true,"href":"https:\/\/agora.xtec.cat\/ies-santa-eulalia\/wp-json\/wp\/v2\/tags?post=4119"}],"curies":[{"name":"wp","href":"https:\/\/api.w.org\/{rel}","templated":true}]}}