{"id":4114,"date":"2019-04-24T21:27:31","date_gmt":"2019-04-24T19:27:31","guid":{"rendered":"http:\/\/agora.xtec.cat\/ies-santa-eulalia\/?p=4114"},"modified":"2019-05-02T11:29:38","modified_gmt":"2019-05-02T09:29:38","slug":"propera-sessio-escola-de-families-3","status":"publish","type":"post","link":"https:\/\/agora.xtec.cat\/ies-santa-eulalia\/general\/propera-sessio-escola-de-families-3\/","title":{"rendered":"Propera sessi\u00f3 escola de Fam\u00edlies ATENCI\u00d3!!! SESSI\u00d3 ANUL\u00b7LADA!!"},"content":{"rendered":"<p>ATENCI\u00d3!!! AQUESTA SESSI\u00d3 S&#8217;HA HAGUT D&#8217;ANUL\u00b7LAR!!<\/p>\n<p>Us informarem de les noves dates<\/p>\n","protected":false},"excerpt":{"rendered":"<p>El Futur dels nostres fills: Propera sessi\u00f3 de l&#8217;Escola de Fam\u00edlies el dimarts  30 d&#8217;abril a les 18:30.  Us hi esperem!&hellip;  <a href=\"https:\/\/agora.xtec.cat\/ies-santa-eulalia\/general\/propera-sessio-escola-de-families-3\/\" title=\"Read Propera sessi\u00f3 escola de Fam\u00edlies ATENCI\u00d3!!! SESSI\u00d3 ANUL\u00b7LADA!!\">Llegeix m\u00e9s\u00bb<\/a><\/p>\n","protected":false},"author":1,"featured_media":4115,"comment_status":"open","ping_status":"closed","sticky":false,"template":"","format":"standard","meta":{"_bbp_topic_count":0,"_bbp_reply_count":0,"_bbp_total_topic_count":0,"_bbp_total_reply_count":0,"_bbp_voice_count":0,"_bbp_anonymous_reply_count":0,"_bbp_topic_count_hidden":0,"_bbp_reply_count_hidden":0,"_bbp_forum_subforum_count":0,"footnotes":""},"categories":[1],"tags":[],"class_list":["post-4114","post","type-post","status-publish","format-standard","has-post-thumbnail","hentry","category-general"],"post_mailing_queue_ids":[],"_links":{"self":[{"href":"https:\/\/agora.xtec.cat\/ies-santa-eulalia\/wp-json\/wp\/v2\/posts\/4114","targetHints":{"allow":["GET"]}}],"collection":[{"href":"https:\/\/agora.xtec.cat\/ies-santa-eulalia\/wp-json\/wp\/v2\/posts"}],"about":[{"href":"https:\/\/agora.xtec.cat\/ies-santa-eulalia\/wp-json\/wp\/v2\/types\/post"}],"author":[{"embeddable":true,"href":"https:\/\/agora.xtec.cat\/ies-santa-eulalia\/wp-json\/wp\/v2\/users\/1"}],"replies":[{"embeddable":true,"href":"https:\/\/agora.xtec.cat\/ies-santa-eulalia\/wp-json\/wp\/v2\/comments?post=4114"}],"version-history":[{"count":3,"href":"https:\/\/agora.xtec.cat\/ies-santa-eulalia\/wp-json\/wp\/v2\/posts\/4114\/revisions"}],"predecessor-version":[{"id":4220,"href":"https:\/\/agora.xtec.cat\/ies-santa-eulalia\/wp-json\/wp\/v2\/posts\/4114\/revisions\/4220"}],"wp:featuredmedia":[{"embeddable":true,"href":"https:\/\/agora.xtec.cat\/ies-santa-eulalia\/wp-json\/wp\/v2\/media\/4115"}],"wp:attachment":[{"href":"https:\/\/agora.xtec.cat\/ies-santa-eulalia\/wp-json\/wp\/v2\/media?parent=4114"}],"wp:term":[{"taxonomy":"category","embeddable":true,"href":"https:\/\/agora.xtec.cat\/ies-santa-eulalia\/wp-json\/wp\/v2\/categories?post=4114"},{"taxonomy":"post_tag","embeddable":true,"href":"https:\/\/agora.xtec.cat\/ies-santa-eulalia\/wp-json\/wp\/v2\/tags?post=4114"}],"curies":[{"name":"wp","href":"https:\/\/api.w.org\/{rel}","templated":true}]}}