{"id":4099,"date":"2019-04-24T09:53:22","date_gmt":"2019-04-24T07:53:22","guid":{"rendered":"http:\/\/agora.xtec.cat\/ies-santa-eulalia\/?p=4099"},"modified":"2019-04-24T22:25:05","modified_gmt":"2019-04-24T20:25:05","slug":"parlem-de-lectures","status":"publish","type":"post","link":"https:\/\/agora.xtec.cat\/ies-santa-eulalia\/general\/parlem-de-lectures\/","title":{"rendered":"Parlem de lectures"},"content":{"rendered":"<p>En una de les activitats compartides entre les escoles de prim\u00e0ria i el nostre centre, us volem mostrar i fer cinc c\u00e8ntims de l&#8217;activitat &#8220;Parlem de lectures&#8221;<\/p>\n<p>&nbsp;<\/p>\n<table style=\"border-collapse: collapse; width: 100%;\" border=\"1\">\n<tbody>\n<tr>\n<td style=\"width: 33.3333%;\"><a href=\"https:\/\/agora.xtec.cat\/ies-santa-eulalia\/wp-content\/uploads\/usu1612\/2019\/04\/IMG_20190402_153859614-min.jpg\"><img loading=\"lazy\" decoding=\"async\" class=\"alignnone size-large wp-image-4108\" src=\"https:\/\/agora.xtec.cat\/ies-santa-eulalia\/wp-content\/uploads\/usu1612\/2019\/04\/IMG_20190402_153859614-min-1024x768.jpg\" alt=\"\" width=\"1024\" height=\"768\" srcset=\"https:\/\/agora.xtec.cat\/ies-santa-eulalia\/wp-content\/uploads\/usu1612\/2019\/04\/IMG_20190402_153859614-min-1024x768.jpg 1024w, https:\/\/agora.xtec.cat\/ies-santa-eulalia\/wp-content\/uploads\/usu1612\/2019\/04\/IMG_20190402_153859614-min-300x225.jpg 300w, https:\/\/agora.xtec.cat\/ies-santa-eulalia\/wp-content\/uploads\/usu1612\/2019\/04\/IMG_20190402_153859614-min-768x576.jpg 768w, https:\/\/agora.xtec.cat\/ies-santa-eulalia\/wp-content\/uploads\/usu1612\/2019\/04\/IMG_20190402_153859614-min-200x150.jpg 200w\" sizes=\"auto, (max-width: 1024px) 100vw, 1024px\" \/><\/a><\/td>\n<td style=\"width: 33.3333%;\"><a href=\"https:\/\/agora.xtec.cat\/ies-santa-eulalia\/wp-content\/uploads\/usu1612\/2019\/04\/IMG_20190402_153759829-min.jpg\"><img loading=\"lazy\" decoding=\"async\" class=\"alignnone size-large wp-image-4106\" src=\"https:\/\/agora.xtec.cat\/ies-santa-eulalia\/wp-content\/uploads\/usu1612\/2019\/04\/IMG_20190402_153759829-min-1024x768.jpg\" alt=\"\" width=\"1024\" height=\"768\" srcset=\"https:\/\/agora.xtec.cat\/ies-santa-eulalia\/wp-content\/uploads\/usu1612\/2019\/04\/IMG_20190402_153759829-min-1024x768.jpg 1024w, https:\/\/agora.xtec.cat\/ies-santa-eulalia\/wp-content\/uploads\/usu1612\/2019\/04\/IMG_20190402_153759829-min-300x225.jpg 300w, https:\/\/agora.xtec.cat\/ies-santa-eulalia\/wp-content\/uploads\/usu1612\/2019\/04\/IMG_20190402_153759829-min-768x576.jpg 768w, https:\/\/agora.xtec.cat\/ies-santa-eulalia\/wp-content\/uploads\/usu1612\/2019\/04\/IMG_20190402_153759829-min-200x150.jpg 200w\" sizes=\"auto, (max-width: 1024px) 100vw, 1024px\" \/><\/a><\/td>\n<td style=\"width: 33.3333%;\"><a href=\"https:\/\/agora.xtec.cat\/ies-santa-eulalia\/wp-content\/uploads\/usu1612\/2019\/04\/IMG_20190402_161217780-min.jpg\"><img loading=\"lazy\" decoding=\"async\" class=\"alignnone size-large wp-image-4107\" src=\"https:\/\/agora.xtec.cat\/ies-santa-eulalia\/wp-content\/uploads\/usu1612\/2019\/04\/IMG_20190402_161217780-min-1024x768.jpg\" alt=\"\" width=\"1024\" height=\"768\" srcset=\"https:\/\/agora.xtec.cat\/ies-santa-eulalia\/wp-content\/uploads\/usu1612\/2019\/04\/IMG_20190402_161217780-min-1024x768.jpg 1024w, https:\/\/agora.xtec.cat\/ies-santa-eulalia\/wp-content\/uploads\/usu1612\/2019\/04\/IMG_20190402_161217780-min-300x225.jpg 300w, https:\/\/agora.xtec.cat\/ies-santa-eulalia\/wp-content\/uploads\/usu1612\/2019\/04\/IMG_20190402_161217780-min-768x576.jpg 768w, https:\/\/agora.xtec.cat\/ies-santa-eulalia\/wp-content\/uploads\/usu1612\/2019\/04\/IMG_20190402_161217780-min-200x150.jpg 200w\" sizes=\"auto, (max-width: 1024px) 100vw, 1024px\" \/><\/a><\/td>\n<\/tr>\n<\/tbody>\n<\/table>\n<p>&nbsp;<\/p>\n<p>Aquest servei comunitari consistia en anar a les escoles Milagros Consarnau i Bernat d\u2019Esclot i preparar unes lectures amb el fi de<br \/>\nque al final cada nen de tercer de prim\u00e0ria pogu\u00e9s fer una exposici\u00f3 oral explicant quin llibre li havia agradat m\u00e9s, quin era el seu<br \/>\npersonatge preferit, etc.<br \/>\nEn acabar aquesta exposici\u00f3 vam convidar a les classes de tercer per a que vinguessin al nostre institut i vam fer una festa entre tots.<br \/>\nA la festa, un company va preparar un v\u00eddeo molt maco en el que es recollien totes les fotos que s\u2019han anat fent, despr\u00e9s uns altres dos<br \/>\ncompanys van fer un ball i va quedar molt bonic.<br \/>\nDespr\u00e9s de tot aix\u00f2 els nens ens van donar unes postals que havien fet ells mateixos, ja que als nens els va agradar molt aquesta activitat.<br \/>\nPer finalitzar la festa vam sortir tots al pati i vam fer un pica pica amb els nens, vam jugar tots junts.<\/p>\n<p>Una bona manera de poder veure com va anar \u00e9s que obriu aquest <a href=\"https:\/\/drive.google.com\/open?id=1KaF9asKY7qeGAB4ncatY_Ovdrza0n2jv\">powerpoint<\/a>. Val la pena (una imatge val m\u00e9s que mil paraules)<\/p>\n","protected":false},"excerpt":{"rendered":"<p>En una de les activitats compartides entre les escoles de prim\u00e0ria i el nostre centre, us volem mostrar i fer cinc c\u00e8ntims de l&#8217;activitat &#8220;Parlem de lectures&#8221;&hellip;  <a href=\"https:\/\/agora.xtec.cat\/ies-santa-eulalia\/general\/parlem-de-lectures\/\" title=\"Read Parlem de lectures\">Llegeix m\u00e9s\u00bb<\/a><\/p>\n","protected":false},"author":1,"featured_media":4110,"comment_status":"open","ping_status":"closed","sticky":false,"template":"","format":"standard","meta":{"_bbp_topic_count":0,"_bbp_reply_count":0,"_bbp_total_topic_count":0,"_bbp_total_reply_count":0,"_bbp_voice_count":0,"_bbp_anonymous_reply_count":0,"_bbp_topic_count_hidden":0,"_bbp_reply_count_hidden":0,"_bbp_forum_subforum_count":0,"footnotes":""},"categories":[136,3,1,29],"tags":[],"class_list":["post-4099","post","type-post","status-publish","format-standard","has-post-thumbnail","hentry","category-novetats-catala","category-eso","category-general","category-portada"],"post_mailing_queue_ids":[],"_links":{"self":[{"href":"https:\/\/agora.xtec.cat\/ies-santa-eulalia\/wp-json\/wp\/v2\/posts\/4099","targetHints":{"allow":["GET"]}}],"collection":[{"href":"https:\/\/agora.xtec.cat\/ies-santa-eulalia\/wp-json\/wp\/v2\/posts"}],"about":[{"href":"https:\/\/agora.xtec.cat\/ies-santa-eulalia\/wp-json\/wp\/v2\/types\/post"}],"author":[{"embeddable":true,"href":"https:\/\/agora.xtec.cat\/ies-santa-eulalia\/wp-json\/wp\/v2\/users\/1"}],"replies":[{"embeddable":true,"href":"https:\/\/agora.xtec.cat\/ies-santa-eulalia\/wp-json\/wp\/v2\/comments?post=4099"}],"version-history":[{"count":3,"href":"https:\/\/agora.xtec.cat\/ies-santa-eulalia\/wp-json\/wp\/v2\/posts\/4099\/revisions"}],"predecessor-version":[{"id":4130,"href":"https:\/\/agora.xtec.cat\/ies-santa-eulalia\/wp-json\/wp\/v2\/posts\/4099\/revisions\/4130"}],"wp:featuredmedia":[{"embeddable":true,"href":"https:\/\/agora.xtec.cat\/ies-santa-eulalia\/wp-json\/wp\/v2\/media\/4110"}],"wp:attachment":[{"href":"https:\/\/agora.xtec.cat\/ies-santa-eulalia\/wp-json\/wp\/v2\/media?parent=4099"}],"wp:term":[{"taxonomy":"category","embeddable":true,"href":"https:\/\/agora.xtec.cat\/ies-santa-eulalia\/wp-json\/wp\/v2\/categories?post=4099"},{"taxonomy":"post_tag","embeddable":true,"href":"https:\/\/agora.xtec.cat\/ies-santa-eulalia\/wp-json\/wp\/v2\/tags?post=4099"}],"curies":[{"name":"wp","href":"https:\/\/api.w.org\/{rel}","templated":true}]}}