{"id":4098,"date":"2019-04-24T09:48:36","date_gmt":"2019-04-24T07:48:36","guid":{"rendered":"http:\/\/agora.xtec.cat\/ies-santa-eulalia\/?p=4098"},"modified":"2019-04-24T12:24:25","modified_gmt":"2019-04-24T10:24:25","slug":"el-departament-de-classiques-recomana-visitar-la-magna-celebratio","status":"publish","type":"post","link":"https:\/\/agora.xtec.cat\/ies-santa-eulalia\/general\/el-departament-de-classiques-recomana-visitar-la-magna-celebratio\/","title":{"rendered":"El Departament de Cl\u00e0ssiques recomana visitar la MAGNA CELEBRATIO"},"content":{"rendered":"<p>Del 25 al 28 d&#8217;abril es celebra el XV Festival rom\u00e0 de Badalona (l&#8217;antiga\u00a0<em>Baetulo<\/em>) amb espectacles de recreaci\u00f3 hist\u00f2rica, confer\u00e8ncies, activitats familiars, tallers&#8230;enguany entorn la figura del d\u00e9u Bacus. No us ho perdeu!<\/p>\n<p>www.museudebadalona.cat\/magna-celebratio\/<\/p>\n<p>&nbsp;<\/p>\n","protected":false},"excerpt":{"rendered":"<p>Del 25 al 28 d&#8217;abril es celebra el XV Festival rom\u00e0 de Badalona (l&#8217;antiga\u00a0Baetulo) amb espectacles de recreaci\u00f3 hist\u00f2rica, confer\u00e8ncies, activitats familiars, tallers&#8230;enguany entorn la figura del d\u00e9u Bacus. No us ho perdeu!<br \/>\nwww.museudebadalona.cat\/magna-celebratio\/<br \/>\n&nbsp;<\/p>\n","protected":false},"author":1,"featured_media":0,"comment_status":"open","ping_status":"closed","sticky":false,"template":"","format":"standard","meta":{"_bbp_topic_count":0,"_bbp_reply_count":0,"_bbp_total_topic_count":0,"_bbp_total_reply_count":0,"_bbp_voice_count":0,"_bbp_anonymous_reply_count":0,"_bbp_topic_count_hidden":0,"_bbp_reply_count_hidden":0,"_bbp_forum_subforum_count":0,"footnotes":""},"categories":[176,177,178,184,174,149,8,1,29],"tags":[],"class_list":["post-4098","post","type-post","status-publish","format-standard","hentry","category-1r-batx-a","category-1r-batx-b","category-1r-batx-c","category-1r-batxillerat","category-2n-batxillerat","category-novetats-classiques","category-batxillerat","category-general","category-portada"],"post_mailing_queue_ids":[],"_links":{"self":[{"href":"https:\/\/agora.xtec.cat\/ies-santa-eulalia\/wp-json\/wp\/v2\/posts\/4098","targetHints":{"allow":["GET"]}}],"collection":[{"href":"https:\/\/agora.xtec.cat\/ies-santa-eulalia\/wp-json\/wp\/v2\/posts"}],"about":[{"href":"https:\/\/agora.xtec.cat\/ies-santa-eulalia\/wp-json\/wp\/v2\/types\/post"}],"author":[{"embeddable":true,"href":"https:\/\/agora.xtec.cat\/ies-santa-eulalia\/wp-json\/wp\/v2\/users\/1"}],"replies":[{"embeddable":true,"href":"https:\/\/agora.xtec.cat\/ies-santa-eulalia\/wp-json\/wp\/v2\/comments?post=4098"}],"version-history":[{"count":2,"href":"https:\/\/agora.xtec.cat\/ies-santa-eulalia\/wp-json\/wp\/v2\/posts\/4098\/revisions"}],"predecessor-version":[{"id":4112,"href":"https:\/\/agora.xtec.cat\/ies-santa-eulalia\/wp-json\/wp\/v2\/posts\/4098\/revisions\/4112"}],"wp:attachment":[{"href":"https:\/\/agora.xtec.cat\/ies-santa-eulalia\/wp-json\/wp\/v2\/media?parent=4098"}],"wp:term":[{"taxonomy":"category","embeddable":true,"href":"https:\/\/agora.xtec.cat\/ies-santa-eulalia\/wp-json\/wp\/v2\/categories?post=4098"},{"taxonomy":"post_tag","embeddable":true,"href":"https:\/\/agora.xtec.cat\/ies-santa-eulalia\/wp-json\/wp\/v2\/tags?post=4098"}],"curies":[{"name":"wp","href":"https:\/\/api.w.org\/{rel}","templated":true}]}}