{"id":4074,"date":"2019-04-23T13:49:52","date_gmt":"2019-04-23T11:49:52","guid":{"rendered":"http:\/\/agora.xtec.cat\/ies-santa-eulalia\/?p=4074"},"modified":"2019-04-23T13:54:51","modified_gmt":"2019-04-23T11:54:51","slug":"sortida-de-sant-jordi-2nbatxillerat","status":"publish","type":"post","link":"https:\/\/agora.xtec.cat\/ies-santa-eulalia\/general\/sortida-de-sant-jordi-2nbatxillerat\/","title":{"rendered":"Sortida Sant Jordi 2nBatxillerat"},"content":{"rendered":"<p>Aquest mat\u00ed, 2nBatx hem fet una passejada pel barri de Gr\u00e0cia. Hem visitat el refugi de la Guerra Civil\u00a0 de la Pla\u00e7a del Diamant i despr\u00e9s d&#8217;esmorzar hem voltat pel Passeig de Gr\u00e0cia gaudint de les roses i els llibres.<\/p>\n<p>Cliqueu <a href=\"https:\/\/drive.google.com\/open?id=1ktv-8e1aIFaxq7vjSKhMmsIXQ-MOBG0y\">aqu\u00ed<\/a><\/p>\n","protected":false},"excerpt":{"rendered":"<p>Aquest mat\u00ed, 2nBatx hem fet una passejada pel barri de Gr\u00e0cia. Hem visitat el refugi de la Guerra Civil\u00a0 de la Pla\u00e7a del Diamant i despr\u00e9s d&#8217;esmorzar hem voltat pel Passeig de Gr\u00e0cia gaudint de les roses i els llibres.<br \/>\nCliqueu <a href=\"https:\/\/drive.google.com\/open?id=1ktv-8e1aIFaxq7vjSKhMmsIXQ-MOBG0y\">aqu\u00ed<\/a><\/p>\n","protected":false},"author":23,"featured_media":0,"comment_status":"open","ping_status":"closed","sticky":false,"template":"","format":"standard","meta":{"_bbp_topic_count":0,"_bbp_reply_count":0,"_bbp_total_topic_count":0,"_bbp_total_reply_count":0,"_bbp_voice_count":0,"_bbp_anonymous_reply_count":0,"_bbp_topic_count_hidden":0,"_bbp_reply_count_hidden":0,"_bbp_forum_subforum_count":0,"footnotes":""},"categories":[174,8,1,29],"tags":[],"class_list":["post-4074","post","type-post","status-publish","format-standard","hentry","category-2n-batxillerat","category-batxillerat","category-general","category-portada"],"post_mailing_queue_ids":[],"_links":{"self":[{"href":"https:\/\/agora.xtec.cat\/ies-santa-eulalia\/wp-json\/wp\/v2\/posts\/4074","targetHints":{"allow":["GET"]}}],"collection":[{"href":"https:\/\/agora.xtec.cat\/ies-santa-eulalia\/wp-json\/wp\/v2\/posts"}],"about":[{"href":"https:\/\/agora.xtec.cat\/ies-santa-eulalia\/wp-json\/wp\/v2\/types\/post"}],"author":[{"embeddable":true,"href":"https:\/\/agora.xtec.cat\/ies-santa-eulalia\/wp-json\/wp\/v2\/users\/23"}],"replies":[{"embeddable":true,"href":"https:\/\/agora.xtec.cat\/ies-santa-eulalia\/wp-json\/wp\/v2\/comments?post=4074"}],"version-history":[{"count":3,"href":"https:\/\/agora.xtec.cat\/ies-santa-eulalia\/wp-json\/wp\/v2\/posts\/4074\/revisions"}],"predecessor-version":[{"id":4077,"href":"https:\/\/agora.xtec.cat\/ies-santa-eulalia\/wp-json\/wp\/v2\/posts\/4074\/revisions\/4077"}],"wp:attachment":[{"href":"https:\/\/agora.xtec.cat\/ies-santa-eulalia\/wp-json\/wp\/v2\/media?parent=4074"}],"wp:term":[{"taxonomy":"category","embeddable":true,"href":"https:\/\/agora.xtec.cat\/ies-santa-eulalia\/wp-json\/wp\/v2\/categories?post=4074"},{"taxonomy":"post_tag","embeddable":true,"href":"https:\/\/agora.xtec.cat\/ies-santa-eulalia\/wp-json\/wp\/v2\/tags?post=4074"}],"curies":[{"name":"wp","href":"https:\/\/api.w.org\/{rel}","templated":true}]}}