{"id":4047,"date":"2019-04-10T11:42:28","date_gmt":"2019-04-10T09:42:28","guid":{"rendered":"http:\/\/agora.xtec.cat\/ies-santa-eulalia\/?p=4047"},"modified":"2019-04-10T11:47:23","modified_gmt":"2019-04-10T09:47:23","slug":"participacio-al-certamen-de-lectura-en-veu-alta","status":"publish","type":"post","link":"https:\/\/agora.xtec.cat\/ies-santa-eulalia\/general\/participacio-al-certamen-de-lectura-en-veu-alta\/","title":{"rendered":"Participaci\u00f3 al Certamen de Lectura en veu alta"},"content":{"rendered":"<p>El passat 21 de mar\u00e7 l&#8217;Institut Santa Eul\u00e0lia va participar a la fase de quarts de final del\u00a0<a href=\"http:\/\/www.lecturaenveualta.cat\/\" target=\"_blank\" rel=\"noopener\">XV\u00e8 Certamen Nacional Infantil i Juvenil de Lectura en veu alta<\/a>, que organitza la Fundaci\u00f3 Enciclop\u00e8dia catalana juntament amb el Departament d&#8217;Educaci\u00f3. Hi vam participar amb Guianella Astoc\u00f3ndor, en la categoria de <em>Timoners<\/em>, i \u00d2scar L\u00f3pez, en la categoria de <em>Corsaris<\/em>. Tots dos s\u00f3n alumnes de segon d&#8217;ESO. Ens van acompanyar com a suplents l&#8217;Aina Belenguer i l&#8217;Emily N\u00fa\u00f1ez, tamb\u00e9 de segon. Tant l&#8217;\u00d2scar com la Guianella van tenir una bona actuaci\u00f3, si b\u00e9 no van resultar finalistes. L&#8217;any que ve ho tornarem a intentar!<\/p>\n<table style=\"border-collapse: collapse;width: 100%\" border=\"1\">\n<tbody>\n<tr>\n<td style=\"width: 33.3333%\"><a href=\"https:\/\/agora.xtec.cat\/ies-santa-eulalia\/wp-content\/uploads\/usu1612\/2019\/04\/IMG-20190403-WA0018.jpg\"><img loading=\"lazy\" decoding=\"async\" class=\"wp-image-4048 alignnone\" src=\"https:\/\/agora.xtec.cat\/ies-santa-eulalia\/wp-content\/uploads\/usu1612\/2019\/04\/IMG-20190403-WA0018-1024x768.jpg\" alt=\"\" width=\"391\" height=\"293\" srcset=\"https:\/\/agora.xtec.cat\/ies-santa-eulalia\/wp-content\/uploads\/usu1612\/2019\/04\/IMG-20190403-WA0018-1024x768.jpg 1024w, https:\/\/agora.xtec.cat\/ies-santa-eulalia\/wp-content\/uploads\/usu1612\/2019\/04\/IMG-20190403-WA0018-300x225.jpg 300w, https:\/\/agora.xtec.cat\/ies-santa-eulalia\/wp-content\/uploads\/usu1612\/2019\/04\/IMG-20190403-WA0018-768x576.jpg 768w, https:\/\/agora.xtec.cat\/ies-santa-eulalia\/wp-content\/uploads\/usu1612\/2019\/04\/IMG-20190403-WA0018-200x150.jpg 200w, https:\/\/agora.xtec.cat\/ies-santa-eulalia\/wp-content\/uploads\/usu1612\/2019\/04\/IMG-20190403-WA0018.jpg 1600w\" sizes=\"auto, (max-width: 391px) 100vw, 391px\" \/><\/a><\/td>\n<td style=\"width: 33.3333%\"><a href=\"https:\/\/agora.xtec.cat\/ies-santa-eulalia\/wp-content\/uploads\/usu1612\/2019\/04\/IMG-20190403-WA0011.jpg\"><img loading=\"lazy\" decoding=\"async\" class=\"alignnone wp-image-4050\" src=\"https:\/\/agora.xtec.cat\/ies-santa-eulalia\/wp-content\/uploads\/usu1612\/2019\/04\/IMG-20190403-WA0011-1024x768.jpg\" alt=\"\" width=\"389\" height=\"292\" srcset=\"https:\/\/agora.xtec.cat\/ies-santa-eulalia\/wp-content\/uploads\/usu1612\/2019\/04\/IMG-20190403-WA0011-1024x768.jpg 1024w, https:\/\/agora.xtec.cat\/ies-santa-eulalia\/wp-content\/uploads\/usu1612\/2019\/04\/IMG-20190403-WA0011-300x225.jpg 300w, https:\/\/agora.xtec.cat\/ies-santa-eulalia\/wp-content\/uploads\/usu1612\/2019\/04\/IMG-20190403-WA0011-768x576.jpg 768w, https:\/\/agora.xtec.cat\/ies-santa-eulalia\/wp-content\/uploads\/usu1612\/2019\/04\/IMG-20190403-WA0011-200x150.jpg 200w, https:\/\/agora.xtec.cat\/ies-santa-eulalia\/wp-content\/uploads\/usu1612\/2019\/04\/IMG-20190403-WA0011.jpg 1600w\" sizes=\"auto, (max-width: 389px) 100vw, 389px\" \/><\/a><\/td>\n<td style=\"width: 33.3333%\"><a href=\"https:\/\/agora.xtec.cat\/ies-santa-eulalia\/wp-content\/uploads\/usu1612\/2019\/04\/IMG-20190403-WA0014.jpg\"><img loading=\"lazy\" decoding=\"async\" class=\"alignnone wp-image-4049\" src=\"https:\/\/agora.xtec.cat\/ies-santa-eulalia\/wp-content\/uploads\/usu1612\/2019\/04\/IMG-20190403-WA0014-1024x768.jpg\" alt=\"\" width=\"390\" height=\"292\" srcset=\"https:\/\/agora.xtec.cat\/ies-santa-eulalia\/wp-content\/uploads\/usu1612\/2019\/04\/IMG-20190403-WA0014-1024x768.jpg 1024w, https:\/\/agora.xtec.cat\/ies-santa-eulalia\/wp-content\/uploads\/usu1612\/2019\/04\/IMG-20190403-WA0014-300x225.jpg 300w, https:\/\/agora.xtec.cat\/ies-santa-eulalia\/wp-content\/uploads\/usu1612\/2019\/04\/IMG-20190403-WA0014-768x576.jpg 768w, https:\/\/agora.xtec.cat\/ies-santa-eulalia\/wp-content\/uploads\/usu1612\/2019\/04\/IMG-20190403-WA0014-200x150.jpg 200w, https:\/\/agora.xtec.cat\/ies-santa-eulalia\/wp-content\/uploads\/usu1612\/2019\/04\/IMG-20190403-WA0014.jpg 1600w\" sizes=\"auto, (max-width: 390px) 100vw, 390px\" \/><\/a><\/td>\n<\/tr>\n<\/tbody>\n<\/table>\n<p><a href=\"https:\/\/agora.xtec.cat\/ies-santa-eulalia\/wp-content\/uploads\/usu1612\/2019\/04\/IMG-20190403-WA0011.jpg\">\u00a0<\/a><\/p>\n","protected":false},"excerpt":{"rendered":"<p>El passat 21 de mar\u00e7 l&#8217;Institut Santa Eul\u00e0lia va participar a la fase de quarts de final del\u00a0<a href=\"http:\/\/www.lecturaenveualta.cat\/\" target=\"_blank\" rel=\"noopener\">XV\u00e8 Certamen Nacional Infantil i Juvenil de Lectura en veu alta<\/a>, que organitza la Fundaci\u00f3 Enciclop\u00e8dia catalana juntament amb el Departament d&#8217;Educaci\u00f3. Hi vam participar&hellip;  <a href=\"https:\/\/agora.xtec.cat\/ies-santa-eulalia\/general\/participacio-al-certamen-de-lectura-en-veu-alta\/\" title=\"Read Participaci\u00f3 al Certamen de Lectura en veu alta\">Llegeix m\u00e9s\u00bb<\/a><\/p>\n","protected":false},"author":1,"featured_media":4050,"comment_status":"open","ping_status":"closed","sticky":false,"template":"","format":"standard","meta":{"_bbp_topic_count":0,"_bbp_reply_count":0,"_bbp_total_topic_count":0,"_bbp_total_reply_count":0,"_bbp_voice_count":0,"_bbp_anonymous_reply_count":0,"_bbp_topic_count_hidden":0,"_bbp_reply_count_hidden":0,"_bbp_forum_subforum_count":0,"footnotes":""},"categories":[136,3,1,29],"tags":[],"class_list":["post-4047","post","type-post","status-publish","format-standard","has-post-thumbnail","hentry","category-novetats-catala","category-eso","category-general","category-portada"],"post_mailing_queue_ids":[],"_links":{"self":[{"href":"https:\/\/agora.xtec.cat\/ies-santa-eulalia\/wp-json\/wp\/v2\/posts\/4047","targetHints":{"allow":["GET"]}}],"collection":[{"href":"https:\/\/agora.xtec.cat\/ies-santa-eulalia\/wp-json\/wp\/v2\/posts"}],"about":[{"href":"https:\/\/agora.xtec.cat\/ies-santa-eulalia\/wp-json\/wp\/v2\/types\/post"}],"author":[{"embeddable":true,"href":"https:\/\/agora.xtec.cat\/ies-santa-eulalia\/wp-json\/wp\/v2\/users\/1"}],"replies":[{"embeddable":true,"href":"https:\/\/agora.xtec.cat\/ies-santa-eulalia\/wp-json\/wp\/v2\/comments?post=4047"}],"version-history":[{"count":2,"href":"https:\/\/agora.xtec.cat\/ies-santa-eulalia\/wp-json\/wp\/v2\/posts\/4047\/revisions"}],"predecessor-version":[{"id":4052,"href":"https:\/\/agora.xtec.cat\/ies-santa-eulalia\/wp-json\/wp\/v2\/posts\/4047\/revisions\/4052"}],"wp:featuredmedia":[{"embeddable":true,"href":"https:\/\/agora.xtec.cat\/ies-santa-eulalia\/wp-json\/wp\/v2\/media\/4050"}],"wp:attachment":[{"href":"https:\/\/agora.xtec.cat\/ies-santa-eulalia\/wp-json\/wp\/v2\/media?parent=4047"}],"wp:term":[{"taxonomy":"category","embeddable":true,"href":"https:\/\/agora.xtec.cat\/ies-santa-eulalia\/wp-json\/wp\/v2\/categories?post=4047"},{"taxonomy":"post_tag","embeddable":true,"href":"https:\/\/agora.xtec.cat\/ies-santa-eulalia\/wp-json\/wp\/v2\/tags?post=4047"}],"curies":[{"name":"wp","href":"https:\/\/api.w.org\/{rel}","templated":true}]}}