{"id":4031,"date":"2019-04-09T12:47:16","date_gmt":"2019-04-09T10:47:16","guid":{"rendered":"http:\/\/agora.xtec.cat\/ies-santa-eulalia\/?p=4031"},"modified":"2019-04-09T12:55:07","modified_gmt":"2019-04-09T10:55:07","slug":"sortida-cohesio-1reso","status":"publish","type":"post","link":"https:\/\/agora.xtec.cat\/ies-santa-eulalia\/general\/sortida-cohesio-1reso\/","title":{"rendered":"Sortida cohesi\u00f3 1rESO"},"content":{"rendered":"<div class=\"doc-content\">\n<p>Divendres 22 de mar\u00e7, tots els alumnes de 1r de l\u2019ESO van fer una excursi\u00f3 a Montju\u00efc amb la finalitat de\u00a0 con\u00e8ixer-nos m\u00e9s i millor i, sobretot, passar-nos-ho b\u00e9 en un entorn diferent al del dia a dia.<\/p>\n<p>Vam sortir de l\u2019institut i vam anar fins a la Pl\u00e7a Espanya en metro. El primer objectiu, arribar a l\u2019esplanada de la Pla\u00e7a Europa (entre el Palau Sant Jordi i les piscines Bernat Picornell). All\u00e0 vam esmorzar i jugar tot gaudint d\u2019un sol espl\u00e8ndit.<\/p>\n<p>Un cop esmorzats, ens vam dirigir per petits grups cap al segon objectiu: el castell de Montju\u00efc. Vam jugar a jocs de tota la vida: el mocador, cavalls i cavallers, passar el riu, les bitlles humanes i el pica-paret.<\/p>\n<p>De tornada, la baixada cap al metro de Pla\u00e7a Espanya va ser una mica dura ja que estava tothom molt cansat.<\/p>\n<p>Tot una experi\u00e8ncia!<\/p>\n<p><a href=\"https:\/\/agora.xtec.cat\/ies-santa-eulalia\/wp-content\/uploads\/usu1612\/2019\/04\/IMG_5141.jpg\"><img loading=\"lazy\" decoding=\"async\" class=\"alignnone size-large wp-image-4035\" src=\"https:\/\/agora.xtec.cat\/ies-santa-eulalia\/wp-content\/uploads\/usu1612\/2019\/04\/IMG_5141-1024x768.jpg\" alt=\"\" width=\"1024\" height=\"768\" srcset=\"https:\/\/agora.xtec.cat\/ies-santa-eulalia\/wp-content\/uploads\/usu1612\/2019\/04\/IMG_5141-1024x768.jpg 1024w, https:\/\/agora.xtec.cat\/ies-santa-eulalia\/wp-content\/uploads\/usu1612\/2019\/04\/IMG_5141-300x225.jpg 300w, https:\/\/agora.xtec.cat\/ies-santa-eulalia\/wp-content\/uploads\/usu1612\/2019\/04\/IMG_5141-768x576.jpg 768w, https:\/\/agora.xtec.cat\/ies-santa-eulalia\/wp-content\/uploads\/usu1612\/2019\/04\/IMG_5141-200x150.jpg 200w\" sizes=\"auto, (max-width: 1024px) 100vw, 1024px\" \/><\/a> <a href=\"https:\/\/agora.xtec.cat\/ies-santa-eulalia\/wp-content\/uploads\/usu1612\/2019\/04\/UKNR4993.jpg\"><img loading=\"lazy\" decoding=\"async\" class=\"alignnone size-large wp-image-4034\" src=\"https:\/\/agora.xtec.cat\/ies-santa-eulalia\/wp-content\/uploads\/usu1612\/2019\/04\/UKNR4993-1024x576.jpg\" alt=\"\" width=\"1024\" height=\"576\" srcset=\"https:\/\/agora.xtec.cat\/ies-santa-eulalia\/wp-content\/uploads\/usu1612\/2019\/04\/UKNR4993-1024x576.jpg 1024w, https:\/\/agora.xtec.cat\/ies-santa-eulalia\/wp-content\/uploads\/usu1612\/2019\/04\/UKNR4993-300x169.jpg 300w, https:\/\/agora.xtec.cat\/ies-santa-eulalia\/wp-content\/uploads\/usu1612\/2019\/04\/UKNR4993-768x432.jpg 768w, https:\/\/agora.xtec.cat\/ies-santa-eulalia\/wp-content\/uploads\/usu1612\/2019\/04\/UKNR4993.jpg 1600w\" sizes=\"auto, (max-width: 1024px) 100vw, 1024px\" \/><\/a> <a href=\"https:\/\/agora.xtec.cat\/ies-santa-eulalia\/wp-content\/uploads\/usu1612\/2019\/04\/QFVO1193.jpg\"><img loading=\"lazy\" decoding=\"async\" class=\"alignnone size-large wp-image-4033\" src=\"https:\/\/agora.xtec.cat\/ies-santa-eulalia\/wp-content\/uploads\/usu1612\/2019\/04\/QFVO1193-1024x576.jpg\" alt=\"\" width=\"1024\" height=\"576\" srcset=\"https:\/\/agora.xtec.cat\/ies-santa-eulalia\/wp-content\/uploads\/usu1612\/2019\/04\/QFVO1193-1024x576.jpg 1024w, https:\/\/agora.xtec.cat\/ies-santa-eulalia\/wp-content\/uploads\/usu1612\/2019\/04\/QFVO1193-300x169.jpg 300w, https:\/\/agora.xtec.cat\/ies-santa-eulalia\/wp-content\/uploads\/usu1612\/2019\/04\/QFVO1193-768x432.jpg 768w, https:\/\/agora.xtec.cat\/ies-santa-eulalia\/wp-content\/uploads\/usu1612\/2019\/04\/QFVO1193.jpg 1600w\" sizes=\"auto, (max-width: 1024px) 100vw, 1024px\" \/><\/a> <a href=\"https:\/\/agora.xtec.cat\/ies-santa-eulalia\/wp-content\/uploads\/usu1612\/2019\/04\/NEEG1798.jpg\"><img loading=\"lazy\" decoding=\"async\" class=\"alignnone size-large wp-image-4032\" src=\"https:\/\/agora.xtec.cat\/ies-santa-eulalia\/wp-content\/uploads\/usu1612\/2019\/04\/NEEG1798-1024x576.jpg\" alt=\"\" width=\"1024\" height=\"576\" srcset=\"https:\/\/agora.xtec.cat\/ies-santa-eulalia\/wp-content\/uploads\/usu1612\/2019\/04\/NEEG1798-1024x576.jpg 1024w, https:\/\/agora.xtec.cat\/ies-santa-eulalia\/wp-content\/uploads\/usu1612\/2019\/04\/NEEG1798-300x169.jpg 300w, https:\/\/agora.xtec.cat\/ies-santa-eulalia\/wp-content\/uploads\/usu1612\/2019\/04\/NEEG1798-768x432.jpg 768w, https:\/\/agora.xtec.cat\/ies-santa-eulalia\/wp-content\/uploads\/usu1612\/2019\/04\/NEEG1798.jpg 1600w\" sizes=\"auto, (max-width: 1024px) 100vw, 1024px\" \/><\/a><\/p>\n<\/div>\n","protected":false},"excerpt":{"rendered":"<p>Divendres 22 de mar\u00e7, tots els alumnes de 1r de l\u2019ESO van fer una excursi\u00f3 a Montju\u00efc amb la finalitat de\u00a0 con\u00e8ixer-nos m\u00e9s i millor i, sobretot, passar-nos-ho b\u00e9 en un entorn diferent al del dia a dia.<br \/>\nVam sortir de l\u2019institut i vam anar fins&hellip;  <a href=\"https:\/\/agora.xtec.cat\/ies-santa-eulalia\/general\/sortida-cohesio-1reso\/\" title=\"Read Sortida cohesi\u00f3 1rESO\">Llegeix m\u00e9s\u00bb<\/a><\/p>\n","protected":false},"author":9,"featured_media":4028,"comment_status":"open","ping_status":"closed","sticky":false,"template":"","format":"standard","meta":{"_bbp_topic_count":0,"_bbp_reply_count":0,"_bbp_total_topic_count":0,"_bbp_total_reply_count":0,"_bbp_voice_count":0,"_bbp_anonymous_reply_count":0,"_bbp_topic_count_hidden":0,"_bbp_reply_count_hidden":0,"_bbp_forum_subforum_count":0,"footnotes":""},"categories":[4,1,29],"tags":[],"class_list":["post-4031","post","type-post","status-publish","format-standard","has-post-thumbnail","hentry","category-eso-1","category-general","category-portada"],"post_mailing_queue_ids":[],"_links":{"self":[{"href":"https:\/\/agora.xtec.cat\/ies-santa-eulalia\/wp-json\/wp\/v2\/posts\/4031","targetHints":{"allow":["GET"]}}],"collection":[{"href":"https:\/\/agora.xtec.cat\/ies-santa-eulalia\/wp-json\/wp\/v2\/posts"}],"about":[{"href":"https:\/\/agora.xtec.cat\/ies-santa-eulalia\/wp-json\/wp\/v2\/types\/post"}],"author":[{"embeddable":true,"href":"https:\/\/agora.xtec.cat\/ies-santa-eulalia\/wp-json\/wp\/v2\/users\/9"}],"replies":[{"embeddable":true,"href":"https:\/\/agora.xtec.cat\/ies-santa-eulalia\/wp-json\/wp\/v2\/comments?post=4031"}],"version-history":[{"count":3,"href":"https:\/\/agora.xtec.cat\/ies-santa-eulalia\/wp-json\/wp\/v2\/posts\/4031\/revisions"}],"predecessor-version":[{"id":4040,"href":"https:\/\/agora.xtec.cat\/ies-santa-eulalia\/wp-json\/wp\/v2\/posts\/4031\/revisions\/4040"}],"wp:featuredmedia":[{"embeddable":true,"href":"https:\/\/agora.xtec.cat\/ies-santa-eulalia\/wp-json\/wp\/v2\/media\/4028"}],"wp:attachment":[{"href":"https:\/\/agora.xtec.cat\/ies-santa-eulalia\/wp-json\/wp\/v2\/media?parent=4031"}],"wp:term":[{"taxonomy":"category","embeddable":true,"href":"https:\/\/agora.xtec.cat\/ies-santa-eulalia\/wp-json\/wp\/v2\/categories?post=4031"},{"taxonomy":"post_tag","embeddable":true,"href":"https:\/\/agora.xtec.cat\/ies-santa-eulalia\/wp-json\/wp\/v2\/tags?post=4031"}],"curies":[{"name":"wp","href":"https:\/\/api.w.org\/{rel}","templated":true}]}}