{"id":4011,"date":"2019-04-09T08:21:44","date_gmt":"2019-04-09T06:21:44","guid":{"rendered":"http:\/\/agora.xtec.cat\/ies-santa-eulalia\/?p=4011"},"modified":"2019-04-10T09:21:16","modified_gmt":"2019-04-10T07:21:16","slug":"dia-munidal-de-lactivitat-fisica","status":"publish","type":"post","link":"https:\/\/agora.xtec.cat\/ies-santa-eulalia\/general\/dia-munidal-de-lactivitat-fisica\/","title":{"rendered":"Dia mundial de l&#8217;activitat f\u00edsica"},"content":{"rendered":"<p>El passat 6 d&#8217;abril es va celebrar el dia mundial de l&#8217;activitat f\u00edsica, tant el departament d&#8217;educaci\u00f3 f\u00edsica com els\/les alumnes del Institut hem col\u00b7laborat amb aquest dia per donar a con\u00e8ixer la import\u00e0ncia d&#8217;un estil de vida actiu i saludable.<\/p>\n<p>Cliqueu en la seg\u00fcent imatge per veure el video.<\/p>\n<p><a href=\"https:\/\/drive.google.com\/file\/d\/1VjzzPNf2KVFHW7huSd7BSUVnuJQFj6lw\/view?usp=sharing\"><img loading=\"lazy\" decoding=\"async\" class=\"alignnone size-large wp-image-4014\" src=\"https:\/\/agora.xtec.cat\/ies-santa-eulalia\/wp-content\/uploads\/usu1612\/2019\/04\/IMG_0944-2-1024x477.jpg\" alt=\"\" width=\"1024\" height=\"477\" srcset=\"https:\/\/agora.xtec.cat\/ies-santa-eulalia\/wp-content\/uploads\/usu1612\/2019\/04\/IMG_0944-2-1024x477.jpg 1024w, https:\/\/agora.xtec.cat\/ies-santa-eulalia\/wp-content\/uploads\/usu1612\/2019\/04\/IMG_0944-2-300x140.jpg 300w, https:\/\/agora.xtec.cat\/ies-santa-eulalia\/wp-content\/uploads\/usu1612\/2019\/04\/IMG_0944-2-768x358.jpg 768w, https:\/\/agora.xtec.cat\/ies-santa-eulalia\/wp-content\/uploads\/usu1612\/2019\/04\/IMG_0944-2.jpg 1967w\" sizes=\"auto, (max-width: 1024px) 100vw, 1024px\" \/><\/a><\/p>\n<p><a href=\"https:\/\/drive.google.com\/file\/d\/1VjzzPNf2KVFHW7huSd7BSUVnuJQFj6lw\/view?usp=sharing\">video\u00a0<\/a><\/p>\n","protected":false},"excerpt":{"rendered":"<p>El passat 6 d&#8217;abril es va celebrar el dia mundial de l&#8217;activitat f\u00edsica, tant el departament d&#8217;educaci\u00f3 f\u00edsica com els\/les alumnes del Institut hem col\u00b7laborat amb aquest dia per donar a con\u00e8ixer la import\u00e0ncia d&#8217;un estil de vida actiu i saludable.<br \/>\nCliqueu en la seg\u00fcent imatge&hellip;  <a href=\"https:\/\/agora.xtec.cat\/ies-santa-eulalia\/general\/dia-munidal-de-lactivitat-fisica\/\" title=\"Read Dia mundial de l&#8217;activitat f\u00edsica\">Llegeix m\u00e9s\u00bb<\/a><\/p>\n","protected":false},"author":1,"featured_media":4014,"comment_status":"open","ping_status":"closed","sticky":false,"template":"","format":"standard","meta":{"_bbp_topic_count":0,"_bbp_reply_count":0,"_bbp_total_topic_count":0,"_bbp_total_reply_count":0,"_bbp_voice_count":0,"_bbp_anonymous_reply_count":0,"_bbp_topic_count_hidden":0,"_bbp_reply_count_hidden":0,"_bbp_forum_subforum_count":0,"footnotes":""},"categories":[135,8,3,1,29],"tags":[],"class_list":["post-4011","post","type-post","status-publish","format-standard","has-post-thumbnail","hentry","category-e-f","category-batxillerat","category-eso","category-general","category-portada"],"post_mailing_queue_ids":[],"_links":{"self":[{"href":"https:\/\/agora.xtec.cat\/ies-santa-eulalia\/wp-json\/wp\/v2\/posts\/4011","targetHints":{"allow":["GET"]}}],"collection":[{"href":"https:\/\/agora.xtec.cat\/ies-santa-eulalia\/wp-json\/wp\/v2\/posts"}],"about":[{"href":"https:\/\/agora.xtec.cat\/ies-santa-eulalia\/wp-json\/wp\/v2\/types\/post"}],"author":[{"embeddable":true,"href":"https:\/\/agora.xtec.cat\/ies-santa-eulalia\/wp-json\/wp\/v2\/users\/1"}],"replies":[{"embeddable":true,"href":"https:\/\/agora.xtec.cat\/ies-santa-eulalia\/wp-json\/wp\/v2\/comments?post=4011"}],"version-history":[{"count":3,"href":"https:\/\/agora.xtec.cat\/ies-santa-eulalia\/wp-json\/wp\/v2\/posts\/4011\/revisions"}],"predecessor-version":[{"id":4021,"href":"https:\/\/agora.xtec.cat\/ies-santa-eulalia\/wp-json\/wp\/v2\/posts\/4011\/revisions\/4021"}],"wp:featuredmedia":[{"embeddable":true,"href":"https:\/\/agora.xtec.cat\/ies-santa-eulalia\/wp-json\/wp\/v2\/media\/4014"}],"wp:attachment":[{"href":"https:\/\/agora.xtec.cat\/ies-santa-eulalia\/wp-json\/wp\/v2\/media?parent=4011"}],"wp:term":[{"taxonomy":"category","embeddable":true,"href":"https:\/\/agora.xtec.cat\/ies-santa-eulalia\/wp-json\/wp\/v2\/categories?post=4011"},{"taxonomy":"post_tag","embeddable":true,"href":"https:\/\/agora.xtec.cat\/ies-santa-eulalia\/wp-json\/wp\/v2\/tags?post=4011"}],"curies":[{"name":"wp","href":"https:\/\/api.w.org\/{rel}","templated":true}]}}