{"id":3960,"date":"2019-04-03T09:58:05","date_gmt":"2019-04-03T07:58:05","guid":{"rendered":"http:\/\/agora.xtec.cat\/ies-santa-eulalia\/?p=3960"},"modified":"2019-04-13T20:11:29","modified_gmt":"2019-04-13T18:11:29","slug":"lorestiada-al-teatre-joventut","status":"publish","type":"post","link":"https:\/\/agora.xtec.cat\/ies-santa-eulalia\/general\/lorestiada-al-teatre-joventut\/","title":{"rendered":"&#8220;L&#8217;Orest\u00edada&#8221; al teatre JOVENTUT"},"content":{"rendered":"<p>Ahir dimarts 2 d&#8217;abril vam anar a veure la representaci\u00f3 de l&#8217;adaptaci\u00f3 de l&#8217;Orest\u00edada a c\u00e0rrec del grup &#8220;<em>El aedo\u00a0<\/em><em>teatro&#8221;<\/em>\u00a0al teatre Joventut de L&#8217;Hospitalet.<em>\u00a0<\/em>Les alumnes, que havien llegit pr\u00e8viament l&#8217;obra, van gaudir de la posada en escena d&#8217;aquest grup gadit\u00e0 que t\u00e9 una llarga traject\u00f2ria en el m\u00f3n del teatre grecollat\u00ed especialment adre\u00e7at al p\u00fablic jove, at\u00e8s que els mateixos actors eren adolescents quan van fer les seves primeres representacions i volen continuar donant a con\u00e8ixer la experi\u00e8ncia del teatre entre els adolescents d&#8217;avui.<a href=\"https:\/\/agora.xtec.cat\/ies-santa-eulalia\/wp-content\/uploads\/usu1612\/2019\/04\/IMG-20190403-WA0002.jpg\"><img loading=\"lazy\" decoding=\"async\" class=\"alignnone size-large wp-image-4061\" src=\"https:\/\/agora.xtec.cat\/ies-santa-eulalia\/wp-content\/uploads\/usu1612\/2019\/04\/IMG-20190403-WA0002-1024x768.jpg\" alt=\"\" width=\"1024\" height=\"768\" srcset=\"https:\/\/agora.xtec.cat\/ies-santa-eulalia\/wp-content\/uploads\/usu1612\/2019\/04\/IMG-20190403-WA0002-1024x768.jpg 1024w, https:\/\/agora.xtec.cat\/ies-santa-eulalia\/wp-content\/uploads\/usu1612\/2019\/04\/IMG-20190403-WA0002-300x225.jpg 300w, https:\/\/agora.xtec.cat\/ies-santa-eulalia\/wp-content\/uploads\/usu1612\/2019\/04\/IMG-20190403-WA0002-768x576.jpg 768w, https:\/\/agora.xtec.cat\/ies-santa-eulalia\/wp-content\/uploads\/usu1612\/2019\/04\/IMG-20190403-WA0002-200x150.jpg 200w, https:\/\/agora.xtec.cat\/ies-santa-eulalia\/wp-content\/uploads\/usu1612\/2019\/04\/IMG-20190403-WA0002.jpg 1600w\" sizes=\"auto, (max-width: 1024px) 100vw, 1024px\" \/><\/a> <a href=\"https:\/\/agora.xtec.cat\/ies-santa-eulalia\/wp-content\/uploads\/usu1612\/2019\/04\/IMG-20190403-WA0000.jpg\"><img loading=\"lazy\" decoding=\"async\" class=\"alignnone size-large wp-image-4062\" src=\"https:\/\/agora.xtec.cat\/ies-santa-eulalia\/wp-content\/uploads\/usu1612\/2019\/04\/IMG-20190403-WA0000-1024x768.jpg\" alt=\"\" width=\"1024\" height=\"768\" srcset=\"https:\/\/agora.xtec.cat\/ies-santa-eulalia\/wp-content\/uploads\/usu1612\/2019\/04\/IMG-20190403-WA0000-1024x768.jpg 1024w, https:\/\/agora.xtec.cat\/ies-santa-eulalia\/wp-content\/uploads\/usu1612\/2019\/04\/IMG-20190403-WA0000-300x225.jpg 300w, https:\/\/agora.xtec.cat\/ies-santa-eulalia\/wp-content\/uploads\/usu1612\/2019\/04\/IMG-20190403-WA0000-768x576.jpg 768w, https:\/\/agora.xtec.cat\/ies-santa-eulalia\/wp-content\/uploads\/usu1612\/2019\/04\/IMG-20190403-WA0000-200x150.jpg 200w, https:\/\/agora.xtec.cat\/ies-santa-eulalia\/wp-content\/uploads\/usu1612\/2019\/04\/IMG-20190403-WA0000.jpg 1600w\" sizes=\"auto, (max-width: 1024px) 100vw, 1024px\" \/><\/a> <a href=\"https:\/\/agora.xtec.cat\/ies-santa-eulalia\/wp-content\/uploads\/usu1612\/2019\/04\/IMG-20190403-WA0003.jpg\"><img loading=\"lazy\" decoding=\"async\" class=\"alignnone size-large wp-image-4063\" src=\"https:\/\/agora.xtec.cat\/ies-santa-eulalia\/wp-content\/uploads\/usu1612\/2019\/04\/IMG-20190403-WA0003-1024x768.jpg\" alt=\"\" width=\"1024\" height=\"768\" srcset=\"https:\/\/agora.xtec.cat\/ies-santa-eulalia\/wp-content\/uploads\/usu1612\/2019\/04\/IMG-20190403-WA0003-1024x768.jpg 1024w, https:\/\/agora.xtec.cat\/ies-santa-eulalia\/wp-content\/uploads\/usu1612\/2019\/04\/IMG-20190403-WA0003-300x225.jpg 300w, https:\/\/agora.xtec.cat\/ies-santa-eulalia\/wp-content\/uploads\/usu1612\/2019\/04\/IMG-20190403-WA0003-768x576.jpg 768w, https:\/\/agora.xtec.cat\/ies-santa-eulalia\/wp-content\/uploads\/usu1612\/2019\/04\/IMG-20190403-WA0003-200x150.jpg 200w, https:\/\/agora.xtec.cat\/ies-santa-eulalia\/wp-content\/uploads\/usu1612\/2019\/04\/IMG-20190403-WA0003.jpg 1600w\" sizes=\"auto, (max-width: 1024px) 100vw, 1024px\" \/><\/a><\/p>\n","protected":false},"excerpt":{"rendered":"<p>Ahir dimarts 2 d&#8217;abril vam anar a veure la representaci\u00f3 de l&#8217;adaptaci\u00f3 de l&#8217;Orest\u00edada a c\u00e0rrec del grup &#8220;El aedo\u00a0teatro&#8221;\u00a0al teatre Joventut de L&#8217;Hospitalet.\u00a0Les alumnes, que havien llegit pr\u00e8viament l&#8217;obra, van gaudir de la posada en escena d&#8217;aquest grup gadit\u00e0 que t\u00e9 una llarga traject\u00f2ria&hellip;  <a href=\"https:\/\/agora.xtec.cat\/ies-santa-eulalia\/general\/lorestiada-al-teatre-joventut\/\" title=\"Read &#8220;L&#8217;Orest\u00edada&#8221; al teatre JOVENTUT\">Llegeix m\u00e9s\u00bb<\/a><\/p>\n","protected":false},"author":1,"featured_media":4061,"comment_status":"open","ping_status":"closed","sticky":false,"template":"","format":"standard","meta":{"_bbp_topic_count":0,"_bbp_reply_count":0,"_bbp_total_topic_count":0,"_bbp_total_reply_count":0,"_bbp_voice_count":0,"_bbp_anonymous_reply_count":0,"_bbp_topic_count_hidden":0,"_bbp_reply_count_hidden":0,"_bbp_forum_subforum_count":0,"footnotes":""},"categories":[184,174,149,8,1,29],"tags":[],"class_list":["post-3960","post","type-post","status-publish","format-standard","has-post-thumbnail","hentry","category-1r-batxillerat","category-2n-batxillerat","category-novetats-classiques","category-batxillerat","category-general","category-portada"],"post_mailing_queue_ids":[],"_links":{"self":[{"href":"https:\/\/agora.xtec.cat\/ies-santa-eulalia\/wp-json\/wp\/v2\/posts\/3960","targetHints":{"allow":["GET"]}}],"collection":[{"href":"https:\/\/agora.xtec.cat\/ies-santa-eulalia\/wp-json\/wp\/v2\/posts"}],"about":[{"href":"https:\/\/agora.xtec.cat\/ies-santa-eulalia\/wp-json\/wp\/v2\/types\/post"}],"author":[{"embeddable":true,"href":"https:\/\/agora.xtec.cat\/ies-santa-eulalia\/wp-json\/wp\/v2\/users\/1"}],"replies":[{"embeddable":true,"href":"https:\/\/agora.xtec.cat\/ies-santa-eulalia\/wp-json\/wp\/v2\/comments?post=3960"}],"version-history":[{"count":3,"href":"https:\/\/agora.xtec.cat\/ies-santa-eulalia\/wp-json\/wp\/v2\/posts\/3960\/revisions"}],"predecessor-version":[{"id":4066,"href":"https:\/\/agora.xtec.cat\/ies-santa-eulalia\/wp-json\/wp\/v2\/posts\/3960\/revisions\/4066"}],"wp:featuredmedia":[{"embeddable":true,"href":"https:\/\/agora.xtec.cat\/ies-santa-eulalia\/wp-json\/wp\/v2\/media\/4061"}],"wp:attachment":[{"href":"https:\/\/agora.xtec.cat\/ies-santa-eulalia\/wp-json\/wp\/v2\/media?parent=3960"}],"wp:term":[{"taxonomy":"category","embeddable":true,"href":"https:\/\/agora.xtec.cat\/ies-santa-eulalia\/wp-json\/wp\/v2\/categories?post=3960"},{"taxonomy":"post_tag","embeddable":true,"href":"https:\/\/agora.xtec.cat\/ies-santa-eulalia\/wp-json\/wp\/v2\/tags?post=3960"}],"curies":[{"name":"wp","href":"https:\/\/api.w.org\/{rel}","templated":true}]}}