{"id":3756,"date":"2019-03-06T09:49:02","date_gmt":"2019-03-06T08:49:02","guid":{"rendered":"http:\/\/agora.xtec.cat\/ies-santa-eulalia\/?p=3756"},"modified":"2019-05-22T20:31:06","modified_gmt":"2019-05-22T18:31:06","slug":"preinscripcions-19-20","status":"publish","type":"post","link":"https:\/\/agora.xtec.cat\/ies-santa-eulalia\/general\/preinscripcions-19-20\/","title":{"rendered":"Preinscripcions 2019\/20"},"content":{"rendered":"<p style=\"text-align: left;\">L&#8217;institut Santa Eul\u00e0lia ofereix les modalitats de batxillerat <strong>di\u00fcrn<\/strong> i <strong>nocturn<\/strong> en:<\/p>\n<ul>\n<li><strong><span style=\"color: #808080;\">Batxillerat<\/span> <span style=\"color: #ff9900;\">Ci\u00e8ncia i Tecnologia<\/span><\/strong><\/li>\n<li><strong><span style=\"color: #808080;\">Batxillerat<\/span> <span style=\"color: #ff9900;\">Social<\/span><\/strong><\/li>\n<li><strong><span style=\"color: #808080;\">Batxillerat<\/span> <span style=\"color: #ff9900;\">Human\u00edstic<\/span><\/strong><\/li>\n<\/ul>\n<p>&nbsp;<\/p>\n<p>La preinscripci\u00f3 pel batxillerat s&#8217;ha de fer obligat\u00f2riament de forma telem\u00e0tica (per internet)<\/p>\n<table style=\"height: 18px; width: 278px;\" width=\"218\">\n<tbody>\n<tr>\n<td style=\"width: 272px; background-color: #bababa; text-align: center;\"><span style=\"color: #ff6600;\"><strong><a style=\"color: #ff6600;\" href=\"http:\/\/ensenyament.gencat.cat\/ca\/tramits\/tramits-temes\/9388-batxillerat?category=&amp;moda=1\">Acc\u00e8s a la preinscripci\u00f3<\/a><\/strong><\/span><\/td>\n<\/tr>\n<\/tbody>\n<\/table>\n<p>&nbsp;<\/p>\n<p>A continuaci\u00f3 podeu veure el <strong>calendari<\/strong> de preinscripci\u00f3:<\/p>\n<p><a href=\"https:\/\/agora.xtec.cat\/ies-santa-eulalia\/wp-content\/uploads\/usu1612\/2019\/03\/Captura-de-pantalla-2019-05-22-a-les-12.26.52.png\"><img loading=\"lazy\" decoding=\"async\" class=\"alignnone size-full wp-image-4418\" src=\"https:\/\/agora.xtec.cat\/ies-santa-eulalia\/wp-content\/uploads\/usu1612\/2019\/03\/Captura-de-pantalla-2019-05-22-a-les-12.26.52.png\" alt=\"\" width=\"762\" height=\"533\" srcset=\"https:\/\/agora.xtec.cat\/ies-santa-eulalia\/wp-content\/uploads\/usu1612\/2019\/03\/Captura-de-pantalla-2019-05-22-a-les-12.26.52.png 762w, https:\/\/agora.xtec.cat\/ies-santa-eulalia\/wp-content\/uploads\/usu1612\/2019\/03\/Captura-de-pantalla-2019-05-22-a-les-12.26.52-300x210.png 300w\" sizes=\"auto, (max-width: 762px) 100vw, 762px\" \/><\/a><\/p>\n<p>Per aclarir qualsevol dubte, podeu consultar els enlla\u00e7os:<\/p>\n<p style=\"padding-left: 40px;\"><span style=\"color: #ff9900;\"><strong><a style=\"color: #ff9900;\" href=\"http:\/\/www.l-h.cat\/educacio\/1354368_1.aspx\" target=\"_blank\" rel=\"noopener noreferrer\">Informaci\u00f3 general de l`Ajuntament d&#8217;Hospitalet de Llobregat <\/a><\/strong><\/span><\/p>\n<p style=\"padding-left: 40px;\"><span style=\"color: #ff9900;\"><strong><a style=\"color: #ff9900;\" href=\"http:\/\/queestudiar.gencat.cat\/ca\/preinscripcio\/\" target=\"_blank\" rel=\"noopener noreferrer\">Informaci\u00f3 general del Departament d&#8217;Educaci\u00f3<\/a><\/strong><\/span><\/p>\n<p>&nbsp;<\/p>\n<table style=\"height: 41px;\" width=\"550\">\n<tbody>\n<tr>\n<td style=\"width: 544px; background-color: #525252; text-align: center;\"><strong><span style=\"color: #ffffff;\">ATENCI\u00d3:<\/span><\/strong><\/td>\n<\/tr>\n<tr>\n<td style=\"width: 544px; background-color: #ffffff; border-color: #ffffff; text-align: center;\"><span style=\"color: #000000;\">Un cop feta la preinscripci\u00f3 telem\u00e0tica (que \u00e9s obligat\u00f2ria), si heu triat l&#8217;Institut Santa Eul\u00e0lia en primera opci\u00f3,us demanem <strong>que passeu pel centre per omplir el full de tria d&#8217;optatives.\u00a0<\/strong><\/span><\/p>\n<p><span style=\"color: #000000;\">Aqu\u00ed disposeu dels models:<\/span><\/td>\n<\/tr>\n<\/tbody>\n<\/table>\n<table style=\"height: 124px; width: 547px;\" width=\"553\">\n<tbody>\n<tr style=\"height: 31px;\">\n<td style=\"width: 541px; height: 31px; text-align: center;\"><span style=\"color: #ff6600;\"><a style=\"color: #ff6600;\" href=\"https:\/\/drive.google.com\/file\/d\/0B_iGd77p_n-DcFBieUlkbVAzYkJxdWpvYUhKUXNsRVZRSFpN\/view?usp=sharing\">Full Optatives1r BTX di\u00fcrn<\/a><\/span><\/td>\n<\/tr>\n<tr style=\"height: 31px;\">\n<td style=\"width: 541px; height: 31px; text-align: center;\"><span style=\"color: #ff6600;\"><a style=\"color: #ff6600;\" href=\"https:\/\/drive.google.com\/file\/d\/0B_iGd77p_n-DUTc1bk9OUlF5djBfZU5EWkEzX0tsV0RoS2pV\/view?usp=sharing\">Full Optatives 2n BTX di\u00fcrn<\/a><\/span><\/td>\n<\/tr>\n<tr style=\"height: 31px;\">\n<td style=\"width: 541px; height: 31px; text-align: center;\"><span style=\"color: #ff6600;\"><a style=\"color: #ff6600;\" href=\"https:\/\/drive.google.com\/file\/d\/1_FqIibALUskS_8bQZbeAoTbWJj_btHOS\/view?usp=sharing\">Full Optatives 1r BTX nocturn<\/a><\/span><\/td>\n<\/tr>\n<tr style=\"height: 31px;\">\n<td style=\"width: 541px; height: 31px; text-align: center;\"><span style=\"color: #ff6600;\"><a style=\"color: #ff6600;\" href=\"https:\/\/drive.google.com\/file\/d\/1NWfntlrgHpnMmXLu5K-QLkdqlxxHgldg\/view?usp=sharing\">Full Optatives 2n BTX nocturn<\/a><\/span><\/td>\n<\/tr>\n<\/tbody>\n<\/table>\n<p>&nbsp;<\/p>\n<p>&nbsp;<\/p>\n<p>&nbsp;<\/p>\n<p>&nbsp;<\/p>\n<p>&nbsp;<\/p>\n<p>&nbsp;<\/p>\n<p>&nbsp;<\/p>\n","protected":false},"excerpt":{"rendered":"<p>L&#8217;institut Santa Eul\u00e0lia ofereix les modalitats de batxillerat di\u00fcrn i nocturn en:<\/p>\n<ul>\n<li>Batxillerat Ci\u00e8ncia i Tecnologia<\/li>\n<li>Batxillerat Social<\/li>\n<li>Batxillerat Human\u00edstic<\/li>\n<\/ul>\n<p>&nbsp;<br \/>\nLa preinscripci\u00f3 pel batxillerat s&#8217;ha de fer obligat\u00f2riament de forma telem\u00e0tica (per internet)<\/p>\n<p><a style=\"color: #ff6600;\" href=\"http:\/\/ensenyament.gencat.cat\/ca\/tramits\/tramits-temes\/9388-batxillerat?category=&amp;moda=1\">Acc\u00e8s a la preinscripci\u00f3<\/a><\/p>\n<p>&nbsp;<br \/>\nA continuaci\u00f3 podeu veure el calendari de preinscripci\u00f3:<br \/>\n<a href=\"https:\/\/agora.xtec.cat\/ies-santa-eulalia\/wp-content\/uploads\/usu1612\/2019\/03\/Captura-de-pantalla-2019-05-22-a-les-12.26.52.png\"><\/a><br \/>\nPer aclarir qualsevol&hellip;  <a href=\"https:\/\/agora.xtec.cat\/ies-santa-eulalia\/general\/preinscripcions-19-20\/\" title=\"Read Preinscripcions 2019\/20\">Llegeix m\u00e9s\u00bb<\/a><\/p>\n","protected":false},"author":1,"featured_media":3767,"comment_status":"open","ping_status":"closed","sticky":false,"template":"","format":"standard","meta":{"_bbp_topic_count":0,"_bbp_reply_count":0,"_bbp_total_topic_count":0,"_bbp_total_reply_count":0,"_bbp_voice_count":0,"_bbp_anonymous_reply_count":0,"_bbp_topic_count_hidden":0,"_bbp_reply_count_hidden":0,"_bbp_forum_subforum_count":0,"footnotes":""},"categories":[1],"tags":[],"class_list":["post-3756","post","type-post","status-publish","format-standard","has-post-thumbnail","hentry","category-general"],"post_mailing_queue_ids":[],"_links":{"self":[{"href":"https:\/\/agora.xtec.cat\/ies-santa-eulalia\/wp-json\/wp\/v2\/posts\/3756","targetHints":{"allow":["GET"]}}],"collection":[{"href":"https:\/\/agora.xtec.cat\/ies-santa-eulalia\/wp-json\/wp\/v2\/posts"}],"about":[{"href":"https:\/\/agora.xtec.cat\/ies-santa-eulalia\/wp-json\/wp\/v2\/types\/post"}],"author":[{"embeddable":true,"href":"https:\/\/agora.xtec.cat\/ies-santa-eulalia\/wp-json\/wp\/v2\/users\/1"}],"replies":[{"embeddable":true,"href":"https:\/\/agora.xtec.cat\/ies-santa-eulalia\/wp-json\/wp\/v2\/comments?post=3756"}],"version-history":[{"count":3,"href":"https:\/\/agora.xtec.cat\/ies-santa-eulalia\/wp-json\/wp\/v2\/posts\/3756\/revisions"}],"predecessor-version":[{"id":4437,"href":"https:\/\/agora.xtec.cat\/ies-santa-eulalia\/wp-json\/wp\/v2\/posts\/3756\/revisions\/4437"}],"wp:featuredmedia":[{"embeddable":true,"href":"https:\/\/agora.xtec.cat\/ies-santa-eulalia\/wp-json\/wp\/v2\/media\/3767"}],"wp:attachment":[{"href":"https:\/\/agora.xtec.cat\/ies-santa-eulalia\/wp-json\/wp\/v2\/media?parent=3756"}],"wp:term":[{"taxonomy":"category","embeddable":true,"href":"https:\/\/agora.xtec.cat\/ies-santa-eulalia\/wp-json\/wp\/v2\/categories?post=3756"},{"taxonomy":"post_tag","embeddable":true,"href":"https:\/\/agora.xtec.cat\/ies-santa-eulalia\/wp-json\/wp\/v2\/tags?post=3756"}],"curies":[{"name":"wp","href":"https:\/\/api.w.org\/{rel}","templated":true}]}}