{"id":3743,"date":"2019-02-28T12:15:35","date_gmt":"2019-02-28T11:15:35","guid":{"rendered":"http:\/\/agora.xtec.cat\/ies-santa-eulalia\/?p=3743"},"modified":"2019-02-28T12:15:35","modified_gmt":"2019-02-28T11:15:35","slug":"1r-bat-bio-genomica-sequenciant-el-paller","status":"publish","type":"post","link":"https:\/\/agora.xtec.cat\/ies-santa-eulalia\/general\/1r-bat-bio-genomica-sequenciant-el-paller\/","title":{"rendered":"1r BAT Bio Gen\u00f2mica. Seq\u00fcenciant el paller"},"content":{"rendered":"<p>Amb l\u2019alumnat de 1r de Biologia de Batxillerat hem assistit a l\u2019auditori del <em><a href=\"http:\/\/www.prbb.org\/ca\" target=\"_blank\" rel=\"noopener noreferrer\">Parc de Recerca Biom\u00e8dica de Barcelona<\/a><\/em> (<a class=\"notranslate\" href=\"https:\/\/www.instagram.com\/the_prbb\/\">@the_prbb<\/a>)  a la xerrada sobre gen\u00f2mica <em>Seq\u00fcenciant el paller<\/em> a c\u00e0rrec de <a href=\"https:\/\/www.upf.edu\/web\/sct-genomics\/entry\/-\/-\/28971\/adscripcion\/ferran-casals\" target=\"_blank\" rel=\"noopener noreferrer\">Ferran Casals<\/a>, director del servei de Gen\u00f2mica del <a href=\"https:\/\/www.upf.edu\/web\/biomed\" target=\"_blank\" rel=\"noopener noreferrer\">CEXS-UPF<\/a>.<\/p>\n<p><a href=\"https:\/\/lh3.googleusercontent.com\/NYXpC8v3UtWj6zopxQlPETF5zYqEuZ2ZrM0TaMF8KhFRn_N1K97TIOy4-2XyhFVJ3vYTKRyx7gnoy6cgJI6kXZeAIvIWYOMiSaFuv2_aq8gSL84lj2Hl10iq-jELHhVRKjCsgkwGGdAKNwKjCJyntLh9QiRwHtvqBJx58gfH3WrGX3P6aa4nOExDkZHnpyAcHnvc7xjxAi-hqiI9EbzmCD0gqGdg3QHgnoHpF94GUm2ASY5BXbNj_2Adt4CiGErt9V3SoiAgmqOBfkTL2pgjyhSMCFSx4eDf78gT7X6KlE9CwGY17FuDb_lD9lzYBU_agnVen09dmZEhS1cU6lDaUx6EvaVhpahkjvghBzq7tHsugZWwecO_6obaMe7EMCr7hWxdstrusZksLcqkqTEQiLUdMG5cnpHNt1LSj5tNVlL8CxfP6kl3kb6eVbFOQAKHgsNmGeMCJmZrZ0Z0HR2_HgkA0xA4A1Y_6IVTGBBjeAPtVGZHe16C9Uf12a-PZ-RwIPZYQHFFShNvN27k2RWQD0TqFY0-I2y4YyrxAC1bQgYv0D_5crUbtFrzIy_Mlk0dDDaHHqWNGruOPHcJPnRiFCue9dxTKN4qCH8pL8obZBBZ7JaqlbiZac_UbccaVTFUhiU_M9zM6jrF3e3a2xEer84C6xb_58E=w368-h654-no\"><img loading=\"lazy\" decoding=\"async\" class=\"alignright size-large\" src=\"https:\/\/lh3.googleusercontent.com\/NYXpC8v3UtWj6zopxQlPETF5zYqEuZ2ZrM0TaMF8KhFRn_N1K97TIOy4-2XyhFVJ3vYTKRyx7gnoy6cgJI6kXZeAIvIWYOMiSaFuv2_aq8gSL84lj2Hl10iq-jELHhVRKjCsgkwGGdAKNwKjCJyntLh9QiRwHtvqBJx58gfH3WrGX3P6aa4nOExDkZHnpyAcHnvc7xjxAi-hqiI9EbzmCD0gqGdg3QHgnoHpF94GUm2ASY5BXbNj_2Adt4CiGErt9V3SoiAgmqOBfkTL2pgjyhSMCFSx4eDf78gT7X6KlE9CwGY17FuDb_lD9lzYBU_agnVen09dmZEhS1cU6lDaUx6EvaVhpahkjvghBzq7tHsugZWwecO_6obaMe7EMCr7hWxdstrusZksLcqkqTEQiLUdMG5cnpHNt1LSj5tNVlL8CxfP6kl3kb6eVbFOQAKHgsNmGeMCJmZrZ0Z0HR2_HgkA0xA4A1Y_6IVTGBBjeAPtVGZHe16C9Uf12a-PZ-RwIPZYQHFFShNvN27k2RWQD0TqFY0-I2y4YyrxAC1bQgYv0D_5crUbtFrzIy_Mlk0dDDaHHqWNGruOPHcJPnRiFCue9dxTKN4qCH8pL8obZBBZ7JaqlbiZac_UbccaVTFUhiU_M9zM6jrF3e3a2xEer84C6xb_58E=w368-h654-no\" width=\"368\" height=\"654\" \/><\/a>La xerrada ha comen\u00e7at explicant qu\u00e8 \u00e9s el genoma i com es va arribar a seq\u00fcenciar en el cas dels <a href=\"https:\/\/lagenetica.info\/ca\/genetica-present-i-futur\/projecte-genoma-huma\/\" target=\"_blank\" rel=\"noopener noreferrer\">humans <\/a>despr\u00e9s de m\u00e9s de deu anys d&#8217;esfor\u00e7os coordinats d&#8217;equips d&#8217;investigaci\u00f3 de diferents pa\u00efsos, i amb un cost de tres mil milions de d\u00f2lars. Avui, un genoma hum\u00e0 es pot seq\u00fcenciar per 1000 d\u00f2lars en nom\u00e9s una setmana. Tot aix\u00f2 est\u00e0 fent que es generin dades sobre genomes complerts a una velocitat incre\u00efble. A partir de aquest allau d\u2019informaci\u00f3, es van plantejar els <a href=\"https:\/\/lagenetica.info\/ca\/genetica-present-i-futur\/on-som-i-cap-on-anem\/\" target=\"_blank\" rel=\"noopener noreferrer\">objectius actuals<\/a> de treball aquesta informaci\u00f3, qu\u00e8 estan permetent aprofundir en el coneixement de la nostra esp\u00e8cie, des de comprendre millor la nostra hist\u00f2ria evolutiva fins a con\u00e8ixer quins s\u00f3n els mecanismes moleculars de la malaltia humana.<br \/>\nTamb\u00e9 va plantejar com les poblacions humanes han estat sotmeses a la selecci\u00f3 natural, i s\u2019han adaptat a diferents condicions ambientals i que aquestes adaptacions expliquen tamb\u00e9 l\u2019aparici\u00f3 de malalties complexes. Finalment va fer una aproximaci\u00f3 sobre la utilitzaci\u00f3 d\u2019aquesta informaci\u00f3 en la gen\u00f2mica m\u00e8dica, i particularment del gran aven\u00e7 que ha representat pel camp d\u2019investigaci\u00f3 sobre les malalties rares.<\/p>\n<p>Podeu veure m\u00e9s imatges en aquest <a href=\"https:\/\/photos.app.goo.gl\/XcGtLLFZiLoBsKC97\" target=\"_blank\" rel=\"noopener noreferrer\">\u00e0lbum<\/a>.<\/p>\n<p><a href=\"https:\/\/lh3.googleusercontent.com\/iAPbdjlNYxtccwG9IUTgwGwMOsxGnAwphtAPiPxG0ImRo-61p9IxmOqVbOnIb_lyw-Z8WUl_RFFTw3f_CUHqGOaWqu32HwKtbXe77FhNVy9tEACV0xHJ6YwkPG0_EnJ0vib7LmyjVjzUko3FCq-q_PNH9RRvbJWOD1Hd23QcCOksE-L6zR6Azk96RHYi6b366H3Da8bvG0RHO48fvpz7gEflEvg95r5VUZMEKL-yBuvn0QCWyHhMRF6ugOwWj2MicyqHkTcjSyW-PePEMUYucJvWntaeIoz2iFQVvqsupzCtt3SxOynq-vIors2QNXNF_Zk1vQRLrOLuluPWx4VSkrygFcJfUICpARSMkVDyseQ76pX5VzdE_3tVtJpnrTrKExLAE6cNpuc7XDYZDiYu-_k9lSGoU_L2HuXMkv2kAsUL59tkN_noGmsZg3VCLQ5VNdWPh5qWx0jjRhhTOdd-2QKo26GZLbRB5lkkJ1w8mQ_3R22-Y8ZFUfn2qHp6ilmzVJ2jZ6NSJE330ATyMJazOBFAo-DIUHdAoWJgMx6wQp--FxJo9vCrAxrItdcsIh0nMfeqm-hkeCyycbkRAlYaGNmES8S9KRBOL8SDVfK94w3otAP_2K3vyiuPamHkMIan68o5t6FZZ5Ovpe5qIFjW0DMSxbdpedMdxJ7l6CqfSC1NS2-BuCIpGQpkHJgABjoo3QyXgfVRc5i-GL2n1r5JtGLy=w1163-h654-no\"><img loading=\"lazy\" decoding=\"async\" class=\"aligncenter size-large\" src=\"https:\/\/lh3.googleusercontent.com\/iAPbdjlNYxtccwG9IUTgwGwMOsxGnAwphtAPiPxG0ImRo-61p9IxmOqVbOnIb_lyw-Z8WUl_RFFTw3f_CUHqGOaWqu32HwKtbXe77FhNVy9tEACV0xHJ6YwkPG0_EnJ0vib7LmyjVjzUko3FCq-q_PNH9RRvbJWOD1Hd23QcCOksE-L6zR6Azk96RHYi6b366H3Da8bvG0RHO48fvpz7gEflEvg95r5VUZMEKL-yBuvn0QCWyHhMRF6ugOwWj2MicyqHkTcjSyW-PePEMUYucJvWntaeIoz2iFQVvqsupzCtt3SxOynq-vIors2QNXNF_Zk1vQRLrOLuluPWx4VSkrygFcJfUICpARSMkVDyseQ76pX5VzdE_3tVtJpnrTrKExLAE6cNpuc7XDYZDiYu-_k9lSGoU_L2HuXMkv2kAsUL59tkN_noGmsZg3VCLQ5VNdWPh5qWx0jjRhhTOdd-2QKo26GZLbRB5lkkJ1w8mQ_3R22-Y8ZFUfn2qHp6ilmzVJ2jZ6NSJE330ATyMJazOBFAo-DIUHdAoWJgMx6wQp--FxJo9vCrAxrItdcsIh0nMfeqm-hkeCyycbkRAlYaGNmES8S9KRBOL8SDVfK94w3otAP_2K3vyiuPamHkMIan68o5t6FZZ5Ovpe5qIFjW0DMSxbdpedMdxJ7l6CqfSC1NS2-BuCIpGQpkHJgABjoo3QyXgfVRc5i-GL2n1r5JtGLy=w1163-h654-no\" width=\"1163\" height=\"654\" \/><\/a><\/p>\n<p><a href=\"https:\/\/lh3.googleusercontent.com\/iua2jKez_OMxSglrTOuRwPRPnuWL6hhs7X1V2xacEKzfpFNDKZ0inWKA_WoiD8pRnaFWnipleV-DB-qt4rMvIubwJE6epUgvhYFwCsFTqpgLKIXlLpYl7LibcaJd_eYHGgX45gQUYqYhLO4C0mzhpyN-i8tXK5xCpDEyNiPOlF-RhWTryvbS3fEd_09wEYWxWVNcq71h82RO7L_qtt8GFiVf3-dEl8UG1sYAg1PYcOWefChPuc68_jiiTwONnhkYhGWCXBToH8NF2ELBAn1o5rx48VpicIl4C9H5qS62-d0XfkGb_y9hHZ_MclzVemng33TY9OpNXrh7kdrbAJSOtGJmWDMB8LJiSiJ2XP2Yj2a2fQtteXonIJ-04O_Lk4f9zRdsV4yGvYe5kRL1vgBLKN_8a9sQyyhb8GQDfaWr3KOENYUFGAaXUhsLpm17QPODSwXv7GXp5uzuSLG5zqph3Klo0-0H6QUFdX0FN1iAZJ5ITYMrrk_d3Sm7bXraYQqO390sJv-ATysHGQxu7dsukUhSVcpDYjMfGGU9Adstvwol88J3cV_NvKVxrelExYpT5YKa0h9peVoTCgNcjknbDk67HkbQ_7M7WY5xmdnECSrcpU4rUcC_AT4gJ_C3wd9sOpAatamCqfmxQFOZWTGR8d7C9_xm7sw=w1163-h654-no\"><img loading=\"lazy\" decoding=\"async\" class=\"aligncenter size-large\" src=\"https:\/\/lh3.googleusercontent.com\/iua2jKez_OMxSglrTOuRwPRPnuWL6hhs7X1V2xacEKzfpFNDKZ0inWKA_WoiD8pRnaFWnipleV-DB-qt4rMvIubwJE6epUgvhYFwCsFTqpgLKIXlLpYl7LibcaJd_eYHGgX45gQUYqYhLO4C0mzhpyN-i8tXK5xCpDEyNiPOlF-RhWTryvbS3fEd_09wEYWxWVNcq71h82RO7L_qtt8GFiVf3-dEl8UG1sYAg1PYcOWefChPuc68_jiiTwONnhkYhGWCXBToH8NF2ELBAn1o5rx48VpicIl4C9H5qS62-d0XfkGb_y9hHZ_MclzVemng33TY9OpNXrh7kdrbAJSOtGJmWDMB8LJiSiJ2XP2Yj2a2fQtteXonIJ-04O_Lk4f9zRdsV4yGvYe5kRL1vgBLKN_8a9sQyyhb8GQDfaWr3KOENYUFGAaXUhsLpm17QPODSwXv7GXp5uzuSLG5zqph3Klo0-0H6QUFdX0FN1iAZJ5ITYMrrk_d3Sm7bXraYQqO390sJv-ATysHGQxu7dsukUhSVcpDYjMfGGU9Adstvwol88J3cV_NvKVxrelExYpT5YKa0h9peVoTCgNcjknbDk67HkbQ_7M7WY5xmdnECSrcpU4rUcC_AT4gJ_C3wd9sOpAatamCqfmxQFOZWTGR8d7C9_xm7sw=w1163-h654-no\" width=\"1163\" height=\"654\" \/><\/a><\/p>\n","protected":false},"excerpt":{"rendered":"<p>Amb l\u2019alumnat de 1r de Biologia de Batxillerat hem assistit a l\u2019auditori del <a href=\"http:\/\/www.prbb.org\/ca\" target=\"_blank\" rel=\"noopener noreferrer\">Parc de Recerca Biom\u00e8dica de Barcelona<\/a> (<a class=\"notranslate\" href=\"https:\/\/www.instagram.com\/the_prbb\/\">@the_prbb<\/a>)  a la xerrada sobre gen\u00f2mica Seq\u00fcenciant el paller a c\u00e0rrec de <a href=\"https:\/\/www.upf.edu\/web\/sct-genomics\/entry\/-\/-\/28971\/adscripcion\/ferran-casals\" target=\"_blank\" rel=\"noopener noreferrer\">Ferran Casals<\/a>, director&hellip;  <a href=\"https:\/\/agora.xtec.cat\/ies-santa-eulalia\/general\/1r-bat-bio-genomica-sequenciant-el-paller\/\" title=\"Read 1r BAT Bio Gen\u00f2mica. Seq\u00fcenciant el paller\">Llegeix m\u00e9s\u00bb<\/a><\/p>\n","protected":false},"author":35,"featured_media":3744,"comment_status":"open","ping_status":"closed","sticky":false,"template":"","format":"standard","meta":{"_bbp_topic_count":0,"_bbp_reply_count":0,"_bbp_total_topic_count":0,"_bbp_total_reply_count":0,"_bbp_voice_count":0,"_bbp_anonymous_reply_count":0,"_bbp_topic_count_hidden":0,"_bbp_reply_count_hidden":0,"_bbp_forum_subforum_count":0,"footnotes":""},"categories":[177,144,8,1,29],"tags":[132,201,219,125,141,127,126,143,272,142,205,206,265,164,258,218,39,44],"class_list":["post-3743","post","type-post","status-publish","format-standard","has-post-thumbnail","hentry","category-1r-batx-b","category-novetats-ciencies-naturals","category-batxillerat","category-general","category-portada","tag-1r-bat","tag-2018-2019","tag-bat","tag-batxillerat","tag-biobat","tag-biologia","tag-ciencies","tag-genetica","tag-genomica","tag-imatges","tag-ins-santa-eulalia","tag-ise1819","tag-iseamuntiavall","tag-prbb","tag-que-ha-passat","tag-santa-eulalia","tag-sortides","tag-xerrades"],"post_mailing_queue_ids":[],"_links":{"self":[{"href":"https:\/\/agora.xtec.cat\/ies-santa-eulalia\/wp-json\/wp\/v2\/posts\/3743","targetHints":{"allow":["GET"]}}],"collection":[{"href":"https:\/\/agora.xtec.cat\/ies-santa-eulalia\/wp-json\/wp\/v2\/posts"}],"about":[{"href":"https:\/\/agora.xtec.cat\/ies-santa-eulalia\/wp-json\/wp\/v2\/types\/post"}],"author":[{"embeddable":true,"href":"https:\/\/agora.xtec.cat\/ies-santa-eulalia\/wp-json\/wp\/v2\/users\/35"}],"replies":[{"embeddable":true,"href":"https:\/\/agora.xtec.cat\/ies-santa-eulalia\/wp-json\/wp\/v2\/comments?post=3743"}],"version-history":[{"count":1,"href":"https:\/\/agora.xtec.cat\/ies-santa-eulalia\/wp-json\/wp\/v2\/posts\/3743\/revisions"}],"predecessor-version":[{"id":3745,"href":"https:\/\/agora.xtec.cat\/ies-santa-eulalia\/wp-json\/wp\/v2\/posts\/3743\/revisions\/3745"}],"wp:featuredmedia":[{"embeddable":true,"href":"https:\/\/agora.xtec.cat\/ies-santa-eulalia\/wp-json\/wp\/v2\/media\/3744"}],"wp:attachment":[{"href":"https:\/\/agora.xtec.cat\/ies-santa-eulalia\/wp-json\/wp\/v2\/media?parent=3743"}],"wp:term":[{"taxonomy":"category","embeddable":true,"href":"https:\/\/agora.xtec.cat\/ies-santa-eulalia\/wp-json\/wp\/v2\/categories?post=3743"},{"taxonomy":"post_tag","embeddable":true,"href":"https:\/\/agora.xtec.cat\/ies-santa-eulalia\/wp-json\/wp\/v2\/tags?post=3743"}],"curies":[{"name":"wp","href":"https:\/\/api.w.org\/{rel}","templated":true}]}}