{"id":3583,"date":"2019-02-15T14:23:40","date_gmt":"2019-02-15T13:23:40","guid":{"rendered":"http:\/\/agora.xtec.cat\/ies-santa-eulalia\/?p=3583"},"modified":"2019-04-02T22:30:56","modified_gmt":"2019-04-02T20:30:56","slug":"cuidem-les-mascotes","status":"publish","type":"post","link":"https:\/\/agora.xtec.cat\/ies-santa-eulalia\/eso\/cuidem-les-mascotes\/","title":{"rendered":"Cuidem les mascotes!"},"content":{"rendered":"<p>Els nostres alumnes d\u2019Aula d\u2019acollida de 1r i 2n d\u2019ESO han realitzat un projecte sobre les mascotes.<\/p>\n<p>Han elaborat uns tr\u00edptics informatius amb les perruqueries canines, cl\u00edniques veterin\u00e0ries i botigues de productes per a<br \/>\nmascotes al barri Santa Eul\u00e0lia. Per completar la feina, hem volgut compartir all\u00f2 que hem treballat realitzant unes pancartes informatives.<\/p>\n<p>Aqu\u00ed podeu veure com van quedar els tr\u00edptics, n&#8217;estem ben satisfets de la nostra feina: <a href=\"https:\/\/agora.xtec.cat\/ies-santa-eulalia\/wp-content\/uploads\/usu1612\/2019\/02\/Cuidemelsanimals.pdf\">Cuidemelsanimals<\/a><\/p>\n<p>La part final d&#8217;aquest projecte ha consistit en una sortida per visitar i entrevistar als professionals en mascotes del nostre barri. Des de l\u2019Aula d\u2019acollida volem agrair a tots aquests professionals la seva amabilitat i implicaci\u00f3 envers nosaltres.<\/p>\n<p>No hi ha res millor que aprendre la llengua a partir del nostre entorn i sempre des de la cultura dels valors i els bons principis.<\/p>\n<p>Volem compartir amb vosaltres algunes fotos i aquest <a href=\"https:\/\/drive.google.com\/open?id=1qjne1RWXOEEeb1jCLnWzgkI8NW6pzcPO\">v\u00eddeo<\/a>! Esperem que us agradin!<\/p>\n<p>&nbsp;<\/p>\n<p><a href=\"https:\/\/agora.xtec.cat\/ies-santa-eulalia\/wp-content\/uploads\/usu1612\/2019\/02\/IMG_7194.jpg\"><img loading=\"lazy\" decoding=\"async\" class=\"alignnone wp-image-3587\" src=\"https:\/\/agora.xtec.cat\/ies-santa-eulalia\/wp-content\/uploads\/usu1612\/2019\/02\/IMG_7194-1024x768.jpg\" alt=\"\" width=\"817\" height=\"613\" srcset=\"https:\/\/agora.xtec.cat\/ies-santa-eulalia\/wp-content\/uploads\/usu1612\/2019\/02\/IMG_7194-1024x768.jpg 1024w, https:\/\/agora.xtec.cat\/ies-santa-eulalia\/wp-content\/uploads\/usu1612\/2019\/02\/IMG_7194-300x225.jpg 300w, https:\/\/agora.xtec.cat\/ies-santa-eulalia\/wp-content\/uploads\/usu1612\/2019\/02\/IMG_7194-768x576.jpg 768w, https:\/\/agora.xtec.cat\/ies-santa-eulalia\/wp-content\/uploads\/usu1612\/2019\/02\/IMG_7194-200x150.jpg 200w\" sizes=\"auto, (max-width: 817px) 100vw, 817px\" \/><\/a><a href=\"https:\/\/agora.xtec.cat\/ies-santa-eulalia\/wp-content\/uploads\/usu1612\/2019\/02\/IMG_7218.jpg\"><img loading=\"lazy\" decoding=\"async\" class=\"alignnone wp-image-3584\" src=\"https:\/\/agora.xtec.cat\/ies-santa-eulalia\/wp-content\/uploads\/usu1612\/2019\/02\/IMG_7218-1024x768.jpg\" alt=\"\" width=\"815\" height=\"611\" srcset=\"https:\/\/agora.xtec.cat\/ies-santa-eulalia\/wp-content\/uploads\/usu1612\/2019\/02\/IMG_7218-1024x768.jpg 1024w, https:\/\/agora.xtec.cat\/ies-santa-eulalia\/wp-content\/uploads\/usu1612\/2019\/02\/IMG_7218-300x225.jpg 300w, https:\/\/agora.xtec.cat\/ies-santa-eulalia\/wp-content\/uploads\/usu1612\/2019\/02\/IMG_7218-768x576.jpg 768w, https:\/\/agora.xtec.cat\/ies-santa-eulalia\/wp-content\/uploads\/usu1612\/2019\/02\/IMG_7218-200x150.jpg 200w\" sizes=\"auto, (max-width: 815px) 100vw, 815px\" \/><\/a><\/p>\n<p><a href=\"https:\/\/agora.xtec.cat\/ies-santa-eulalia\/wp-content\/uploads\/usu1612\/2019\/02\/IMG_7219.jpg\"><img loading=\"lazy\" decoding=\"async\" class=\"alignnone wp-image-3585\" src=\"https:\/\/agora.xtec.cat\/ies-santa-eulalia\/wp-content\/uploads\/usu1612\/2019\/02\/IMG_7219-1024x768.jpg\" alt=\"\" width=\"823\" height=\"617\" srcset=\"https:\/\/agora.xtec.cat\/ies-santa-eulalia\/wp-content\/uploads\/usu1612\/2019\/02\/IMG_7219-1024x768.jpg 1024w, https:\/\/agora.xtec.cat\/ies-santa-eulalia\/wp-content\/uploads\/usu1612\/2019\/02\/IMG_7219-300x225.jpg 300w, https:\/\/agora.xtec.cat\/ies-santa-eulalia\/wp-content\/uploads\/usu1612\/2019\/02\/IMG_7219-768x576.jpg 768w, https:\/\/agora.xtec.cat\/ies-santa-eulalia\/wp-content\/uploads\/usu1612\/2019\/02\/IMG_7219-200x150.jpg 200w\" sizes=\"auto, (max-width: 823px) 100vw, 823px\" \/><\/a> <a href=\"https:\/\/agora.xtec.cat\/ies-santa-eulalia\/wp-content\/uploads\/usu1612\/2019\/02\/IMG_7222.png\"><img loading=\"lazy\" decoding=\"async\" class=\"alignnone size-large wp-image-3586\" src=\"https:\/\/agora.xtec.cat\/ies-santa-eulalia\/wp-content\/uploads\/usu1612\/2019\/02\/IMG_7222-576x1024.png\" alt=\"\" width=\"576\" height=\"1024\" srcset=\"https:\/\/agora.xtec.cat\/ies-santa-eulalia\/wp-content\/uploads\/usu1612\/2019\/02\/IMG_7222-576x1024.png 576w, https:\/\/agora.xtec.cat\/ies-santa-eulalia\/wp-content\/uploads\/usu1612\/2019\/02\/IMG_7222-169x300.png 169w, https:\/\/agora.xtec.cat\/ies-santa-eulalia\/wp-content\/uploads\/usu1612\/2019\/02\/IMG_7222.png 750w\" sizes=\"auto, (max-width: 576px) 100vw, 576px\" \/><\/a><\/p>\n","protected":false},"excerpt":{"rendered":"<p>Els nostres alumnes d\u2019Aula d\u2019acollida de 1r i 2n d\u2019ESO han realitzat un projecte sobre les mascotes.<br \/>\nHan elaborat uns tr\u00edptics informatius amb les perruqueries canines, cl\u00edniques veterin\u00e0ries i botigues de productes per a<br \/>\nmascotes al barri Santa Eul\u00e0lia. Per completar la feina, hem volgut compartir all\u00f2&hellip;  <a href=\"https:\/\/agora.xtec.cat\/ies-santa-eulalia\/eso\/cuidem-les-mascotes\/\" title=\"Read Cuidem les mascotes!\">Llegeix m\u00e9s\u00bb<\/a><\/p>\n","protected":false},"author":1,"featured_media":3593,"comment_status":"open","ping_status":"closed","sticky":false,"template":"","format":"standard","meta":{"_bbp_topic_count":0,"_bbp_reply_count":0,"_bbp_total_topic_count":0,"_bbp_total_reply_count":0,"_bbp_voice_count":0,"_bbp_anonymous_reply_count":0,"_bbp_topic_count_hidden":0,"_bbp_reply_count_hidden":0,"_bbp_forum_subforum_count":0,"footnotes":""},"categories":[154,3,29],"tags":[],"class_list":["post-3583","post","type-post","status-publish","format-standard","has-post-thumbnail","hentry","category-novetats-aula-dacollida","category-eso","category-portada"],"post_mailing_queue_ids":[],"_links":{"self":[{"href":"https:\/\/agora.xtec.cat\/ies-santa-eulalia\/wp-json\/wp\/v2\/posts\/3583","targetHints":{"allow":["GET"]}}],"collection":[{"href":"https:\/\/agora.xtec.cat\/ies-santa-eulalia\/wp-json\/wp\/v2\/posts"}],"about":[{"href":"https:\/\/agora.xtec.cat\/ies-santa-eulalia\/wp-json\/wp\/v2\/types\/post"}],"author":[{"embeddable":true,"href":"https:\/\/agora.xtec.cat\/ies-santa-eulalia\/wp-json\/wp\/v2\/users\/1"}],"replies":[{"embeddable":true,"href":"https:\/\/agora.xtec.cat\/ies-santa-eulalia\/wp-json\/wp\/v2\/comments?post=3583"}],"version-history":[{"count":3,"href":"https:\/\/agora.xtec.cat\/ies-santa-eulalia\/wp-json\/wp\/v2\/posts\/3583\/revisions"}],"predecessor-version":[{"id":3592,"href":"https:\/\/agora.xtec.cat\/ies-santa-eulalia\/wp-json\/wp\/v2\/posts\/3583\/revisions\/3592"}],"wp:featuredmedia":[{"embeddable":true,"href":"https:\/\/agora.xtec.cat\/ies-santa-eulalia\/wp-json\/wp\/v2\/media\/3593"}],"wp:attachment":[{"href":"https:\/\/agora.xtec.cat\/ies-santa-eulalia\/wp-json\/wp\/v2\/media?parent=3583"}],"wp:term":[{"taxonomy":"category","embeddable":true,"href":"https:\/\/agora.xtec.cat\/ies-santa-eulalia\/wp-json\/wp\/v2\/categories?post=3583"},{"taxonomy":"post_tag","embeddable":true,"href":"https:\/\/agora.xtec.cat\/ies-santa-eulalia\/wp-json\/wp\/v2\/tags?post=3583"}],"curies":[{"name":"wp","href":"https:\/\/api.w.org\/{rel}","templated":true}]}}