{"id":3566,"date":"2019-02-15T12:18:53","date_gmt":"2019-02-15T11:18:53","guid":{"rendered":"http:\/\/agora.xtec.cat\/ies-santa-eulalia\/?p=3566"},"modified":"2019-02-15T12:19:01","modified_gmt":"2019-02-15T11:19:01","slug":"gravacio-del-programa-santa-eulalia-radio","status":"publish","type":"post","link":"https:\/\/agora.xtec.cat\/ies-santa-eulalia\/novetats-siei\/gravacio-del-programa-santa-eulalia-radio\/","title":{"rendered":"GRAVACI\u00d3 DEL PROGRAMA SANTA EUL\u00c0LIA R\u00c0DIO"},"content":{"rendered":"<p>Divendres 8 de febrer l\u00b4alumnat de la SIEI va anar a les instal\u00b7lacions de TorreBarrina a gravar el segon programa d\u00b4aquest curs. Van enregistrar unes converses i unes can\u00e7ons.<\/p>\n<p>Aqu\u00ed teniu la gravaci\u00f3!!<\/p>\n<!--[if lt IE 9]><script>document.createElement('audio');<\/script><![endif]-->\n<audio class=\"wp-audio-shortcode\" id=\"audio-3566-1\" preload=\"none\" style=\"width: 100%;\" controls=\"controls\"><source type=\"audio\/mpeg\" src=\"https:\/\/agora.xtec.cat\/ies-santa-eulalia\/wp-content\/uploads\/usu1612\/2019\/02\/8_2-torrebarrina-DEFINITIU.mp3?_=1\" \/><a href=\"https:\/\/agora.xtec.cat\/ies-santa-eulalia\/wp-content\/uploads\/usu1612\/2019\/02\/8_2-torrebarrina-DEFINITIU.mp3\">https:\/\/agora.xtec.cat\/ies-santa-eulalia\/wp-content\/uploads\/usu1612\/2019\/02\/8_2-torrebarrina-DEFINITIU.mp3<\/a><\/audio>\n<table style=\"border-collapse: collapse;width: 100%;height: 30px\" border=\"1\">\n<tbody>\n<tr>\n<td style=\"width: 50%\">\u00a0<a href=\"https:\/\/agora.xtec.cat\/ies-santa-eulalia\/wp-content\/uploads\/usu1612\/2019\/02\/IMG_20190208_114918_resized_20190215_121146259.jpg\"><img loading=\"lazy\" decoding=\"async\" class=\"alignnone size-large wp-image-3571\" src=\"https:\/\/agora.xtec.cat\/ies-santa-eulalia\/wp-content\/uploads\/usu1612\/2019\/02\/IMG_20190208_114918_resized_20190215_121146259-1024x768.jpg\" alt=\"\" width=\"1024\" height=\"768\" srcset=\"https:\/\/agora.xtec.cat\/ies-santa-eulalia\/wp-content\/uploads\/usu1612\/2019\/02\/IMG_20190208_114918_resized_20190215_121146259-1024x768.jpg 1024w, https:\/\/agora.xtec.cat\/ies-santa-eulalia\/wp-content\/uploads\/usu1612\/2019\/02\/IMG_20190208_114918_resized_20190215_121146259-300x225.jpg 300w, https:\/\/agora.xtec.cat\/ies-santa-eulalia\/wp-content\/uploads\/usu1612\/2019\/02\/IMG_20190208_114918_resized_20190215_121146259-768x576.jpg 768w, https:\/\/agora.xtec.cat\/ies-santa-eulalia\/wp-content\/uploads\/usu1612\/2019\/02\/IMG_20190208_114918_resized_20190215_121146259-200x150.jpg 200w, https:\/\/agora.xtec.cat\/ies-santa-eulalia\/wp-content\/uploads\/usu1612\/2019\/02\/IMG_20190208_114918_resized_20190215_121146259.jpg 1984w\" sizes=\"auto, (max-width: 1024px) 100vw, 1024px\" \/><\/a><\/td>\n<td style=\"width: 50%\">\u00a0<a href=\"https:\/\/agora.xtec.cat\/ies-santa-eulalia\/wp-content\/uploads\/usu1612\/2019\/02\/IMG_20190208_114239_resized_20190215_121147018.jpg\"><img loading=\"lazy\" decoding=\"async\" class=\"alignnone size-large wp-image-3570\" src=\"https:\/\/agora.xtec.cat\/ies-santa-eulalia\/wp-content\/uploads\/usu1612\/2019\/02\/IMG_20190208_114239_resized_20190215_121147018-1024x768.jpg\" alt=\"\" width=\"1024\" height=\"768\" srcset=\"https:\/\/agora.xtec.cat\/ies-santa-eulalia\/wp-content\/uploads\/usu1612\/2019\/02\/IMG_20190208_114239_resized_20190215_121147018-1024x768.jpg 1024w, https:\/\/agora.xtec.cat\/ies-santa-eulalia\/wp-content\/uploads\/usu1612\/2019\/02\/IMG_20190208_114239_resized_20190215_121147018-300x225.jpg 300w, https:\/\/agora.xtec.cat\/ies-santa-eulalia\/wp-content\/uploads\/usu1612\/2019\/02\/IMG_20190208_114239_resized_20190215_121147018-768x576.jpg 768w, https:\/\/agora.xtec.cat\/ies-santa-eulalia\/wp-content\/uploads\/usu1612\/2019\/02\/IMG_20190208_114239_resized_20190215_121147018-200x150.jpg 200w, https:\/\/agora.xtec.cat\/ies-santa-eulalia\/wp-content\/uploads\/usu1612\/2019\/02\/IMG_20190208_114239_resized_20190215_121147018.jpg 1984w\" sizes=\"auto, (max-width: 1024px) 100vw, 1024px\" \/><\/a><\/td>\n<\/tr>\n<\/tbody>\n<\/table>\n","protected":false},"excerpt":{"rendered":"<p>Divendres 8 de febrer l\u00b4alumnat de la SIEI va anar a les instal\u00b7lacions de TorreBarrina a gravar el segon programa d\u00b4aquest curs. Van enregistrar unes converses i unes can\u00e7ons.<br \/>\nAqu\u00ed teniu la gravaci\u00f3!!<br \/>\n<a href=\"https:\/\/agora.xtec.cat\/ies-santa-eulalia\/wp-content\/uploads\/usu1612\/2019\/02\/8_2-torrebarrina-DEFINITIU.mp3\">https:\/\/agora.xtec.cat\/ies-santa-eulalia\/wp-content\/uploads\/usu1612\/2019\/02\/8_2-torrebarrina-DEFINITIU.mp3<\/a><\/p>\n<p>\u00a0<a href=\"https:\/\/agora.xtec.cat\/ies-santa-eulalia\/wp-content\/uploads\/usu1612\/2019\/02\/IMG_20190208_114918_resized_20190215_121146259.jpg\"><\/a><br \/>\n\u00a0<a href=\"https:\/\/agora.xtec.cat\/ies-santa-eulalia\/wp-content\/uploads\/usu1612\/2019\/02\/IMG_20190208_114239_resized_20190215_121147018.jpg\"><\/a><\/p>\n","protected":false},"author":60,"featured_media":0,"comment_status":"open","ping_status":"closed","sticky":false,"template":"","format":"standard","meta":{"_bbp_topic_count":0,"_bbp_reply_count":0,"_bbp_total_topic_count":0,"_bbp_total_reply_count":0,"_bbp_voice_count":0,"_bbp_anonymous_reply_count":0,"_bbp_topic_count_hidden":0,"_bbp_reply_count_hidden":0,"_bbp_forum_subforum_count":0,"footnotes":""},"categories":[153],"tags":[],"class_list":["post-3566","post","type-post","status-publish","format-standard","hentry","category-novetats-siei"],"post_mailing_queue_ids":[],"_links":{"self":[{"href":"https:\/\/agora.xtec.cat\/ies-santa-eulalia\/wp-json\/wp\/v2\/posts\/3566","targetHints":{"allow":["GET"]}}],"collection":[{"href":"https:\/\/agora.xtec.cat\/ies-santa-eulalia\/wp-json\/wp\/v2\/posts"}],"about":[{"href":"https:\/\/agora.xtec.cat\/ies-santa-eulalia\/wp-json\/wp\/v2\/types\/post"}],"author":[{"embeddable":true,"href":"https:\/\/agora.xtec.cat\/ies-santa-eulalia\/wp-json\/wp\/v2\/users\/60"}],"replies":[{"embeddable":true,"href":"https:\/\/agora.xtec.cat\/ies-santa-eulalia\/wp-json\/wp\/v2\/comments?post=3566"}],"version-history":[{"count":3,"href":"https:\/\/agora.xtec.cat\/ies-santa-eulalia\/wp-json\/wp\/v2\/posts\/3566\/revisions"}],"predecessor-version":[{"id":3572,"href":"https:\/\/agora.xtec.cat\/ies-santa-eulalia\/wp-json\/wp\/v2\/posts\/3566\/revisions\/3572"}],"wp:attachment":[{"href":"https:\/\/agora.xtec.cat\/ies-santa-eulalia\/wp-json\/wp\/v2\/media?parent=3566"}],"wp:term":[{"taxonomy":"category","embeddable":true,"href":"https:\/\/agora.xtec.cat\/ies-santa-eulalia\/wp-json\/wp\/v2\/categories?post=3566"},{"taxonomy":"post_tag","embeddable":true,"href":"https:\/\/agora.xtec.cat\/ies-santa-eulalia\/wp-json\/wp\/v2\/tags?post=3566"}],"curies":[{"name":"wp","href":"https:\/\/api.w.org\/{rel}","templated":true}]}}