{"id":3560,"date":"2019-02-14T09:33:00","date_gmt":"2019-02-14T08:33:00","guid":{"rendered":"http:\/\/agora.xtec.cat\/ies-santa-eulalia\/?p=3560"},"modified":"2019-02-14T09:41:35","modified_gmt":"2019-02-14T08:41:35","slug":"1r-bat-bio-contaminacio-atmosferica-com-afecta-al-cervell-dels-joves","status":"publish","type":"post","link":"https:\/\/agora.xtec.cat\/ies-santa-eulalia\/general\/1r-bat-bio-contaminacio-atmosferica-com-afecta-al-cervell-dels-joves\/","title":{"rendered":"1r BAT Bio Contaminaci\u00f3 atmosf\u00e8rica: com afecta al cervell dels joves?"},"content":{"rendered":"<p>A l\u2019auditori del <em><a href=\"http:\/\/www.prbb.org\/ca\" target=\"_blank\" rel=\"noopener noreferrer\">Parc de Recerca Biom\u00e8dica de Barcelona<\/a><\/em> (<a class=\"notranslate\" href=\"https:\/\/www.instagram.com\/the_prbb\/\">@the_prbb<\/a>) hem assistit amb l\u2019alumnat de 1r ide Biologia de Batxillerat a la xerrada sobre desenvolupament cognitiu i ambient\u00a0<em>Contaminaci\u00f3 atmosf\u00e8rica: com afecta al cervell dels joves?<\/em> a c\u00e0rrec de <a href=\"http:\/\/www.creal.cat\/creal\/quisom\/info_user.html?idusuari=jsunyer\" target=\"_blank\" rel=\"noopener noreferrer\">Jordi Sunyer<\/a>, responsable del grup de recerca de salut infantil d\u2019<a href=\"http:\/\/www.creal.cat\/\" target=\"_blank\" rel=\"noopener noreferrer\"><em>ISGlobal (Institut de Salut Global de Barcelona)<\/em><\/a><\/p>\n<p><a href=\"https:\/\/lh3.googleusercontent.com\/P4MBHRzAakM3hanzDppVzA3F7SPT4GPOvrCmTALB6-1-3qwP89YRPHpxcsqchH5GIJ24uBQ7-_CJ0Tw0xGJMs4y-DK-nmY5NsN2yNbsBIIE2hU2GC2SGRvuiXXdLcLaw7g34W5BcD6AeOLv1-hIX2eiN9kCKUtRobfeGB7950nPOmjQpIN9665lPNZEaxyuO85mHieuNpAqazAKaN5aE_0dDmDrbjEvtQthVEW6Wzwvt_vbepH4PUDx5TDqkX4S4Hq4Pc1h6S-edIIlKtal2m5mkFiBWyEypTpkkNxOButSu3_2k3lD7zhiWxHpDefGNVmi-fJyUFvp61hzz4QTJAl5l61cFfGz6QupTEoqYu31pJ6LS10i5nJt4kuI33ExDdZyUhA1Iamyz9cp8fTZqcFGz99u8suNBKPEjHWrbyfV4Z4slyg_dxQy9w6j9gtRca0JAUHvaBOPwHvbWhOa8PGo66k866fSP2ZF8NYu6bM3E8gEKZQXuhaRoNX3HhhJxZ_BrWjUx4I5YQfMgo4NGuy0HVujaBXnBBDADnzh8kzvew0GslLez9tiztwGoTL4zshyWHjau1ZKxF8MzCaPzVzTtobhW4o9DpFJLvHyS_eGg6NQ5LMg2pUIqxm5G-1ipeEUvalW54g0wMW90VMHmNE4rsaizaJtSyeaUBFgnqN0cGdbpSVrCIYgxk4eLXxFXFig9A35NOptAbPcdCOk_KJ8P=w1091-h818-no\"><img loading=\"lazy\" decoding=\"async\" class=\"aligncenter size-large\" src=\"https:\/\/lh3.googleusercontent.com\/P4MBHRzAakM3hanzDppVzA3F7SPT4GPOvrCmTALB6-1-3qwP89YRPHpxcsqchH5GIJ24uBQ7-_CJ0Tw0xGJMs4y-DK-nmY5NsN2yNbsBIIE2hU2GC2SGRvuiXXdLcLaw7g34W5BcD6AeOLv1-hIX2eiN9kCKUtRobfeGB7950nPOmjQpIN9665lPNZEaxyuO85mHieuNpAqazAKaN5aE_0dDmDrbjEvtQthVEW6Wzwvt_vbepH4PUDx5TDqkX4S4Hq4Pc1h6S-edIIlKtal2m5mkFiBWyEypTpkkNxOButSu3_2k3lD7zhiWxHpDefGNVmi-fJyUFvp61hzz4QTJAl5l61cFfGz6QupTEoqYu31pJ6LS10i5nJt4kuI33ExDdZyUhA1Iamyz9cp8fTZqcFGz99u8suNBKPEjHWrbyfV4Z4slyg_dxQy9w6j9gtRca0JAUHvaBOPwHvbWhOa8PGo66k866fSP2ZF8NYu6bM3E8gEKZQXuhaRoNX3HhhJxZ_BrWjUx4I5YQfMgo4NGuy0HVujaBXnBBDADnzh8kzvew0GslLez9tiztwGoTL4zshyWHjau1ZKxF8MzCaPzVzTtobhW4o9DpFJLvHyS_eGg6NQ5LMg2pUIqxm5G-1ipeEUvalW54g0wMW90VMHmNE4rsaizaJtSyeaUBFgnqN0cGdbpSVrCIYgxk4eLXxFXFig9A35NOptAbPcdCOk_KJ8P=w1091-h818-no\" width=\"1091\" height=\"818\" \/><\/a><\/p>\n<p>La xerrada ha comen\u00e7at explicant per sobre el proc\u00e9s de maduraci\u00f3 cognitiva en humans i de com aquesta es pot veure afectada per diversos elements en etapes cr\u00edtiques. Ens ha plantejat com l\u2019exposici\u00f3 a la contaminaci\u00f3 atmosf\u00e8rica \u00e9s di\u00e0ria i afecta al conjunt de tota la poblaci\u00f3. Tanmateix, existeixen grups de poblaci\u00f3 que s\u00f3n especialment sensibles als efectes de la contaminaci\u00f3: qualsevol persona amb malalties card\u00edaques i\/o respirat\u00f2ries, nadons, nens en edat preescolar, persones grans i dones embarassades.<br \/>\nDespr\u00e9s ens han fet cinc c\u00e8ntims sobre l\u2019estudi <em><a href=\"http:\/\/www.creal.cat\/projectebreathe\/descripcio.html\" target=\"_blank\" rel=\"noopener noreferrer\">BREATHE,<\/a><\/em> coordinat per l\u2019ISGlobal, centrat en l\u2019avaluaci\u00f3 dels efectes de la contaminaci\u00f3 atmosf\u00e8rica a les escoles i el desenvolupament neurol\u00f2gic dels infants a Barcelona, qu\u00e8 va <a href=\"http:\/\/www.creal.cat\/projectebreathe\/resultats.html\" target=\"_blank\" rel=\"noopener noreferrer\">concloure <\/a>que existia una afectaci\u00f3 negativa en la maduraci\u00f3 del cervell en aquesta edat. La millora en el desenvolupament cognitiu dels infants durant el transcurs de l\u2019estudi va ser menor en els infants d\u2019escoles amb nivells m\u00e9s elevats de contaminaci\u00f3 respecte al dels nens de les escoles amb els nivells m\u00e9s baixos.<\/p>\n<p>Podeu veure m\u00e9s imatges en aquest <a href=\"https:\/\/photos.app.goo.gl\/zHuFpiwAQtBLUEtj8\" target=\"_blank\" rel=\"noopener noreferrer\">\u00e0lbum<\/a>.<\/p>\n<p><a href=\"https:\/\/lh3.googleusercontent.com\/pp5d7R3R8Gjcz9a07sYd5KYRvgZa_E5DLlDuXGlQmNs-PepC1uQbEsurtOy4ZQ0WX380BG9bvbEC2zjcmgunXU5gW230viLu1Mx_3xwWnMuuFPL6ZWE3XkjrJxhxTYHF5CUfMkhppLBvJp2H5pSb6ss-5s151drj4YT-6LHFmnnoQz9EYp26dBC-qveL_jD6cWVf3QNMM5kQyXYS-B_-tvnYmECyLfbZ_aUYnGoTS5xvqH6_LIIh2X3KYapf61wO0rXsd9xkjNM1kxY7yhYsGWClBlUL619L2Jc7JG4u6dZ865JTkVaIVt80kgSvVj7Hb-fXZUmW54O7OoZsjBE-tRlSVAC-z0WF9RrP_JxDt2988FuTthieOMdBB9zEBOyFw5Et2c9LjMqlX7QXfsCQ1_DgipGIswI0XuP9VKN2p0nFzv86HIDyYeXPNMgkbKS1vJ_TV70bxDygEJdhjR4pKabfz3W1RWotdLCyfOAJjgxf8U_jPPlFhAszX09JL647vQ8rNGA4QBBKTSgvWH8LDgtBeXYnF3-5NTfDSVUY9jRlIInMEUqJZgU9M4oj7HHiFuHBzR7Zb-WmQJltLbqZoKKzOhDNvsBxZppnMRgm9YNSKXcgW-w7EVb4aNjw3U_KRt8yCzBWnDhYFox-4-v0vVhUIERPKFGK2qVD_7VsiCYwR685SGlDnLZMtJvYqRMIhVPyo0hPwzabbG06j3tExpfG=w1091-h818-no\"><img loading=\"lazy\" decoding=\"async\" class=\"aligncenter size-large\" src=\"https:\/\/lh3.googleusercontent.com\/pp5d7R3R8Gjcz9a07sYd5KYRvgZa_E5DLlDuXGlQmNs-PepC1uQbEsurtOy4ZQ0WX380BG9bvbEC2zjcmgunXU5gW230viLu1Mx_3xwWnMuuFPL6ZWE3XkjrJxhxTYHF5CUfMkhppLBvJp2H5pSb6ss-5s151drj4YT-6LHFmnnoQz9EYp26dBC-qveL_jD6cWVf3QNMM5kQyXYS-B_-tvnYmECyLfbZ_aUYnGoTS5xvqH6_LIIh2X3KYapf61wO0rXsd9xkjNM1kxY7yhYsGWClBlUL619L2Jc7JG4u6dZ865JTkVaIVt80kgSvVj7Hb-fXZUmW54O7OoZsjBE-tRlSVAC-z0WF9RrP_JxDt2988FuTthieOMdBB9zEBOyFw5Et2c9LjMqlX7QXfsCQ1_DgipGIswI0XuP9VKN2p0nFzv86HIDyYeXPNMgkbKS1vJ_TV70bxDygEJdhjR4pKabfz3W1RWotdLCyfOAJjgxf8U_jPPlFhAszX09JL647vQ8rNGA4QBBKTSgvWH8LDgtBeXYnF3-5NTfDSVUY9jRlIInMEUqJZgU9M4oj7HHiFuHBzR7Zb-WmQJltLbqZoKKzOhDNvsBxZppnMRgm9YNSKXcgW-w7EVb4aNjw3U_KRt8yCzBWnDhYFox-4-v0vVhUIERPKFGK2qVD_7VsiCYwR685SGlDnLZMtJvYqRMIhVPyo0hPwzabbG06j3tExpfG=w1091-h818-no\" width=\"1091\" height=\"818\" \/><\/a><\/p>\n","protected":false},"excerpt":{"rendered":"<p>A l\u2019auditori del <a href=\"http:\/\/www.prbb.org\/ca\" target=\"_blank\" rel=\"noopener noreferrer\">Parc de Recerca Biom\u00e8dica de Barcelona<\/a> (<a class=\"notranslate\" href=\"https:\/\/www.instagram.com\/the_prbb\/\">@the_prbb<\/a>) hem assistit amb l\u2019alumnat de 1r ide Biologia de Batxillerat a la xerrada sobre desenvolupament cognitiu i ambient\u00a0Contaminaci\u00f3 atmosf\u00e8rica: com afecta al cervell dels joves? a c\u00e0rrec de <a&hellip;  <a href=\"https:\/\/agora.xtec.cat\/ies-santa-eulalia\/general\/1r-bat-bio-contaminacio-atmosferica-com-afecta-al-cervell-dels-joves\/\" title=\"Read 1r BAT Bio Contaminaci\u00f3 atmosf\u00e8rica: com afecta al cervell dels joves?\">Llegeix m\u00e9s\u00bb<\/a><\/p>\n","protected":false},"author":35,"featured_media":3561,"comment_status":"open","ping_status":"closed","sticky":false,"template":"","format":"standard","meta":{"_bbp_topic_count":0,"_bbp_reply_count":0,"_bbp_total_topic_count":0,"_bbp_total_reply_count":0,"_bbp_voice_count":0,"_bbp_anonymous_reply_count":0,"_bbp_topic_count_hidden":0,"_bbp_reply_count_hidden":0,"_bbp_forum_subforum_count":0,"footnotes":""},"categories":[177,184,144,8,1,225,29],"tags":[132,201,219,125,141,127,126,162,268,142,205,206,265,163,164,258,218,39,44],"class_list":["post-3560","post","type-post","status-publish","format-standard","has-post-thumbnail","hentry","category-1r-batx-b","category-1r-batxillerat","category-novetats-ciencies-naturals","category-batxillerat","category-general","category-institut-santa-eulalia-i-el-medi-ambient","category-portada","tag-1r-bat","tag-2018-2019","tag-bat","tag-batxillerat","tag-biobat","tag-biologia","tag-ciencies","tag-contaminacio","tag-i","tag-imatges","tag-ins-santa-eulalia","tag-ise1819","tag-iseamuntiavall","tag-isglobal","tag-prbb","tag-que-ha-passat","tag-santa-eulalia","tag-sortides","tag-xerrades"],"post_mailing_queue_ids":[],"_links":{"self":[{"href":"https:\/\/agora.xtec.cat\/ies-santa-eulalia\/wp-json\/wp\/v2\/posts\/3560","targetHints":{"allow":["GET"]}}],"collection":[{"href":"https:\/\/agora.xtec.cat\/ies-santa-eulalia\/wp-json\/wp\/v2\/posts"}],"about":[{"href":"https:\/\/agora.xtec.cat\/ies-santa-eulalia\/wp-json\/wp\/v2\/types\/post"}],"author":[{"embeddable":true,"href":"https:\/\/agora.xtec.cat\/ies-santa-eulalia\/wp-json\/wp\/v2\/users\/35"}],"replies":[{"embeddable":true,"href":"https:\/\/agora.xtec.cat\/ies-santa-eulalia\/wp-json\/wp\/v2\/comments?post=3560"}],"version-history":[{"count":3,"href":"https:\/\/agora.xtec.cat\/ies-santa-eulalia\/wp-json\/wp\/v2\/posts\/3560\/revisions"}],"predecessor-version":[{"id":3565,"href":"https:\/\/agora.xtec.cat\/ies-santa-eulalia\/wp-json\/wp\/v2\/posts\/3560\/revisions\/3565"}],"wp:featuredmedia":[{"embeddable":true,"href":"https:\/\/agora.xtec.cat\/ies-santa-eulalia\/wp-json\/wp\/v2\/media\/3561"}],"wp:attachment":[{"href":"https:\/\/agora.xtec.cat\/ies-santa-eulalia\/wp-json\/wp\/v2\/media?parent=3560"}],"wp:term":[{"taxonomy":"category","embeddable":true,"href":"https:\/\/agora.xtec.cat\/ies-santa-eulalia\/wp-json\/wp\/v2\/categories?post=3560"},{"taxonomy":"post_tag","embeddable":true,"href":"https:\/\/agora.xtec.cat\/ies-santa-eulalia\/wp-json\/wp\/v2\/tags?post=3560"}],"curies":[{"name":"wp","href":"https:\/\/api.w.org\/{rel}","templated":true}]}}