{"id":3460,"date":"2019-02-11T08:59:47","date_gmt":"2019-02-11T07:59:47","guid":{"rendered":"http:\/\/agora.xtec.cat\/ies-santa-eulalia\/?p=3460"},"modified":"2019-02-11T09:00:46","modified_gmt":"2019-02-11T08:00:46","slug":"visita-a-tv3","status":"publish","type":"post","link":"https:\/\/agora.xtec.cat\/ies-santa-eulalia\/general\/visita-a-tv3\/","title":{"rendered":"Visita a TV3"},"content":{"rendered":"<p>L&#8217;alumnat de 3r d&#8217;ESO van fer una sortida a tv3, organitzada pel Departament de Catal\u00e0. Van poder gaudir d&#8217;una visita guiada per les instal\u00b7lacions (plat\u00f3s, unitats m\u00f2bils, vestuari, maquillatge&#8230;) i con\u00e8ixer de primera m\u00e0 com funciona i s&#8217;organitza un mitja de comunicaci\u00f3 de grans dimensions. Van poder constatar les diferents professions que engloba el m\u00f3n del periodisme.<\/p>\n<p><a href=\"https:\/\/agora.xtec.cat\/ies-santa-eulalia\/wp-content\/uploads\/usu1612\/2019\/02\/foto-5.jpg\"><img loading=\"lazy\" decoding=\"async\" class=\" wp-image-3466\" src=\"https:\/\/agora.xtec.cat\/ies-santa-eulalia\/wp-content\/uploads\/usu1612\/2019\/02\/foto-5-1024x768.jpg\" alt=\"\" width=\"564\" height=\"423\" srcset=\"https:\/\/agora.xtec.cat\/ies-santa-eulalia\/wp-content\/uploads\/usu1612\/2019\/02\/foto-5-1024x768.jpg 1024w, https:\/\/agora.xtec.cat\/ies-santa-eulalia\/wp-content\/uploads\/usu1612\/2019\/02\/foto-5-300x225.jpg 300w, https:\/\/agora.xtec.cat\/ies-santa-eulalia\/wp-content\/uploads\/usu1612\/2019\/02\/foto-5-768x576.jpg 768w, https:\/\/agora.xtec.cat\/ies-santa-eulalia\/wp-content\/uploads\/usu1612\/2019\/02\/foto-5-200x150.jpg 200w\" sizes=\"auto, (max-width: 564px) 100vw, 564px\" \/><\/a><\/p>\n<p><a href=\"https:\/\/agora.xtec.cat\/ies-santa-eulalia\/wp-content\/uploads\/usu1612\/2019\/02\/foto-4.jpg\"><img loading=\"lazy\" decoding=\"async\" class=\" wp-image-3464\" src=\"https:\/\/agora.xtec.cat\/ies-santa-eulalia\/wp-content\/uploads\/usu1612\/2019\/02\/foto-4-1024x768.jpg\" alt=\"\" width=\"560\" height=\"420\" srcset=\"https:\/\/agora.xtec.cat\/ies-santa-eulalia\/wp-content\/uploads\/usu1612\/2019\/02\/foto-4-1024x768.jpg 1024w, https:\/\/agora.xtec.cat\/ies-santa-eulalia\/wp-content\/uploads\/usu1612\/2019\/02\/foto-4-300x225.jpg 300w, https:\/\/agora.xtec.cat\/ies-santa-eulalia\/wp-content\/uploads\/usu1612\/2019\/02\/foto-4-768x576.jpg 768w, https:\/\/agora.xtec.cat\/ies-santa-eulalia\/wp-content\/uploads\/usu1612\/2019\/02\/foto-4-200x150.jpg 200w\" sizes=\"auto, (max-width: 560px) 100vw, 560px\" \/><\/a><\/p>\n<p><a href=\"https:\/\/agora.xtec.cat\/ies-santa-eulalia\/wp-content\/uploads\/usu1612\/2019\/02\/foto-3.jpg\"><img loading=\"lazy\" decoding=\"async\" class=\"alignnone wp-image-3462\" src=\"https:\/\/agora.xtec.cat\/ies-santa-eulalia\/wp-content\/uploads\/usu1612\/2019\/02\/foto-3-768x1024.jpg\" alt=\"\" width=\"337\" height=\"449\" srcset=\"https:\/\/agora.xtec.cat\/ies-santa-eulalia\/wp-content\/uploads\/usu1612\/2019\/02\/foto-3-768x1024.jpg 768w, https:\/\/agora.xtec.cat\/ies-santa-eulalia\/wp-content\/uploads\/usu1612\/2019\/02\/foto-3-225x300.jpg 225w, https:\/\/agora.xtec.cat\/ies-santa-eulalia\/wp-content\/uploads\/usu1612\/2019\/02\/foto-3.jpg 1200w\" sizes=\"auto, (max-width: 337px) 100vw, 337px\" \/><\/a><a href=\"https:\/\/agora.xtec.cat\/ies-santa-eulalia\/wp-content\/uploads\/usu1612\/2019\/02\/foto-2.jpg\"><img loading=\"lazy\" decoding=\"async\" class=\"alignnone wp-image-3463\" src=\"https:\/\/agora.xtec.cat\/ies-santa-eulalia\/wp-content\/uploads\/usu1612\/2019\/02\/foto-2-768x1024.jpg\" alt=\"\" width=\"338\" height=\"451\" srcset=\"https:\/\/agora.xtec.cat\/ies-santa-eulalia\/wp-content\/uploads\/usu1612\/2019\/02\/foto-2-768x1024.jpg 768w, https:\/\/agora.xtec.cat\/ies-santa-eulalia\/wp-content\/uploads\/usu1612\/2019\/02\/foto-2-225x300.jpg 225w, https:\/\/agora.xtec.cat\/ies-santa-eulalia\/wp-content\/uploads\/usu1612\/2019\/02\/foto-2.jpg 1200w\" sizes=\"auto, (max-width: 338px) 100vw, 338px\" \/><\/a><\/p>\n","protected":false},"excerpt":{"rendered":"<p>L&#8217;alumnat de 3r d&#8217;ESO van fer una sortida a tv3, organitzada pel Departament de Catal\u00e0. Van poder gaudir d&#8217;una visita guiada per les instal\u00b7lacions (plat\u00f3s, unitats m\u00f2bils, vestuari, maquillatge&#8230;) i con\u00e8ixer de primera m\u00e0 com funciona i s&#8217;organitza un mitja de comunicaci\u00f3 de grans dimensions.&hellip;  <a href=\"https:\/\/agora.xtec.cat\/ies-santa-eulalia\/general\/visita-a-tv3\/\" title=\"Read Visita a TV3\">Llegeix m\u00e9s\u00bb<\/a><\/p>\n","protected":false},"author":55,"featured_media":3466,"comment_status":"open","ping_status":"closed","sticky":false,"template":"","format":"standard","meta":{"_bbp_topic_count":0,"_bbp_reply_count":0,"_bbp_total_topic_count":0,"_bbp_total_reply_count":0,"_bbp_voice_count":0,"_bbp_anonymous_reply_count":0,"_bbp_topic_count_hidden":0,"_bbp_reply_count_hidden":0,"_bbp_forum_subforum_count":0,"footnotes":""},"categories":[136,3,6,1,29],"tags":[],"class_list":["post-3460","post","type-post","status-publish","format-standard","has-post-thumbnail","hentry","category-novetats-catala","category-eso","category-eso-3","category-general","category-portada"],"post_mailing_queue_ids":[],"_links":{"self":[{"href":"https:\/\/agora.xtec.cat\/ies-santa-eulalia\/wp-json\/wp\/v2\/posts\/3460","targetHints":{"allow":["GET"]}}],"collection":[{"href":"https:\/\/agora.xtec.cat\/ies-santa-eulalia\/wp-json\/wp\/v2\/posts"}],"about":[{"href":"https:\/\/agora.xtec.cat\/ies-santa-eulalia\/wp-json\/wp\/v2\/types\/post"}],"author":[{"embeddable":true,"href":"https:\/\/agora.xtec.cat\/ies-santa-eulalia\/wp-json\/wp\/v2\/users\/55"}],"replies":[{"embeddable":true,"href":"https:\/\/agora.xtec.cat\/ies-santa-eulalia\/wp-json\/wp\/v2\/comments?post=3460"}],"version-history":[{"count":2,"href":"https:\/\/agora.xtec.cat\/ies-santa-eulalia\/wp-json\/wp\/v2\/posts\/3460\/revisions"}],"predecessor-version":[{"id":3468,"href":"https:\/\/agora.xtec.cat\/ies-santa-eulalia\/wp-json\/wp\/v2\/posts\/3460\/revisions\/3468"}],"wp:featuredmedia":[{"embeddable":true,"href":"https:\/\/agora.xtec.cat\/ies-santa-eulalia\/wp-json\/wp\/v2\/media\/3466"}],"wp:attachment":[{"href":"https:\/\/agora.xtec.cat\/ies-santa-eulalia\/wp-json\/wp\/v2\/media?parent=3460"}],"wp:term":[{"taxonomy":"category","embeddable":true,"href":"https:\/\/agora.xtec.cat\/ies-santa-eulalia\/wp-json\/wp\/v2\/categories?post=3460"},{"taxonomy":"post_tag","embeddable":true,"href":"https:\/\/agora.xtec.cat\/ies-santa-eulalia\/wp-json\/wp\/v2\/tags?post=3460"}],"curies":[{"name":"wp","href":"https:\/\/api.w.org\/{rel}","templated":true}]}}