{"id":3395,"date":"2019-02-01T13:13:53","date_gmt":"2019-02-01T12:13:53","guid":{"rendered":"http:\/\/agora.xtec.cat\/ies-santa-eulalia\/?p=3395"},"modified":"2019-02-01T13:24:03","modified_gmt":"2019-02-01T12:24:03","slug":"taller-kpassa-drets-humans","status":"publish","type":"post","link":"https:\/\/agora.xtec.cat\/ies-santa-eulalia\/general\/taller-kpassa-drets-humans\/","title":{"rendered":"1r BAT al Taller Kpassa: Drets humans #DENIP19"},"content":{"rendered":"<p><span title=\"Edited\">Amb motiu de les activitats al voltant del <em>Dia Escolar de la No-viol\u00e8ncia i la Pau 2019<\/em> (<a href=\"http:\/\/xtec.gencat.cat\/ca\/centres\/celebracions\/2019\/dia-escolar-de-la-no-violencia-i-la-pau-2019\/\" target=\"_blank\" rel=\"noopener\">DENIP<\/a>), l&#8217;alumnat de 1r de Batxillerat ha dut a terme al centre una intervenci\u00f3 en el taller<em> K passa: Drets Humans<\/em> de la <a class=\"notranslate\" href=\"https:\/\/www.instagram.com\/associaciojis\/\">@associaciojis\u00a0<\/a><br \/>\n<\/span><\/p>\n<p><a href=\"https:\/\/lh3.googleusercontent.com\/1GWvc-zWpc8GpbE1WCfL0K3jJDNUsaxevxaTre9icyxDvzAJ-jYIJCtfa3tm7sev_WRJUzAmvcRRkkSXo03UoOzuAAljRY3q8KnM2Gvzin58JiBVeS2B8qq7_saxVZ9rTh2jHp48FqhpeeIgBafM_0cpa-RMpJGabbBS5cnungyw1v4OOxU2U42MpkEqz9ssA1HFpED59mpJjBE94jC9NFU226UB-51MKcRHgCx0fzyItXETjvO9IxIe-XkwYZ_BT8XeQlk5w26jeWa1glhjPDq0lwn_97ncyQC8_-XgSLu6LfFYtQcs-eWM_20yNNKXpT7L3rQYJnwGWriEj4pLqIxRK81H56QThgeWaFVVFIPeHsbM20oDTagCNqwbbqgKm49z87XNHq7Th1WYff8eHgjn4blW80wQOBmDm1pKSbowgIpw9ZwKmPqGlaHEpyL0qYBDcktVBUwp1g2IAwn1R7Us5jbXOeTBAQAB0SpHuSEJO4IPmvcHfIgxjQF6lpsPNvcx15CSkQM6t6n_S0mzxEwfJ5q4hJIeAjLSQFuX0dNAy_RT1prGDIJYAsWINUXLo2GAAUFuQW7Mxn_8z6djiFdgm-Lm4-e7rrlmRY-vbPHKxp5S55cDgkBV8RJ6vFWZA9dIDjUNf2GP6mzV8QuiLKWJsxPD9saEKzM-16J7f9F-ayo3-gvwr1wrc7kOXv6jU2AJhgYIL0E4DzlB0Hpxebn1=w1080-h607-no\"><img loading=\"lazy\" decoding=\"async\" class=\"aligncenter size-large\" src=\"https:\/\/lh3.googleusercontent.com\/1GWvc-zWpc8GpbE1WCfL0K3jJDNUsaxevxaTre9icyxDvzAJ-jYIJCtfa3tm7sev_WRJUzAmvcRRkkSXo03UoOzuAAljRY3q8KnM2Gvzin58JiBVeS2B8qq7_saxVZ9rTh2jHp48FqhpeeIgBafM_0cpa-RMpJGabbBS5cnungyw1v4OOxU2U42MpkEqz9ssA1HFpED59mpJjBE94jC9NFU226UB-51MKcRHgCx0fzyItXETjvO9IxIe-XkwYZ_BT8XeQlk5w26jeWa1glhjPDq0lwn_97ncyQC8_-XgSLu6LfFYtQcs-eWM_20yNNKXpT7L3rQYJnwGWriEj4pLqIxRK81H56QThgeWaFVVFIPeHsbM20oDTagCNqwbbqgKm49z87XNHq7Th1WYff8eHgjn4blW80wQOBmDm1pKSbowgIpw9ZwKmPqGlaHEpyL0qYBDcktVBUwp1g2IAwn1R7Us5jbXOeTBAQAB0SpHuSEJO4IPmvcHfIgxjQF6lpsPNvcx15CSkQM6t6n_S0mzxEwfJ5q4hJIeAjLSQFuX0dNAy_RT1prGDIJYAsWINUXLo2GAAUFuQW7Mxn_8z6djiFdgm-Lm4-e7rrlmRY-vbPHKxp5S55cDgkBV8RJ6vFWZA9dIDjUNf2GP6mzV8QuiLKWJsxPD9saEKzM-16J7f9F-ayo3-gvwr1wrc7kOXv6jU2AJhgYIL0E4DzlB0Hpxebn1=w1080-h607-no\" width=\"1080\" height=\"607\" \/><\/a><\/p>\n<p><span title=\"Edited\">Drets humans, sentiments, motivaci\u00f3, emocions, empatia i acci\u00f3&#8230; tots ben barrejats i amb reflexi\u00f3 compartida al llarg de m\u00e9s de dues hores intenses i diverses.<br \/>\n<\/span><\/p>\n<p>Podeu veure m\u00e9s imatges en aquest <a href=\"https:\/\/photos.app.goo.gl\/9sLn449vKJ2ieYQa7\" target=\"_blank\" rel=\"noopener noreferrer\">\u00e0lbum<\/a><\/p>\n<p><a href=\"https:\/\/lh3.googleusercontent.com\/pch7bH9IoXSCkybDr51AhKu3hrPdMStnLV6WhqMnwUAAGN2EcLKua-8Nab16U7dadVTLvIBP8JzzTsHFdehhxDktdIqpYls18xgjQ4RrpF3H0j3gmJwUqh3_oZhD2U5X64ddhTLDuUBwBq69gI6aYOnmVqdoMVMg7-feHcOH7DGc5mrzeBUurvB-OklLXA8GR0g923f0pM3UThBJYaxW2FfMryhvNXXQonO6ijJHgyBs4mO7R5rE5THT67cXDqCgGrJBMTkUeRlUpxn5Qn1ouyTDa2NTEWLVvvAFngzjNwXqkHQPnCvWOD2Qz-GJ_Sg9rrHcDnSTtecOghYA17nBuodkGx0g_OhsmIeTrjznDf95djFPR9MKIh0nr0rM-ZJePYkgMtyI7NzaFoyuaswE8eE4NImcP3Fa9u0OKhZsrMtn9NNwM5Dw9inj3X60lMAq7f0K-kbkB-qcVBjMYCIKMyjtQIQXk25s57IlI3718iUepp9hFkdG9pRV8tdMwAgKpEzAGL97uD6dq6xXT5_4ZVc9E-bhwJyPWvTxzpVgb3Cc098wNz9NZvJRcUCNZDVT-GRKWqWpyYCi2zzqlwYQKkNVBau4LHe_3rL6xXAYRnpJuadYfxrQn63dHQZj7lM-vPd0eI6H8zTpxnE1Q0aJZLxZOWUvzVXhYF3lq7Fo7mVyGUp1JtV-NcwAoZbvAFPIspxiX1pUazya8YWmdsT-3QjH=w1080-h608-no\"><img loading=\"lazy\" decoding=\"async\" class=\"aligncenter size-large\" src=\"https:\/\/lh3.googleusercontent.com\/pch7bH9IoXSCkybDr51AhKu3hrPdMStnLV6WhqMnwUAAGN2EcLKua-8Nab16U7dadVTLvIBP8JzzTsHFdehhxDktdIqpYls18xgjQ4RrpF3H0j3gmJwUqh3_oZhD2U5X64ddhTLDuUBwBq69gI6aYOnmVqdoMVMg7-feHcOH7DGc5mrzeBUurvB-OklLXA8GR0g923f0pM3UThBJYaxW2FfMryhvNXXQonO6ijJHgyBs4mO7R5rE5THT67cXDqCgGrJBMTkUeRlUpxn5Qn1ouyTDa2NTEWLVvvAFngzjNwXqkHQPnCvWOD2Qz-GJ_Sg9rrHcDnSTtecOghYA17nBuodkGx0g_OhsmIeTrjznDf95djFPR9MKIh0nr0rM-ZJePYkgMtyI7NzaFoyuaswE8eE4NImcP3Fa9u0OKhZsrMtn9NNwM5Dw9inj3X60lMAq7f0K-kbkB-qcVBjMYCIKMyjtQIQXk25s57IlI3718iUepp9hFkdG9pRV8tdMwAgKpEzAGL97uD6dq6xXT5_4ZVc9E-bhwJyPWvTxzpVgb3Cc098wNz9NZvJRcUCNZDVT-GRKWqWpyYCi2zzqlwYQKkNVBau4LHe_3rL6xXAYRnpJuadYfxrQn63dHQZj7lM-vPd0eI6H8zTpxnE1Q0aJZLxZOWUvzVXhYF3lq7Fo7mVyGUp1JtV-NcwAoZbvAFPIspxiX1pUazya8YWmdsT-3QjH=w1080-h608-no\" width=\"1080\" height=\"608\" \/><\/a><\/p>\n","protected":false},"excerpt":{"rendered":"<p>Amb motiu de les activitats al voltant del Dia Escolar de la No-viol\u00e8ncia i la Pau 2019 (<a href=\"http:\/\/xtec.gencat.cat\/ca\/centres\/celebracions\/2019\/dia-escolar-de-la-no-violencia-i-la-pau-2019\/\" target=\"_blank\" rel=\"noopener\">DENIP<\/a>), l&#8217;alumnat de 1r de Batxillerat ha dut a terme al centre una intervenci\u00f3 en el taller K passa: Drets Humans de la <a class=\"notranslate\"&hellip;  <a href=\"https:\/\/agora.xtec.cat\/ies-santa-eulalia\/general\/taller-kpassa-drets-humans\/\" title=\"Read 1r BAT al Taller Kpassa: Drets humans #DENIP19\">Llegeix m\u00e9s\u00bb<\/a><\/p>\n","protected":false},"author":35,"featured_media":3399,"comment_status":"open","ping_status":"closed","sticky":false,"template":"","format":"standard","meta":{"_bbp_topic_count":0,"_bbp_reply_count":0,"_bbp_total_topic_count":0,"_bbp_total_reply_count":0,"_bbp_voice_count":0,"_bbp_anonymous_reply_count":0,"_bbp_topic_count_hidden":0,"_bbp_reply_count_hidden":0,"_bbp_forum_subforum_count":0,"footnotes":""},"categories":[176,177,184,8,1,29,105],"tags":[232,239,247,234,250,251,240,244,243,236,233,249,237,245,242,248,246,238,235,241,201,219,125,142,205,206,58],"class_list":["post-3395","post","type-post","status-publish","format-standard","has-post-thumbnail","hentry","category-1r-batx-a","category-1r-batx-b","category-1r-batxillerat","category-batxillerat","category-general","category-portada","category-tutores-i-equips-docents","tag-1rbat","tag-accio","tag-convivencia","tag-copem","tag-denip","tag-denip19","tag-dretshumans","tag-educacio","tag-emocions","tag-isetutoria","tag-iseulalia","tag-jis","tag-kpassa","tag-pau","tag-sentiments","tag-societat","tag-solidaritat","tag-taller","tag-tutoria","tag-valors","tag-2018-2019","tag-bat","tag-batxillerat","tag-imatges","tag-ins-santa-eulalia","tag-ise1819","tag-tallers"],"post_mailing_queue_ids":[],"_links":{"self":[{"href":"https:\/\/agora.xtec.cat\/ies-santa-eulalia\/wp-json\/wp\/v2\/posts\/3395","targetHints":{"allow":["GET"]}}],"collection":[{"href":"https:\/\/agora.xtec.cat\/ies-santa-eulalia\/wp-json\/wp\/v2\/posts"}],"about":[{"href":"https:\/\/agora.xtec.cat\/ies-santa-eulalia\/wp-json\/wp\/v2\/types\/post"}],"author":[{"embeddable":true,"href":"https:\/\/agora.xtec.cat\/ies-santa-eulalia\/wp-json\/wp\/v2\/users\/35"}],"replies":[{"embeddable":true,"href":"https:\/\/agora.xtec.cat\/ies-santa-eulalia\/wp-json\/wp\/v2\/comments?post=3395"}],"version-history":[{"count":3,"href":"https:\/\/agora.xtec.cat\/ies-santa-eulalia\/wp-json\/wp\/v2\/posts\/3395\/revisions"}],"predecessor-version":[{"id":3402,"href":"https:\/\/agora.xtec.cat\/ies-santa-eulalia\/wp-json\/wp\/v2\/posts\/3395\/revisions\/3402"}],"wp:featuredmedia":[{"embeddable":true,"href":"https:\/\/agora.xtec.cat\/ies-santa-eulalia\/wp-json\/wp\/v2\/media\/3399"}],"wp:attachment":[{"href":"https:\/\/agora.xtec.cat\/ies-santa-eulalia\/wp-json\/wp\/v2\/media?parent=3395"}],"wp:term":[{"taxonomy":"category","embeddable":true,"href":"https:\/\/agora.xtec.cat\/ies-santa-eulalia\/wp-json\/wp\/v2\/categories?post=3395"},{"taxonomy":"post_tag","embeddable":true,"href":"https:\/\/agora.xtec.cat\/ies-santa-eulalia\/wp-json\/wp\/v2\/tags?post=3395"}],"curies":[{"name":"wp","href":"https:\/\/api.w.org\/{rel}","templated":true}]}}