{"id":3371,"date":"2019-01-31T12:55:12","date_gmt":"2019-01-31T11:55:12","guid":{"rendered":"http:\/\/agora.xtec.cat\/ies-santa-eulalia\/?p=3371"},"modified":"2019-02-03T18:53:02","modified_gmt":"2019-02-03T17:53:02","slug":"first-literary-dates","status":"publish","type":"post","link":"https:\/\/agora.xtec.cat\/ies-santa-eulalia\/general\/first-literary-dates\/","title":{"rendered":"First Literary Dates"},"content":{"rendered":"<p>Aquesta \u00e9s una activitat organitzada pel departament de Lengua Castellana del nostre Institut.<\/p>\n<p>Seguint el model del programa televisiu \u201cFirst\u00a0dates\u201d, l\u2019alumnat de Batxillerat tria uns \u201cmen\u00fas\u201d literaris. Cada men\u00fa consta de 3,4 o 5 lectures amb un tema o element com\u00fa. De cada men\u00fa en llegeixen dos llibres. Sobre una de les lectures preparen un\u00a0booktrailer. Sobre l\u2019altra lectura preparen una ressenya liter\u00e0ria.<\/p>\n<p>Els\u00a0booktrailers\u00a0serveixen per animar als alumnes de l\u2019ESO a llegir, de manera volunt\u00e0ria, llibres dels diferents men\u00fas.<\/p>\n<p>L\u2019alumnat de batxillerat va fent un seguiment dels alumnes de l\u2019ESO i, finalment, es celebra una gran trobada on els nois i noies de batxillerat moderen taules rodones on es parla de les diferents lectures.<\/p>\n<p>Aquesta activitat l&#8217;han recollit alguns <a href=\"http:\/\/lhdigital.cat\/diarilh_digital\/340\/27\/index.html#zoom=z\">diaris de\u00a0 l&#8217;Hospitalet.\u00a0<\/a><\/p>\n<p>I aqu\u00ed podeu veure alguns dels<a href=\"https:\/\/drive.google.com\/drive\/folders\/1-36nVq32G3Koau5lzRGzQ2FyGkXAOhU2?usp=sharing\"> men\u00fas preparats pels nostres alumnes<\/a>.<\/p>\n<p>&nbsp;<\/p>\n","protected":false},"excerpt":{"rendered":"<p>Aquesta \u00e9s una activitat organitzada pel departament de Lengua Castellana del nostre Institut.<br \/>\nSeguint el model del programa televisiu \u201cFirst\u00a0dates\u201d, l\u2019alumnat de Batxillerat tria uns \u201cmen\u00fas\u201d literaris. Cada men\u00fa consta de 3,4 o 5 lectures amb un tema o element com\u00fa. De cada men\u00fa en llegeixen&hellip;  <a href=\"https:\/\/agora.xtec.cat\/ies-santa-eulalia\/general\/first-literary-dates\/\" title=\"Read First Literary Dates\">Llegeix m\u00e9s\u00bb<\/a><\/p>\n","protected":false},"author":1,"featured_media":3366,"comment_status":"open","ping_status":"closed","sticky":false,"template":"","format":"standard","meta":{"_bbp_topic_count":0,"_bbp_reply_count":0,"_bbp_total_topic_count":0,"_bbp_total_reply_count":0,"_bbp_voice_count":0,"_bbp_anonymous_reply_count":0,"_bbp_topic_count_hidden":0,"_bbp_reply_count_hidden":0,"_bbp_forum_subforum_count":0,"footnotes":""},"categories":[1,29],"tags":[],"class_list":["post-3371","post","type-post","status-publish","format-standard","has-post-thumbnail","hentry","category-general","category-portada"],"post_mailing_queue_ids":[],"_links":{"self":[{"href":"https:\/\/agora.xtec.cat\/ies-santa-eulalia\/wp-json\/wp\/v2\/posts\/3371","targetHints":{"allow":["GET"]}}],"collection":[{"href":"https:\/\/agora.xtec.cat\/ies-santa-eulalia\/wp-json\/wp\/v2\/posts"}],"about":[{"href":"https:\/\/agora.xtec.cat\/ies-santa-eulalia\/wp-json\/wp\/v2\/types\/post"}],"author":[{"embeddable":true,"href":"https:\/\/agora.xtec.cat\/ies-santa-eulalia\/wp-json\/wp\/v2\/users\/1"}],"replies":[{"embeddable":true,"href":"https:\/\/agora.xtec.cat\/ies-santa-eulalia\/wp-json\/wp\/v2\/comments?post=3371"}],"version-history":[{"count":1,"href":"https:\/\/agora.xtec.cat\/ies-santa-eulalia\/wp-json\/wp\/v2\/posts\/3371\/revisions"}],"predecessor-version":[{"id":3392,"href":"https:\/\/agora.xtec.cat\/ies-santa-eulalia\/wp-json\/wp\/v2\/posts\/3371\/revisions\/3392"}],"wp:featuredmedia":[{"embeddable":true,"href":"https:\/\/agora.xtec.cat\/ies-santa-eulalia\/wp-json\/wp\/v2\/media\/3366"}],"wp:attachment":[{"href":"https:\/\/agora.xtec.cat\/ies-santa-eulalia\/wp-json\/wp\/v2\/media?parent=3371"}],"wp:term":[{"taxonomy":"category","embeddable":true,"href":"https:\/\/agora.xtec.cat\/ies-santa-eulalia\/wp-json\/wp\/v2\/categories?post=3371"},{"taxonomy":"post_tag","embeddable":true,"href":"https:\/\/agora.xtec.cat\/ies-santa-eulalia\/wp-json\/wp\/v2\/tags?post=3371"}],"curies":[{"name":"wp","href":"https:\/\/api.w.org\/{rel}","templated":true}]}}