{"id":3345,"date":"2019-01-27T13:54:33","date_gmt":"2019-01-27T12:54:33","guid":{"rendered":"http:\/\/agora.xtec.cat\/ies-santa-eulalia\/?p=3345"},"modified":"2019-01-27T13:54:33","modified_gmt":"2019-01-27T12:54:33","slug":"sortida-a-la-facultat-de-quimica-de-la-ub","status":"publish","type":"post","link":"https:\/\/agora.xtec.cat\/ies-santa-eulalia\/general\/sortida-a-la-facultat-de-quimica-de-la-ub\/","title":{"rendered":"Sortida a la Facultat de Qu\u00edmica de la UB"},"content":{"rendered":"<p>El passat divendres 18 vam assistir a uns tallers organitzats per la Facultat de Qu\u00edmica de la UB. Hi vam anar tots els alumnes de 1r i 2n de Batxillerat que cursen la mat\u00e8ria de Qu\u00edmica per tal de fer una petita aproximci\u00f3 al m\u00f3n universitari que ja tenen molt a prop. Els alumnes van poder treballar en els laboratoris de la Universitat realitzant unes pr\u00e0ctiques especialment preparades per a ells dins el programa FEM QU\u00cdMICA. Va ser un mat\u00ed molt ben aprofitat, aqu\u00ed teniu una <a href=\"https:\/\/drive.google.com\/drive\/folders\/16d1J3ihti1FsDKsEVKxUQqyQvXJRt1Wt?usp=sharing\">mostra de fotos<\/a> de les experi\u00e8ncies que vam fer.<\/p>\n<p><img loading=\"lazy\" decoding=\"async\" class=\"alignnone size-full wp-image-3346\" src=\"https:\/\/agora.xtec.cat\/ies-santa-eulalia\/wp-content\/uploads\/usu1612\/2019\/01\/ub.jpg\" alt=\"\" width=\"822\" height=\"615\" srcset=\"https:\/\/agora.xtec.cat\/ies-santa-eulalia\/wp-content\/uploads\/usu1612\/2019\/01\/ub.jpg 822w, https:\/\/agora.xtec.cat\/ies-santa-eulalia\/wp-content\/uploads\/usu1612\/2019\/01\/ub-300x224.jpg 300w, https:\/\/agora.xtec.cat\/ies-santa-eulalia\/wp-content\/uploads\/usu1612\/2019\/01\/ub-768x575.jpg 768w, https:\/\/agora.xtec.cat\/ies-santa-eulalia\/wp-content\/uploads\/usu1612\/2019\/01\/ub-200x150.jpg 200w\" sizes=\"auto, (max-width: 822px) 100vw, 822px\" \/><\/p>\n","protected":false},"excerpt":{"rendered":"<p>El passat divendres 18 vam assistir a uns tallers organitzats per la Facultat de Qu\u00edmica de la UB. Hi vam anar tots els alumnes de 1r i 2n de Batxillerat que cursen la mat\u00e8ria de Qu\u00edmica per tal de fer una petita aproximci\u00f3 al m\u00f3n&hellip;  <a href=\"https:\/\/agora.xtec.cat\/ies-santa-eulalia\/general\/sortida-a-la-facultat-de-quimica-de-la-ub\/\" title=\"Read Sortida a la Facultat de Qu\u00edmica de la UB\">Llegeix m\u00e9s\u00bb<\/a><\/p>\n","protected":false},"author":1,"featured_media":3346,"comment_status":"open","ping_status":"closed","sticky":false,"template":"","format":"standard","meta":{"_bbp_topic_count":0,"_bbp_reply_count":0,"_bbp_total_topic_count":0,"_bbp_total_reply_count":0,"_bbp_voice_count":0,"_bbp_anonymous_reply_count":0,"_bbp_topic_count_hidden":0,"_bbp_reply_count_hidden":0,"_bbp_forum_subforum_count":0,"footnotes":""},"categories":[8,1,29],"tags":[],"class_list":["post-3345","post","type-post","status-publish","format-standard","has-post-thumbnail","hentry","category-batxillerat","category-general","category-portada"],"post_mailing_queue_ids":[],"_links":{"self":[{"href":"https:\/\/agora.xtec.cat\/ies-santa-eulalia\/wp-json\/wp\/v2\/posts\/3345","targetHints":{"allow":["GET"]}}],"collection":[{"href":"https:\/\/agora.xtec.cat\/ies-santa-eulalia\/wp-json\/wp\/v2\/posts"}],"about":[{"href":"https:\/\/agora.xtec.cat\/ies-santa-eulalia\/wp-json\/wp\/v2\/types\/post"}],"author":[{"embeddable":true,"href":"https:\/\/agora.xtec.cat\/ies-santa-eulalia\/wp-json\/wp\/v2\/users\/1"}],"replies":[{"embeddable":true,"href":"https:\/\/agora.xtec.cat\/ies-santa-eulalia\/wp-json\/wp\/v2\/comments?post=3345"}],"version-history":[{"count":1,"href":"https:\/\/agora.xtec.cat\/ies-santa-eulalia\/wp-json\/wp\/v2\/posts\/3345\/revisions"}],"predecessor-version":[{"id":3347,"href":"https:\/\/agora.xtec.cat\/ies-santa-eulalia\/wp-json\/wp\/v2\/posts\/3345\/revisions\/3347"}],"wp:featuredmedia":[{"embeddable":true,"href":"https:\/\/agora.xtec.cat\/ies-santa-eulalia\/wp-json\/wp\/v2\/media\/3346"}],"wp:attachment":[{"href":"https:\/\/agora.xtec.cat\/ies-santa-eulalia\/wp-json\/wp\/v2\/media?parent=3345"}],"wp:term":[{"taxonomy":"category","embeddable":true,"href":"https:\/\/agora.xtec.cat\/ies-santa-eulalia\/wp-json\/wp\/v2\/categories?post=3345"},{"taxonomy":"post_tag","embeddable":true,"href":"https:\/\/agora.xtec.cat\/ies-santa-eulalia\/wp-json\/wp\/v2\/tags?post=3345"}],"curies":[{"name":"wp","href":"https:\/\/api.w.org\/{rel}","templated":true}]}}