{"id":3301,"date":"2019-01-23T09:43:49","date_gmt":"2019-01-23T08:43:49","guid":{"rendered":"http:\/\/agora.xtec.cat\/ies-santa-eulalia\/?p=3301"},"modified":"2019-01-23T09:49:51","modified_gmt":"2019-01-23T08:49:51","slug":"projecte-apilo","status":"publish","type":"post","link":"https:\/\/agora.xtec.cat\/ies-santa-eulalia\/general\/projecte-apilo\/","title":{"rendered":"PROJECTE APILO"},"content":{"rendered":"<h3 style=\"text-align: justify;\"><strong>PROJECTE APILO<\/strong><\/h3>\n<p>Estem envoltats d\u2019aparells de tot tipus que utilitzen piles com a font d\u2019energia: el rellotge, el m\u00f2bil, els comandaments a dist\u00e0ncia, les joguines\u2026<br \/>\nLes piles i bateries s\u00f3n dispositius que contenen subst\u00e0ncies qu\u00edmiques que reaccionen entre elles i transformen l\u2019energia d\u2019aquesta reacci\u00f3 en electricitat.<br \/>\nQuan estan esgotades, aquestes subst\u00e0ncies qu\u00edmiques i materials poden fer malb\u00e9 el medi ambient. Si les reciclem, el protegirem i tamb\u00e9<br \/>\nestalviarem molts recursos.<\/p>\n<p style=\"text-align: justify;\">I per aix\u00f2, us volem fer part\u00edcips del projecte:<a href=\"https:\/\/agora.xtec.cat\/ies-santa-eulalia\/wp-content\/uploads\/usu1612\/2019\/01\/escola-img.jpg\"><img loading=\"lazy\" decoding=\"async\" class=\"wp-image-3304 alignright\" src=\"https:\/\/agora.xtec.cat\/ies-santa-eulalia\/wp-content\/uploads\/usu1612\/2019\/01\/escola-img.jpg\" alt=\"\" width=\"240\" height=\"304\" \/><\/a><\/p>\n<h3 style=\"text-align: justify;\"><a href=\"http:\/\/www.apilo.cat\/bases-concurs-2018-2019\/\"><span style=\"text-decoration: underline;\">Recollida selectiva de piles i concurs Apilo XII<\/span><\/a><\/h3>\n<p style=\"text-align: justify;\">Es una iniciativa de l\u2019Ag\u00e8ncia de Residus de Catalunya, que ens permet participar activa i directament en la recollida selectiva de piles i acumuladors port\u00e0tils (pila, pila bot\u00f3, acumulador o bateria de tel\u00e8fons m\u00f2bils, c\u00e0meres de v\u00eddeo i eines port\u00e0tils) entre l\u2019alumnat i les seves fam\u00edlies i aix\u00ed assolir l\u2019objectiu europeu de reciclar-ne fins a un 45%. A m\u00e9s, la campanya vol contribuir a fomentar la conscienciaci\u00f3 dels joves, que hi participen activament.<\/p>\n<p style=\"text-align: justify;\"><strong>La recollida de les piles finalitzar\u00e0 el dia 30 d\u2019Abril de 2019.<\/strong><\/p>\n<p style=\"text-align: justify;\">GR\u00c0CIES PER LA VOSTRA PARTICIPACI\u00d3<\/p>\n<p>Trobareu m\u00e9s informaci\u00f3 a:<br \/>\n<a href=\"http:\/\/www.apilo.cat\">http:\/\/www.apilo.cat<\/a><br \/>\n<a href=\"http:\/\/www.apilo.cat\/bases-concurs-2018-2019\/\">http:\/\/www.apilo.cat\/bases-concurs-2018-2019\/<\/a><br \/>\n<a href=\"http:\/\/www.ofipilas.es\/ca\/index.aspx\">http:\/\/www.ofipilas.es\/ca\/index.aspx<\/a><\/p>\n","protected":false},"excerpt":{"rendered":"<p>PROJECTE APILO<br \/>\nEstem envoltats d\u2019aparells de tot tipus que utilitzen piles com a font d\u2019energia: el rellotge, el m\u00f2bil, els comandaments a dist\u00e0ncia, les joguines\u2026<br \/>\nLes piles i bateries s\u00f3n dispositius que contenen subst\u00e0ncies qu\u00edmiques que reaccionen entre elles i transformen l\u2019energia d\u2019aquesta reacci\u00f3 en electricitat.<br \/>\nQuan estan&hellip;  <a href=\"https:\/\/agora.xtec.cat\/ies-santa-eulalia\/general\/projecte-apilo\/\" title=\"Read PROJECTE APILO\">Llegeix m\u00e9s\u00bb<\/a><\/p>\n","protected":false},"author":1,"featured_media":3304,"comment_status":"open","ping_status":"closed","sticky":false,"template":"","format":"standard","meta":{"_bbp_topic_count":0,"_bbp_reply_count":0,"_bbp_total_topic_count":0,"_bbp_total_reply_count":0,"_bbp_voice_count":0,"_bbp_anonymous_reply_count":0,"_bbp_topic_count_hidden":0,"_bbp_reply_count_hidden":0,"_bbp_forum_subforum_count":0,"footnotes":""},"categories":[1,225],"tags":[162,228],"class_list":["post-3301","post","type-post","status-publish","format-standard","has-post-thumbnail","hentry","category-general","category-institut-santa-eulalia-i-el-medi-ambient","tag-contaminacio","tag-reciclatge"],"post_mailing_queue_ids":[],"_links":{"self":[{"href":"https:\/\/agora.xtec.cat\/ies-santa-eulalia\/wp-json\/wp\/v2\/posts\/3301","targetHints":{"allow":["GET"]}}],"collection":[{"href":"https:\/\/agora.xtec.cat\/ies-santa-eulalia\/wp-json\/wp\/v2\/posts"}],"about":[{"href":"https:\/\/agora.xtec.cat\/ies-santa-eulalia\/wp-json\/wp\/v2\/types\/post"}],"author":[{"embeddable":true,"href":"https:\/\/agora.xtec.cat\/ies-santa-eulalia\/wp-json\/wp\/v2\/users\/1"}],"replies":[{"embeddable":true,"href":"https:\/\/agora.xtec.cat\/ies-santa-eulalia\/wp-json\/wp\/v2\/comments?post=3301"}],"version-history":[{"count":2,"href":"https:\/\/agora.xtec.cat\/ies-santa-eulalia\/wp-json\/wp\/v2\/posts\/3301\/revisions"}],"predecessor-version":[{"id":3307,"href":"https:\/\/agora.xtec.cat\/ies-santa-eulalia\/wp-json\/wp\/v2\/posts\/3301\/revisions\/3307"}],"wp:featuredmedia":[{"embeddable":true,"href":"https:\/\/agora.xtec.cat\/ies-santa-eulalia\/wp-json\/wp\/v2\/media\/3304"}],"wp:attachment":[{"href":"https:\/\/agora.xtec.cat\/ies-santa-eulalia\/wp-json\/wp\/v2\/media?parent=3301"}],"wp:term":[{"taxonomy":"category","embeddable":true,"href":"https:\/\/agora.xtec.cat\/ies-santa-eulalia\/wp-json\/wp\/v2\/categories?post=3301"},{"taxonomy":"post_tag","embeddable":true,"href":"https:\/\/agora.xtec.cat\/ies-santa-eulalia\/wp-json\/wp\/v2\/tags?post=3301"}],"curies":[{"name":"wp","href":"https:\/\/api.w.org\/{rel}","templated":true}]}}