{"id":3291,"date":"2019-01-20T13:35:23","date_gmt":"2019-01-20T12:35:23","guid":{"rendered":"http:\/\/agora.xtec.cat\/ies-santa-eulalia\/?p=3291"},"modified":"2019-01-20T13:35:23","modified_gmt":"2019-01-20T12:35:23","slug":"video-le-deserteur","status":"publish","type":"post","link":"https:\/\/agora.xtec.cat\/ies-santa-eulalia\/novetats-llengues-estrangeres-frances\/video-le-deserteur\/","title":{"rendered":"Vid\u00e9o: Le d\u00e9serteur"},"content":{"rendered":"<p>Quelques \u00e9l\u00e8ves de 2n Batxillerat ont enregistr\u00e9 cette vid\u00e9o \u00e0 partir de la chanson &#8220;Le D\u00e9serteur&#8221; de Boris Vian.<\/p>\n<p><a href=\"https:\/\/www.youtube.com\/watch?v=16wW-T5CbmA&amp;feature=youtu.be\">https:\/\/www.youtube.com\/watch?v=16wW-T5CbmA&amp;feature=youtu.be<\/a><\/p>\n","protected":false},"excerpt":{"rendered":"<p>Quelques \u00e9l\u00e8ves de 2n Batxillerat ont enregistr\u00e9 cette vid\u00e9o \u00e0 partir de la chanson &#8220;Le D\u00e9serteur&#8221; de Boris Vian.<br \/>\n<a href=\"https:\/\/www.youtube.com\/watch?v=16wW-T5CbmA&amp;feature=youtu.be\">https:\/\/www.youtube.com\/watch?v=16wW-T5CbmA&amp;feature=youtu.be<\/a><\/p>\n","protected":false},"author":9,"featured_media":3292,"comment_status":"open","ping_status":"closed","sticky":false,"template":"","format":"standard","meta":{"_bbp_topic_count":0,"_bbp_reply_count":0,"_bbp_total_topic_count":0,"_bbp_total_reply_count":0,"_bbp_voice_count":0,"_bbp_anonymous_reply_count":0,"_bbp_topic_count_hidden":0,"_bbp_reply_count_hidden":0,"_bbp_forum_subforum_count":0,"footnotes":""},"categories":[179,139],"tags":[],"class_list":["post-3291","post","type-post","status-publish","format-standard","has-post-thumbnail","hentry","category-2n-batx-a","category-novetats-llengues-estrangeres-frances"],"post_mailing_queue_ids":[],"_links":{"self":[{"href":"https:\/\/agora.xtec.cat\/ies-santa-eulalia\/wp-json\/wp\/v2\/posts\/3291","targetHints":{"allow":["GET"]}}],"collection":[{"href":"https:\/\/agora.xtec.cat\/ies-santa-eulalia\/wp-json\/wp\/v2\/posts"}],"about":[{"href":"https:\/\/agora.xtec.cat\/ies-santa-eulalia\/wp-json\/wp\/v2\/types\/post"}],"author":[{"embeddable":true,"href":"https:\/\/agora.xtec.cat\/ies-santa-eulalia\/wp-json\/wp\/v2\/users\/9"}],"replies":[{"embeddable":true,"href":"https:\/\/agora.xtec.cat\/ies-santa-eulalia\/wp-json\/wp\/v2\/comments?post=3291"}],"version-history":[{"count":1,"href":"https:\/\/agora.xtec.cat\/ies-santa-eulalia\/wp-json\/wp\/v2\/posts\/3291\/revisions"}],"predecessor-version":[{"id":3293,"href":"https:\/\/agora.xtec.cat\/ies-santa-eulalia\/wp-json\/wp\/v2\/posts\/3291\/revisions\/3293"}],"wp:featuredmedia":[{"embeddable":true,"href":"https:\/\/agora.xtec.cat\/ies-santa-eulalia\/wp-json\/wp\/v2\/media\/3292"}],"wp:attachment":[{"href":"https:\/\/agora.xtec.cat\/ies-santa-eulalia\/wp-json\/wp\/v2\/media?parent=3291"}],"wp:term":[{"taxonomy":"category","embeddable":true,"href":"https:\/\/agora.xtec.cat\/ies-santa-eulalia\/wp-json\/wp\/v2\/categories?post=3291"},{"taxonomy":"post_tag","embeddable":true,"href":"https:\/\/agora.xtec.cat\/ies-santa-eulalia\/wp-json\/wp\/v2\/tags?post=3291"}],"curies":[{"name":"wp","href":"https:\/\/api.w.org\/{rel}","templated":true}]}}