{"id":3234,"date":"2019-01-08T18:00:20","date_gmt":"2019-01-08T17:00:20","guid":{"rendered":"http:\/\/agora.xtec.cat\/ies-santa-eulalia\/?p=3234"},"modified":"2019-01-08T18:14:07","modified_gmt":"2019-01-08T17:14:07","slug":"olisses-projecte-de-recollida-doli-vegetal-usat","status":"publish","type":"post","link":"https:\/\/agora.xtec.cat\/ies-santa-eulalia\/general\/olisses-projecte-de-recollida-doli-vegetal-usat\/","title":{"rendered":"OLISSES. Projecte de recollida d&#8217;oli vegetal usat."},"content":{"rendered":"<p><a href=\"http:\/\/www.asproseat.org\/my-product\/recollida-doli-vegetal-usat-amb-envas-olisses\/\"><strong>Olisses<\/strong><\/a>\u00a0\u00e9s un projecte\u00a0 que d\u00f3na resposta a un dels residus m\u00e9s contaminants d\u2019avui en dia: l\u2019oli dom\u00e8stic usat. L\u2019oli es recull a trav\u00e9s d\u2019un env\u00e0s especialment dissenyat per aquest \u00fas i, despr\u00e9s de tractar-lo, es reconverteix en biodiesel, un combustible respectu\u00f3s amb el medi ambient.<\/p>\n<p><strong>L\u2019Institut Santa Eul\u00e0lia<\/strong> participa del projecte <strong>OLISSES<\/strong> com a punt verd de recollida, i espera de tota la comunitat educativa l\u2019implicaci\u00f3 en la recollida d\u2019oli.<\/p>\n<p><img loading=\"lazy\" decoding=\"async\" class=\"size-full wp-image-3237 alignleft\" src=\"https:\/\/agora.xtec.cat\/ies-santa-eulalia\/wp-content\/uploads\/usu1612\/2019\/01\/olisses-1.jpg\" alt=\"\" width=\"325\" height=\"170\" srcset=\"https:\/\/agora.xtec.cat\/ies-santa-eulalia\/wp-content\/uploads\/usu1612\/2019\/01\/olisses-1.jpg 325w, https:\/\/agora.xtec.cat\/ies-santa-eulalia\/wp-content\/uploads\/usu1612\/2019\/01\/olisses-1-300x157.jpg 300w\" sizes=\"auto, (max-width: 325px) 100vw, 325px\" \/>Al document annex trobareu mes informaci\u00f3 del projecte i com hi podeu participar.<\/p>\n<p><a href=\"https:\/\/agora.xtec.cat\/ies-santa-eulalia\/wp-content\/uploads\/usu1612\/2019\/01\/Olisses.pdf\">Llegir m\u00e9s i com participar&#8230;<\/a><\/p>\n","protected":false},"excerpt":{"rendered":"<p><a href=\"http:\/\/www.asproseat.org\/my-product\/recollida-doli-vegetal-usat-amb-envas-olisses\/\">Olisses<\/a>\u00a0\u00e9s un projecte\u00a0 que d\u00f3na resposta a un dels residus m\u00e9s contaminants d\u2019avui en dia: l\u2019oli dom\u00e8stic usat. L\u2019oli es recull a trav\u00e9s d\u2019un env\u00e0s especialment dissenyat per aquest \u00fas i, despr\u00e9s de tractar-lo, es reconverteix en biodiesel, un combustible respectu\u00f3s amb el medi&hellip;  <a href=\"https:\/\/agora.xtec.cat\/ies-santa-eulalia\/general\/olisses-projecte-de-recollida-doli-vegetal-usat\/\" title=\"Read OLISSES. Projecte de recollida d&#8217;oli vegetal usat.\">Llegeix m\u00e9s\u00bb<\/a><\/p>\n","protected":false},"author":1,"featured_media":3237,"comment_status":"open","ping_status":"closed","sticky":false,"template":"","format":"standard","meta":{"_bbp_topic_count":0,"_bbp_reply_count":0,"_bbp_total_topic_count":0,"_bbp_total_reply_count":0,"_bbp_voice_count":0,"_bbp_anonymous_reply_count":0,"_bbp_topic_count_hidden":0,"_bbp_reply_count_hidden":0,"_bbp_forum_subforum_count":0,"footnotes":""},"categories":[1,225,29],"tags":[162,227,228],"class_list":["post-3234","post","type-post","status-publish","format-standard","has-post-thumbnail","hentry","category-general","category-institut-santa-eulalia-i-el-medi-ambient","category-portada","tag-contaminacio","tag-medi-ambient","tag-reciclatge"],"post_mailing_queue_ids":[],"_links":{"self":[{"href":"https:\/\/agora.xtec.cat\/ies-santa-eulalia\/wp-json\/wp\/v2\/posts\/3234","targetHints":{"allow":["GET"]}}],"collection":[{"href":"https:\/\/agora.xtec.cat\/ies-santa-eulalia\/wp-json\/wp\/v2\/posts"}],"about":[{"href":"https:\/\/agora.xtec.cat\/ies-santa-eulalia\/wp-json\/wp\/v2\/types\/post"}],"author":[{"embeddable":true,"href":"https:\/\/agora.xtec.cat\/ies-santa-eulalia\/wp-json\/wp\/v2\/users\/1"}],"replies":[{"embeddable":true,"href":"https:\/\/agora.xtec.cat\/ies-santa-eulalia\/wp-json\/wp\/v2\/comments?post=3234"}],"version-history":[{"count":3,"href":"https:\/\/agora.xtec.cat\/ies-santa-eulalia\/wp-json\/wp\/v2\/posts\/3234\/revisions"}],"predecessor-version":[{"id":3243,"href":"https:\/\/agora.xtec.cat\/ies-santa-eulalia\/wp-json\/wp\/v2\/posts\/3234\/revisions\/3243"}],"wp:featuredmedia":[{"embeddable":true,"href":"https:\/\/agora.xtec.cat\/ies-santa-eulalia\/wp-json\/wp\/v2\/media\/3237"}],"wp:attachment":[{"href":"https:\/\/agora.xtec.cat\/ies-santa-eulalia\/wp-json\/wp\/v2\/media?parent=3234"}],"wp:term":[{"taxonomy":"category","embeddable":true,"href":"https:\/\/agora.xtec.cat\/ies-santa-eulalia\/wp-json\/wp\/v2\/categories?post=3234"},{"taxonomy":"post_tag","embeddable":true,"href":"https:\/\/agora.xtec.cat\/ies-santa-eulalia\/wp-json\/wp\/v2\/tags?post=3234"}],"curies":[{"name":"wp","href":"https:\/\/api.w.org\/{rel}","templated":true}]}}