{"id":3122,"date":"2018-12-05T14:26:34","date_gmt":"2018-12-05T13:26:34","guid":{"rendered":"http:\/\/agora.xtec.cat\/ies-santa-eulalia\/?p=3122"},"modified":"2018-12-05T14:30:05","modified_gmt":"2018-12-05T13:30:05","slug":"sortida-a-torre-barrina-2","status":"publish","type":"post","link":"https:\/\/agora.xtec.cat\/ies-santa-eulalia\/general\/sortida-a-torre-barrina-2\/","title":{"rendered":"Sortida a Torre Barrina"},"content":{"rendered":"<p>Els alumnes de 1r d&#8217;ESO van anar a Torre Barrina, un centre de creaci\u00f3 multim\u00e8dia de L&#8217;Hospitalet de Llobregat, a fer gravacions radiof\u00f2niques de la seva descripci\u00f3, treballada pr\u00e8viament a l&#8217;aula. Vam poder practicar la compet\u00e8ncia comunicativa i ens ho vam passar molt b\u00e9.<\/p>\n<p>&nbsp;<\/p>\n<p><a href=\"https:\/\/agora.xtec.cat\/ies-santa-eulalia\/wp-content\/uploads\/usu1612\/2018\/12\/IMG_20181203_121146p.jpg\"><img loading=\"lazy\" decoding=\"async\" class=\"alignnone wp-image-3127\" src=\"https:\/\/agora.xtec.cat\/ies-santa-eulalia\/wp-content\/uploads\/usu1612\/2018\/12\/IMG_20181203_121146p-1024x768.jpg\" alt=\"\" width=\"549\" height=\"412\" srcset=\"https:\/\/agora.xtec.cat\/ies-santa-eulalia\/wp-content\/uploads\/usu1612\/2018\/12\/IMG_20181203_121146p-1024x768.jpg 1024w, https:\/\/agora.xtec.cat\/ies-santa-eulalia\/wp-content\/uploads\/usu1612\/2018\/12\/IMG_20181203_121146p-300x225.jpg 300w, https:\/\/agora.xtec.cat\/ies-santa-eulalia\/wp-content\/uploads\/usu1612\/2018\/12\/IMG_20181203_121146p-768x576.jpg 768w, https:\/\/agora.xtec.cat\/ies-santa-eulalia\/wp-content\/uploads\/usu1612\/2018\/12\/IMG_20181203_121146p-200x150.jpg 200w, https:\/\/agora.xtec.cat\/ies-santa-eulalia\/wp-content\/uploads\/usu1612\/2018\/12\/IMG_20181203_121146p.jpg 1632w\" sizes=\"auto, (max-width: 549px) 100vw, 549px\" \/>\u00a0\u00a0\u00a0\u00a0\u00a0<\/a><a href=\"https:\/\/agora.xtec.cat\/ies-santa-eulalia\/wp-content\/uploads\/usu1612\/2018\/12\/2p.jpg\"><img loading=\"lazy\" decoding=\"async\" class=\"alignnone wp-image-3126\" src=\"https:\/\/agora.xtec.cat\/ies-santa-eulalia\/wp-content\/uploads\/usu1612\/2018\/12\/2p-1024x768.jpg\" alt=\"\" width=\"548\" height=\"411\" srcset=\"https:\/\/agora.xtec.cat\/ies-santa-eulalia\/wp-content\/uploads\/usu1612\/2018\/12\/2p-1024x768.jpg 1024w, https:\/\/agora.xtec.cat\/ies-santa-eulalia\/wp-content\/uploads\/usu1612\/2018\/12\/2p-300x225.jpg 300w, https:\/\/agora.xtec.cat\/ies-santa-eulalia\/wp-content\/uploads\/usu1612\/2018\/12\/2p-768x576.jpg 768w, https:\/\/agora.xtec.cat\/ies-santa-eulalia\/wp-content\/uploads\/usu1612\/2018\/12\/2p-200x150.jpg 200w, https:\/\/agora.xtec.cat\/ies-santa-eulalia\/wp-content\/uploads\/usu1612\/2018\/12\/2p.jpg 1632w\" sizes=\"auto, (max-width: 548px) 100vw, 548px\" \/><\/a><\/p>\n<p><a href=\"https:\/\/agora.xtec.cat\/ies-santa-eulalia\/wp-content\/uploads\/usu1612\/2018\/12\/4-1.jpg\"><img loading=\"lazy\" decoding=\"async\" class=\"alignnone wp-image-3124\" src=\"https:\/\/agora.xtec.cat\/ies-santa-eulalia\/wp-content\/uploads\/usu1612\/2018\/12\/4-1-1024x768.jpg\" alt=\"\" width=\"550\" height=\"413\" srcset=\"https:\/\/agora.xtec.cat\/ies-santa-eulalia\/wp-content\/uploads\/usu1612\/2018\/12\/4-1-1024x768.jpg 1024w, https:\/\/agora.xtec.cat\/ies-santa-eulalia\/wp-content\/uploads\/usu1612\/2018\/12\/4-1-300x225.jpg 300w, https:\/\/agora.xtec.cat\/ies-santa-eulalia\/wp-content\/uploads\/usu1612\/2018\/12\/4-1-768x576.jpg 768w, https:\/\/agora.xtec.cat\/ies-santa-eulalia\/wp-content\/uploads\/usu1612\/2018\/12\/4-1-200x150.jpg 200w, https:\/\/agora.xtec.cat\/ies-santa-eulalia\/wp-content\/uploads\/usu1612\/2018\/12\/4-1.jpg 1600w\" sizes=\"auto, (max-width: 550px) 100vw, 550px\" \/>\u00a0\u00a0\u00a0\u00a0<\/a><a href=\"https:\/\/agora.xtec.cat\/ies-santa-eulalia\/wp-content\/uploads\/usu1612\/2018\/12\/1p.jpg\"><img loading=\"lazy\" decoding=\"async\" class=\"alignnone wp-image-3128\" src=\"https:\/\/agora.xtec.cat\/ies-santa-eulalia\/wp-content\/uploads\/usu1612\/2018\/12\/1p-1024x768.jpg\" alt=\"\" width=\"548\" height=\"411\" srcset=\"https:\/\/agora.xtec.cat\/ies-santa-eulalia\/wp-content\/uploads\/usu1612\/2018\/12\/1p-1024x768.jpg 1024w, https:\/\/agora.xtec.cat\/ies-santa-eulalia\/wp-content\/uploads\/usu1612\/2018\/12\/1p-300x225.jpg 300w, https:\/\/agora.xtec.cat\/ies-santa-eulalia\/wp-content\/uploads\/usu1612\/2018\/12\/1p-768x576.jpg 768w, https:\/\/agora.xtec.cat\/ies-santa-eulalia\/wp-content\/uploads\/usu1612\/2018\/12\/1p-200x150.jpg 200w, https:\/\/agora.xtec.cat\/ies-santa-eulalia\/wp-content\/uploads\/usu1612\/2018\/12\/1p.jpg 1632w\" sizes=\"auto, (max-width: 548px) 100vw, 548px\" \/><\/a><\/p>\n","protected":false},"excerpt":{"rendered":"<p>Els alumnes de 1r d&#8217;ESO van anar a Torre Barrina, un centre de creaci\u00f3 multim\u00e8dia de L&#8217;Hospitalet de Llobregat, a fer gravacions radiof\u00f2niques de la seva descripci\u00f3, treballada pr\u00e8viament a l&#8217;aula. Vam poder practicar la compet\u00e8ncia comunicativa i ens ho vam passar molt b\u00e9.<br \/>\n&nbsp;<br \/>\n<a href=\"https:\/\/agora.xtec.cat\/ies-santa-eulalia\/wp-content\/uploads\/usu1612\/2018\/12\/IMG_20181203_121146p.jpg\">\u00a0\u00a0\u00a0\u00a0\u00a0<\/a><a&hellip;  <a href=\"https:\/\/agora.xtec.cat\/ies-santa-eulalia\/general\/sortida-a-torre-barrina-2\/\" title=\"Read Sortida a Torre Barrina\">Llegeix m\u00e9s\u00bb<\/a><\/p>\n","protected":false},"author":55,"featured_media":3127,"comment_status":"open","ping_status":"closed","sticky":false,"template":"","format":"standard","meta":{"_bbp_topic_count":0,"_bbp_reply_count":0,"_bbp_total_topic_count":0,"_bbp_total_reply_count":0,"_bbp_voice_count":0,"_bbp_anonymous_reply_count":0,"_bbp_topic_count_hidden":0,"_bbp_reply_count_hidden":0,"_bbp_forum_subforum_count":0,"footnotes":""},"categories":[136,4,9,10,11,121,1,29],"tags":[],"class_list":["post-3122","post","type-post","status-publish","format-standard","has-post-thumbnail","hentry","category-novetats-catala","category-eso-1","category-eso-1a","category-eso-1b","category-eso-1c","category-eso-1d","category-general","category-portada"],"post_mailing_queue_ids":[],"_links":{"self":[{"href":"https:\/\/agora.xtec.cat\/ies-santa-eulalia\/wp-json\/wp\/v2\/posts\/3122","targetHints":{"allow":["GET"]}}],"collection":[{"href":"https:\/\/agora.xtec.cat\/ies-santa-eulalia\/wp-json\/wp\/v2\/posts"}],"about":[{"href":"https:\/\/agora.xtec.cat\/ies-santa-eulalia\/wp-json\/wp\/v2\/types\/post"}],"author":[{"embeddable":true,"href":"https:\/\/agora.xtec.cat\/ies-santa-eulalia\/wp-json\/wp\/v2\/users\/55"}],"replies":[{"embeddable":true,"href":"https:\/\/agora.xtec.cat\/ies-santa-eulalia\/wp-json\/wp\/v2\/comments?post=3122"}],"version-history":[{"count":2,"href":"https:\/\/agora.xtec.cat\/ies-santa-eulalia\/wp-json\/wp\/v2\/posts\/3122\/revisions"}],"predecessor-version":[{"id":3130,"href":"https:\/\/agora.xtec.cat\/ies-santa-eulalia\/wp-json\/wp\/v2\/posts\/3122\/revisions\/3130"}],"wp:featuredmedia":[{"embeddable":true,"href":"https:\/\/agora.xtec.cat\/ies-santa-eulalia\/wp-json\/wp\/v2\/media\/3127"}],"wp:attachment":[{"href":"https:\/\/agora.xtec.cat\/ies-santa-eulalia\/wp-json\/wp\/v2\/media?parent=3122"}],"wp:term":[{"taxonomy":"category","embeddable":true,"href":"https:\/\/agora.xtec.cat\/ies-santa-eulalia\/wp-json\/wp\/v2\/categories?post=3122"},{"taxonomy":"post_tag","embeddable":true,"href":"https:\/\/agora.xtec.cat\/ies-santa-eulalia\/wp-json\/wp\/v2\/tags?post=3122"}],"curies":[{"name":"wp","href":"https:\/\/api.w.org\/{rel}","templated":true}]}}