{"id":3080,"date":"2018-11-27T00:24:55","date_gmt":"2018-11-26T23:24:55","guid":{"rendered":"http:\/\/agora.xtec.cat\/ies-santa-eulalia\/?p=3080"},"modified":"2018-11-27T00:27:33","modified_gmt":"2018-11-26T23:27:33","slug":"xerrades-scise18-dona-ciencia-i-futur","status":"publish","type":"post","link":"https:\/\/agora.xtec.cat\/ies-santa-eulalia\/general\/xerrades-scise18-dona-ciencia-i-futur\/","title":{"rendered":"Xerrades SCISE18. Dona, ci\u00e8ncia i futur"},"content":{"rendered":"<p><a href=\"https:\/\/lh3.googleusercontent.com\/UoZZAM-0U_ZT0WZHMMEeiGCdAYfCy1z2E8ffJZsrVKg-o_qR8uVFE_jUHZs0twLdOXfUV0O6ezNPKknzLoEGakJsbCE7dniLCBjX25M2cu5zozkNAH_Kqbq218durDxLdIIjBFbSE7FvBJTXSQcdQ8bJ9bA0TDQYMY2LqAb3sZoAkRTYPukfWQDlHgywbKDLbanLAiz2v9TYYgD2d46pBRUmVaDYdtRdRfo5BB9-E6U4CRpl4Aa2xuoXR8eJd9RRynipESzWOseD1ck7nNDFJr-S8noCF0YOnFNHbnZE6FZu0Sj4C4JwRpfKDJw4YrHGhQJLflI4C1QOY8deD6MpkGBiFtPkiG4PSCCGKn2Iy5YE4dipP9E_qNx2V0tZB5NNSQkxyPhJxy_Hk76GZ0mUmNVF0JBtALT4nGfCvfXCQdCwTNUtZKd8ZT2ZlRRLJ7MrK5Uw7M0pq1isM8v_ZHq2W1OUnUc1BJBLcCa9AMyNAJboxK5Vk_5JSQlvbyEmoQdVtufmwCz7Qbf34cSlJisBv54Ue_wYFTiuX059Tih-LKeo4ABZ6Rw1x8qyR35zd20mrtEIL1siRbgwk2QlJOBRRJEYgwhMGo8nxYtFtkHmwFUEdoFOV0AJPVmGlDf0aZskcCT3_YJf8rGTPZHWdEghRb0P=w1647-h926-no\"><img loading=\"lazy\" decoding=\"async\" class=\"aligncenter size-large\" src=\"https:\/\/lh3.googleusercontent.com\/UoZZAM-0U_ZT0WZHMMEeiGCdAYfCy1z2E8ffJZsrVKg-o_qR8uVFE_jUHZs0twLdOXfUV0O6ezNPKknzLoEGakJsbCE7dniLCBjX25M2cu5zozkNAH_Kqbq218durDxLdIIjBFbSE7FvBJTXSQcdQ8bJ9bA0TDQYMY2LqAb3sZoAkRTYPukfWQDlHgywbKDLbanLAiz2v9TYYgD2d46pBRUmVaDYdtRdRfo5BB9-E6U4CRpl4Aa2xuoXR8eJd9RRynipESzWOseD1ck7nNDFJr-S8noCF0YOnFNHbnZE6FZu0Sj4C4JwRpfKDJw4YrHGhQJLflI4C1QOY8deD6MpkGBiFtPkiG4PSCCGKn2Iy5YE4dipP9E_qNx2V0tZB5NNSQkxyPhJxy_Hk76GZ0mUmNVF0JBtALT4nGfCvfXCQdCwTNUtZKd8ZT2ZlRRLJ7MrK5Uw7M0pq1isM8v_ZHq2W1OUnUc1BJBLcCa9AMyNAJboxK5Vk_5JSQlvbyEmoQdVtufmwCz7Qbf34cSlJisBv54Ue_wYFTiuX059Tih-LKeo4ABZ6Rw1x8qyR35zd20mrtEIL1siRbgwk2QlJOBRRJEYgwhMGo8nxYtFtkHmwFUEdoFOV0AJPVmGlDf0aZskcCT3_YJf8rGTPZHWdEghRb0P=w1647-h926-no\" width=\"1647\" height=\"926\" \/><\/a>Dins de les activitats de la <a href=\"http:\/\/blocs.xtec.cat\/homeostasi\/2018\/11\/09\/arrenca-la-setmana-de-la-ciencia-a-linstitut-scise18\/\" target=\"_blank\" rel=\"noopener noreferrer\"><em>Setmana de la CI\u00e8ncia 2018<\/em><\/a> (<a href=\"https:\/\/twitter.com\/hashtag\/SCISE18?src=hash\" target=\"_blank\" rel=\"noopener noreferrer\">SCISE18<\/a>) l&#8217;alumnat de 1r de i 2n de Batxillerat hem assistit a la biblioteca a dues xerrades al voltant dels eixos de la Setmana al centre <strong><em>Dona, ci\u00e8ncia i futur<\/em><\/strong>.<\/p>\n<p><a href=\"https:\/\/lh3.googleusercontent.com\/zTzaLRvyvtjMnLgKkEIjxNeokt4iXLxwCqvI24A6PXWUo1BdP5UXCd4vFaTirHAx1JfW14CcBeEV48qk5MNMArzXs6liJJG2ILS9rK3WRRkWnb7qHojNt3z43sHNi3qZsbheAlUbSsAls1qPv9vgJgSsUEhk7suSm7evUqGF8PRq4RW4BjsGXmXP3-_b6jkv7MKzRGSyCD6SSWxQWmLcZnzbdJy2Dpmfdhf2OQXzp-qMUO6icxXQkx5XPRRvc5ifHd835yvC5MTAmT8A1yhuNGpJb7uisfxLLSUlkfK1TrgabLMtAQda5OCbna4_PWOWHrvuJFnijhjTS6__5IDIPMRAXhwioAOGb3318mcSIzSHOQP1MsswzagmGSkmq-YKMUa9mKZSUnDH7HCbt0GQydQxQZPvVhXUhSPqOvJADc1P_7huT0ePfBwBCHJvJRLt8QwRQa_ZrirXVfKyY4wGVh_FySkPf81PtrY-Wo6qt1HReiJodJHYT9wbRX_oNQC3oE_QSonVjCTf3D8vT4ul1Xky9EBLNA0MM92CM-hC3QPwrnP6hBbEx6cZn2662fh5wX_Z8jMcIj1yGFBX9HN-tY9WOdM5tBBhqpblDceVu70_eDc8ynmC0mKQLeZ1R2fFUMn9HpEMlz6mTxixIXtQir46=w1647-h926-no\"><img loading=\"lazy\" decoding=\"async\" class=\"aligncenter size-large\" src=\"https:\/\/lh3.googleusercontent.com\/zTzaLRvyvtjMnLgKkEIjxNeokt4iXLxwCqvI24A6PXWUo1BdP5UXCd4vFaTirHAx1JfW14CcBeEV48qk5MNMArzXs6liJJG2ILS9rK3WRRkWnb7qHojNt3z43sHNi3qZsbheAlUbSsAls1qPv9vgJgSsUEhk7suSm7evUqGF8PRq4RW4BjsGXmXP3-_b6jkv7MKzRGSyCD6SSWxQWmLcZnzbdJy2Dpmfdhf2OQXzp-qMUO6icxXQkx5XPRRvc5ifHd835yvC5MTAmT8A1yhuNGpJb7uisfxLLSUlkfK1TrgabLMtAQda5OCbna4_PWOWHrvuJFnijhjTS6__5IDIPMRAXhwioAOGb3318mcSIzSHOQP1MsswzagmGSkmq-YKMUa9mKZSUnDH7HCbt0GQydQxQZPvVhXUhSPqOvJADc1P_7huT0ePfBwBCHJvJRLt8QwRQa_ZrirXVfKyY4wGVh_FySkPf81PtrY-Wo6qt1HReiJodJHYT9wbRX_oNQC3oE_QSonVjCTf3D8vT4ul1Xky9EBLNA0MM92CM-hC3QPwrnP6hBbEx6cZn2662fh5wX_Z8jMcIj1yGFBX9HN-tY9WOdM5tBBhqpblDceVu70_eDc8ynmC0mKQLeZ1R2fFUMn9HpEMlz6mTxixIXtQir46=w1647-h926-no\" width=\"1647\" height=\"926\" \/><\/a><\/p>\n<p>D&#8217;una banda l&#8217;Ingrid Regalado a partir de la seua experi\u00e8ncia com a bi\u00f2loga i t\u00e8cnica de suport a la recerca en diversos projectes al Centre de Recerca Ecol\u00f2gica i Aplicacions Forestals (<a href=\"http:\/\/www.creaf.cat\/ca\" target=\"_blank\" rel=\"noopener noreferrer\">CREAF<\/a>), amb <em><strong>Una finestra a la nostra recerca,<\/strong><\/em> ens ha parlat sobre l&#8217;organitzaci\u00f3 dels grups de recerca i el paper relatiu de les dones en els diversos perfils implicats. Aix\u00ed com del treball desenvolupat pels t\u00e8cnics de recerca en diversos tipus d&#8217;investigacions al laboratori o al camp.<\/p>\n<p><a href=\"https:\/\/lh3.googleusercontent.com\/MxT7txcOmBTuiRI4en9lQjg1YowiZqmgcK4ZhUAljl2nwqkVWXQSyxzhg2Vyqok8BVWt6b2LfD4Ny_MDTv5uiIjY-f5qV0syaT0u2-PkN6K2lZi9Zjwb42Uy7hhA-j1Ec4MvC-2IwMvkmAjHhuSYhKGuUKR8j4ZOk-H8pPhmpmaLCvVl2y16QSzXXlBgZ795kxOME9-cCeuOZeMSOUdQWYfHMvc23PvvGNLtHmP4u7nUUVg0R09_w3VOgjnOKXVl6zr7OJcvGATqUn_q5C-YcnGMtRHzJxtAcngGK3o7aH1Pmtl7q937O54RaqFB1tYRTMEyEeeCbD-F8aRDvcKUIH7Hl0OOG8Fu-ZXWy5cLwr3oLFhkWigf2qnz_I8pl9oQgd7Y6VzDKcx2Q-HuaC82oKnI-qZt4eXSRsxypJvaIdCtP97DokaxTyyfbqVUbVwbZYyew2V4glSjnTDQP-QKNrXmFEf9kDE1puE8HTtG11qo-UAhSAlQkWmlm2R-0vRqEH_JTxboNxTlRugC8IZ8HdlBnpa_6f29b15OzcIV_U5VNye9opvsT1g5nO9BzUPPy2Zpc9AyHmencgpJi99k0jZYVLdsWWOY7y0fJx6qlo7LR4KXlx10Y8ysV-7_KsOYFiuuMHAacuenwWyUOWmLiBPK=w1647-h926-no\"><img loading=\"lazy\" decoding=\"async\" class=\"aligncenter size-large\" src=\"https:\/\/lh3.googleusercontent.com\/MxT7txcOmBTuiRI4en9lQjg1YowiZqmgcK4ZhUAljl2nwqkVWXQSyxzhg2Vyqok8BVWt6b2LfD4Ny_MDTv5uiIjY-f5qV0syaT0u2-PkN6K2lZi9Zjwb42Uy7hhA-j1Ec4MvC-2IwMvkmAjHhuSYhKGuUKR8j4ZOk-H8pPhmpmaLCvVl2y16QSzXXlBgZ795kxOME9-cCeuOZeMSOUdQWYfHMvc23PvvGNLtHmP4u7nUUVg0R09_w3VOgjnOKXVl6zr7OJcvGATqUn_q5C-YcnGMtRHzJxtAcngGK3o7aH1Pmtl7q937O54RaqFB1tYRTMEyEeeCbD-F8aRDvcKUIH7Hl0OOG8Fu-ZXWy5cLwr3oLFhkWigf2qnz_I8pl9oQgd7Y6VzDKcx2Q-HuaC82oKnI-qZt4eXSRsxypJvaIdCtP97DokaxTyyfbqVUbVwbZYyew2V4glSjnTDQP-QKNrXmFEf9kDE1puE8HTtG11qo-UAhSAlQkWmlm2R-0vRqEH_JTxboNxTlRugC8IZ8HdlBnpa_6f29b15OzcIV_U5VNye9opvsT1g5nO9BzUPPy2Zpc9AyHmencgpJi99k0jZYVLdsWWOY7y0fJx6qlo7LR4KXlx10Y8ysV-7_KsOYFiuuMHAacuenwWyUOWmLiBPK=w1647-h926-no\" width=\"1647\" height=\"926\" \/><\/a><a href=\"https:\/\/lh3.googleusercontent.com\/Ra-Fo8nevu1WquzOXxD70Q93bmMGtcq5X06oKyc8SJTk6aBF5OzC6pErUv13EapTgLwWy6zXv0EUCkNjCr3VtSXOC-9C6LRFB0p7gRTIt6j2DZVnN8a1jrXAbUEbBCjo9UE_tGUf1CJ8EB6xmkL50NZ1qRF8-vguVdPh1RMHZAcO9YZpcqyYdBoVjPCWgiKxAuKGESQz683UV84nH87MrHEemLf13E7f80ZgT2pRRbOtUcINlYg4xGesdZExD2XXu6HPkGlN5Ok8XXuj5FvAIR4O0nCbll3HtKqjcC-KX42EVZ_-XaaYITpUtl7_-LuioOKnHioDK8wbj85YXaUSrbi9axmO-XlCE-H8frsTcZTLekm__UEk4DwIKDlJoOG7Z94ghPUd0u9VE48T5H8KOIAwrywvJHU-ODHRR46WxLuQgNPyC-fvyh-bKbovfEHK7pi5TnTR0HoFU7TNKrD0_unahPS1T5PeD8e1C9IDyxxdFT6ZkdJHKvSlEpZOujfh-zL6V3osweLwOdLwoH22-5xJ9P6m3gjIwQRI-FnJ4y-nZ1V_EmHZCDmHuYZoZnjR3qhWvwjUQQ4oPLBK-tgn_9EsqHj2_EWCGrZdEIeUAtR653j7B50vxEMighca7zzPJdNt2chNeO27P5kcADZWDTKQ=w521-h926-no\"><img loading=\"lazy\" decoding=\"async\" class=\"aligncenter size-large\" src=\"https:\/\/lh3.googleusercontent.com\/Ra-Fo8nevu1WquzOXxD70Q93bmMGtcq5X06oKyc8SJTk6aBF5OzC6pErUv13EapTgLwWy6zXv0EUCkNjCr3VtSXOC-9C6LRFB0p7gRTIt6j2DZVnN8a1jrXAbUEbBCjo9UE_tGUf1CJ8EB6xmkL50NZ1qRF8-vguVdPh1RMHZAcO9YZpcqyYdBoVjPCWgiKxAuKGESQz683UV84nH87MrHEemLf13E7f80ZgT2pRRbOtUcINlYg4xGesdZExD2XXu6HPkGlN5Ok8XXuj5FvAIR4O0nCbll3HtKqjcC-KX42EVZ_-XaaYITpUtl7_-LuioOKnHioDK8wbj85YXaUSrbi9axmO-XlCE-H8frsTcZTLekm__UEk4DwIKDlJoOG7Z94ghPUd0u9VE48T5H8KOIAwrywvJHU-ODHRR46WxLuQgNPyC-fvyh-bKbovfEHK7pi5TnTR0HoFU7TNKrD0_unahPS1T5PeD8e1C9IDyxxdFT6ZkdJHKvSlEpZOujfh-zL6V3osweLwOdLwoH22-5xJ9P6m3gjIwQRI-FnJ4y-nZ1V_EmHZCDmHuYZoZnjR3qhWvwjUQQ4oPLBK-tgn_9EsqHj2_EWCGrZdEIeUAtR653j7B50vxEMighca7zzPJdNt2chNeO27P5kcADZWDTKQ=w521-h926-no\" width=\"521\" height=\"926\" \/><\/a><\/p>\n<p>D&#8217;altra banda, amb <strong><em>Integritat i \u00e8tica a la recerca cient\u00edfica<\/em><\/strong> la Joana Porcel, coordinadora de la unitat de projectes de l\u2019Institut de Salut Global (<a class=\"twitter-atreply pretty-link js-nav\" href=\"https:\/\/twitter.com\/ISGLOBALorg\" target=\"_blank\" rel=\"noopener noreferrer\"><s>@<\/s><b>isglobalorg<\/b><\/a>) ens ha fet reflexionar sobre la import\u00e0ncia i caracter\u00edstiques de la recerca per\u00f2, tamb\u00e9, sobre implicacions \u00e8tiques i socials que comporta.<\/p>\n<p><a href=\"https:\/\/lh3.googleusercontent.com\/bdmdLpTLeJ_rZFY6NaNq1UEV4359b2QwncsRHaysQqQkybi_QrWte1cN3MgY4hm41kJv5RjaMqhkVnOpIyW4es3INSpDyk1OigNCDkGxu2Y898u0Lhbnpqu9hLjbnHaeBWH-zf7aZQJwXh6uUy8YH4s4m0_HVbq3STTDykEukRkTxj822ZhPPFEnNUEWJ-e9MPBoehDPk4EETejWC5bcREGeAeluLoQMTfIzF0LFLSWDMdi6cuTfkU5N_f-lAEeMMJWkwdtBP28mUd_HgvqIeaqwcHj7iQzDdjgYKKyOUJXSE610NRKBayvnfshFAPylv7dJuvaA7QWGNTqv-eRvQ58VCq6-4wat3TD3YeldEX9KF5j0BTTWB-tWvlJqTqbJvSq5saOMcaEz9E5Me60bi6mV3Yubv4n0_GIrUmf6PfCG7618_xPm507M1zhkL3AogTYtThDaMKhkFjbmw-i7JXqAkzjdOejpVuKjBxy4mV-LdmFI8rR4ubjPJxWJtA1LIKOCzaUs_Z8Rew9SIIsKQaj68_XrUwSaDlNfWbUzEdWBjRXUwjMk1UrKFB2GRO5G--_ql2wT_EnmOTMh8nqQDujHhe5-REhAKrkerBVp_wOmF17XI4l7TD5-AXuifga47Nr5SOw0Jx6_AwnNWZAiMgya=w521-h926-no\"><img loading=\"lazy\" decoding=\"async\" class=\"aligncenter size-large\" src=\"https:\/\/lh3.googleusercontent.com\/bdmdLpTLeJ_rZFY6NaNq1UEV4359b2QwncsRHaysQqQkybi_QrWte1cN3MgY4hm41kJv5RjaMqhkVnOpIyW4es3INSpDyk1OigNCDkGxu2Y898u0Lhbnpqu9hLjbnHaeBWH-zf7aZQJwXh6uUy8YH4s4m0_HVbq3STTDykEukRkTxj822ZhPPFEnNUEWJ-e9MPBoehDPk4EETejWC5bcREGeAeluLoQMTfIzF0LFLSWDMdi6cuTfkU5N_f-lAEeMMJWkwdtBP28mUd_HgvqIeaqwcHj7iQzDdjgYKKyOUJXSE610NRKBayvnfshFAPylv7dJuvaA7QWGNTqv-eRvQ58VCq6-4wat3TD3YeldEX9KF5j0BTTWB-tWvlJqTqbJvSq5saOMcaEz9E5Me60bi6mV3Yubv4n0_GIrUmf6PfCG7618_xPm507M1zhkL3AogTYtThDaMKhkFjbmw-i7JXqAkzjdOejpVuKjBxy4mV-LdmFI8rR4ubjPJxWJtA1LIKOCzaUs_Z8Rew9SIIsKQaj68_XrUwSaDlNfWbUzEdWBjRXUwjMk1UrKFB2GRO5G--_ql2wT_EnmOTMh8nqQDujHhe5-REhAKrkerBVp_wOmF17XI4l7TD5-AXuifga47Nr5SOw0Jx6_AwnNWZAiMgya=w521-h926-no\" width=\"521\" height=\"926\" \/><\/a>Podeu veure m\u00e9s imatges en aquest <a href=\"https:\/\/photos.app.goo.gl\/XRohrAdFQhHC8Rus8\" target=\"_blank\" rel=\"noopener noreferrer\">\u00e0lbum<\/a>.<\/p>\n<p><a href=\"https:\/\/lh3.googleusercontent.com\/AGRqid7ipybR4pNQ9cgrgz0CHNSryEoDL2G425qdRCjcpTt-3_Psev4haRfDfqDCaCyuNPhw_zG9l7R_Y9V_h32EBdEpft62BI-G7Xm_tqiuFLeW8c51qir7gWtZQ_D6CTgWlSPpgULn41t0XXzk347-LY1HfNF1MK2MAKp31MLJ91smbo-YzJPlV8EUkepUU07ceZhFmJegHp2ViAw9snkA_PxLy5rhX-Ec_6OQY48fGJ1cF3xg1YeCsiouKPY_4Q7g4PJZm7i1U_0pTJJC0dXIrASXOUzKrak7KNK2AiiqC829iRfRr8qW-WEIMimPWk-6Kp0Yk3eImOAyCx9VNbSGM4ll55kftbMCstvlpVvZEjfNCo4LQcSocektpWlkXyCIgO4ILmXzd5PoziFrscp1hve3p7vL5v9ONkZ2oSRION3oLp08GYcpTjgbofTzjKDbggySMql6z9KWmNwaT5ioG2b3flfZJGhrIn7KEcQlpfVh3m2LrlL6BoJXiKqSh4PpB2PzFU53mVuY4efKgyjRN-wI7_CnYiUyrMnp3HN_5lvAYjf4cxkwQvh2PuUSi1huzSG9uLPlvGfDhlnGRouSEESpM4dO3LblO7yWjYF5k7nAaB9lFsJ_N0g1B-u3PwTcGjeqKzIUGyQB-B_goV4i=w521-h926-no\"><img loading=\"lazy\" decoding=\"async\" class=\"aligncenter size-large\" src=\"https:\/\/lh3.googleusercontent.com\/AGRqid7ipybR4pNQ9cgrgz0CHNSryEoDL2G425qdRCjcpTt-3_Psev4haRfDfqDCaCyuNPhw_zG9l7R_Y9V_h32EBdEpft62BI-G7Xm_tqiuFLeW8c51qir7gWtZQ_D6CTgWlSPpgULn41t0XXzk347-LY1HfNF1MK2MAKp31MLJ91smbo-YzJPlV8EUkepUU07ceZhFmJegHp2ViAw9snkA_PxLy5rhX-Ec_6OQY48fGJ1cF3xg1YeCsiouKPY_4Q7g4PJZm7i1U_0pTJJC0dXIrASXOUzKrak7KNK2AiiqC829iRfRr8qW-WEIMimPWk-6Kp0Yk3eImOAyCx9VNbSGM4ll55kftbMCstvlpVvZEjfNCo4LQcSocektpWlkXyCIgO4ILmXzd5PoziFrscp1hve3p7vL5v9ONkZ2oSRION3oLp08GYcpTjgbofTzjKDbggySMql6z9KWmNwaT5ioG2b3flfZJGhrIn7KEcQlpfVh3m2LrlL6BoJXiKqSh4PpB2PzFU53mVuY4efKgyjRN-wI7_CnYiUyrMnp3HN_5lvAYjf4cxkwQvh2PuUSi1huzSG9uLPlvGfDhlnGRouSEESpM4dO3LblO7yWjYF5k7nAaB9lFsJ_N0g1B-u3PwTcGjeqKzIUGyQB-B_goV4i=w521-h926-no\" width=\"521\" height=\"926\" \/><\/a><\/p>\n","protected":false},"excerpt":{"rendered":"<p><a href=\"https:\/\/lh3.googleusercontent.com\/UoZZAM-0U_ZT0WZHMMEeiGCdAYfCy1z2E8ffJZsrVKg-o_qR8uVFE_jUHZs0twLdOXfUV0O6ezNPKknzLoEGakJsbCE7dniLCBjX25M2cu5zozkNAH_Kqbq218durDxLdIIjBFbSE7FvBJTXSQcdQ8bJ9bA0TDQYMY2LqAb3sZoAkRTYPukfWQDlHgywbKDLbanLAiz2v9TYYgD2d46pBRUmVaDYdtRdRfo5BB9-E6U4CRpl4Aa2xuoXR8eJd9RRynipESzWOseD1ck7nNDFJr-S8noCF0YOnFNHbnZE6FZu0Sj4C4JwRpfKDJw4YrHGhQJLflI4C1QOY8deD6MpkGBiFtPkiG4PSCCGKn2Iy5YE4dipP9E_qNx2V0tZB5NNSQkxyPhJxy_Hk76GZ0mUmNVF0JBtALT4nGfCvfXCQdCwTNUtZKd8ZT2ZlRRLJ7MrK5Uw7M0pq1isM8v_ZHq2W1OUnUc1BJBLcCa9AMyNAJboxK5Vk_5JSQlvbyEmoQdVtufmwCz7Qbf34cSlJisBv54Ue_wYFTiuX059Tih-LKeo4ABZ6Rw1x8qyR35zd20mrtEIL1siRbgwk2QlJOBRRJEYgwhMGo8nxYtFtkHmwFUEdoFOV0AJPVmGlDf0aZskcCT3_YJf8rGTPZHWdEghRb0P=w1647-h926-no\"><\/a>Dins de les activitats de la <a href=\"http:\/\/blocs.xtec.cat\/homeostasi\/2018\/11\/09\/arrenca-la-setmana-de-la-ciencia-a-linstitut-scise18\/\" target=\"_blank\" rel=\"noopener noreferrer\">Setmana de la CI\u00e8ncia 2018<\/a> (<a href=\"https:\/\/twitter.com\/hashtag\/SCISE18?src=hash\" target=\"_blank\" rel=\"noopener noreferrer\">SCISE18<\/a>) l&#8217;alumnat de 1r de i 2n de Batxillerat hem assistit a la biblioteca a dues xerrades al voltant dels eixos de la Setmana al&hellip;  <a href=\"https:\/\/agora.xtec.cat\/ies-santa-eulalia\/general\/xerrades-scise18-dona-ciencia-i-futur\/\" title=\"Read Xerrades SCISE18. Dona, ci\u00e8ncia i futur\">Llegeix m\u00e9s\u00bb<\/a><\/p>\n","protected":false},"author":35,"featured_media":3081,"comment_status":"open","ping_status":"closed","sticky":false,"template":"","format":"standard","meta":{"_bbp_topic_count":0,"_bbp_reply_count":0,"_bbp_total_topic_count":0,"_bbp_total_reply_count":0,"_bbp_voice_count":0,"_bbp_anonymous_reply_count":0,"_bbp_topic_count_hidden":0,"_bbp_reply_count_hidden":0,"_bbp_forum_subforum_count":0,"footnotes":""},"categories":[176,177,184,179,180,174,156,144,8,1,29],"tags":[132,201,133,219,125,141,127,202,221,203,126,222,204,220,142,205,206,218,208,168,44],"class_list":["post-3080","post","type-post","status-publish","format-standard","has-post-thumbnail","hentry","category-1r-batx-a","category-1r-batx-b","category-1r-batxillerat","category-2n-batx-a","category-2n-batx-b","category-2n-batxillerat","category-novetats-biblioteca","category-novetats-ciencies-naturals","category-batxillerat","category-general","category-portada","tag-1r-bat","tag-2018-2019","tag-2n-bat","tag-bat","tag-batxillerat","tag-biobat","tag-biologia","tag-calaix-mals-endrecos","tag-ciencia","tag-ciencia-quotidiana","tag-ciencies","tag-cmc","tag-curiositats","tag-dona","tag-imatges","tag-ins-santa-eulalia","tag-ise1819","tag-santa-eulalia","tag-scise18","tag-setmana-de-la-ciencia","tag-xerrades"],"post_mailing_queue_ids":[],"_links":{"self":[{"href":"https:\/\/agora.xtec.cat\/ies-santa-eulalia\/wp-json\/wp\/v2\/posts\/3080","targetHints":{"allow":["GET"]}}],"collection":[{"href":"https:\/\/agora.xtec.cat\/ies-santa-eulalia\/wp-json\/wp\/v2\/posts"}],"about":[{"href":"https:\/\/agora.xtec.cat\/ies-santa-eulalia\/wp-json\/wp\/v2\/types\/post"}],"author":[{"embeddable":true,"href":"https:\/\/agora.xtec.cat\/ies-santa-eulalia\/wp-json\/wp\/v2\/users\/35"}],"replies":[{"embeddable":true,"href":"https:\/\/agora.xtec.cat\/ies-santa-eulalia\/wp-json\/wp\/v2\/comments?post=3080"}],"version-history":[{"count":2,"href":"https:\/\/agora.xtec.cat\/ies-santa-eulalia\/wp-json\/wp\/v2\/posts\/3080\/revisions"}],"predecessor-version":[{"id":3083,"href":"https:\/\/agora.xtec.cat\/ies-santa-eulalia\/wp-json\/wp\/v2\/posts\/3080\/revisions\/3083"}],"wp:featuredmedia":[{"embeddable":true,"href":"https:\/\/agora.xtec.cat\/ies-santa-eulalia\/wp-json\/wp\/v2\/media\/3081"}],"wp:attachment":[{"href":"https:\/\/agora.xtec.cat\/ies-santa-eulalia\/wp-json\/wp\/v2\/media?parent=3080"}],"wp:term":[{"taxonomy":"category","embeddable":true,"href":"https:\/\/agora.xtec.cat\/ies-santa-eulalia\/wp-json\/wp\/v2\/categories?post=3080"},{"taxonomy":"post_tag","embeddable":true,"href":"https:\/\/agora.xtec.cat\/ies-santa-eulalia\/wp-json\/wp\/v2\/tags?post=3080"}],"curies":[{"name":"wp","href":"https:\/\/api.w.org\/{rel}","templated":true}]}}