{"id":2969,"date":"2018-11-14T18:34:34","date_gmt":"2018-11-14T17:34:34","guid":{"rendered":"http:\/\/agora.xtec.cat\/ies-santa-eulalia\/?p=2969"},"modified":"2018-11-14T18:46:25","modified_gmt":"2018-11-14T17:46:25","slug":"setmana-de-la-solidaritat","status":"publish","type":"post","link":"https:\/\/agora.xtec.cat\/ies-santa-eulalia\/general\/setmana-de-la-solidaritat\/","title":{"rendered":"SETMANA  de la SOLIDARITAT"},"content":{"rendered":"<p style=\"text-align: center\"><strong>&#8220;Una mare mai posa els seus fills a l&#8217;aigua, a menys que l&#8217;aigua sigui m\u00e9s segura que la terra&#8221;<\/strong><a href=\"https:\/\/agora.xtec.cat\/ies-santa-eulalia\/wp-content\/uploads\/usu1612\/2018\/11\/Refugiats.jpg\"><img loading=\"lazy\" decoding=\"async\" class=\"wp-image-3019 alignright\" src=\"https:\/\/agora.xtec.cat\/ies-santa-eulalia\/wp-content\/uploads\/usu1612\/2018\/11\/Refugiats-197x300.jpg\" alt=\"\" width=\"280\" height=\"426\" srcset=\"https:\/\/agora.xtec.cat\/ies-santa-eulalia\/wp-content\/uploads\/usu1612\/2018\/11\/Refugiats-197x300.jpg 197w, https:\/\/agora.xtec.cat\/ies-santa-eulalia\/wp-content\/uploads\/usu1612\/2018\/11\/Refugiats-768x1172.jpg 768w, https:\/\/agora.xtec.cat\/ies-santa-eulalia\/wp-content\/uploads\/usu1612\/2018\/11\/Refugiats-671x1024.jpg 671w, https:\/\/agora.xtec.cat\/ies-santa-eulalia\/wp-content\/uploads\/usu1612\/2018\/11\/Refugiats.jpg 1347w\" sizes=\"auto, (max-width: 280px) 100vw, 280px\" \/><\/a><\/p>\n<p>Durant la Setmana de la Solidaritat, ens hem mostrat especialment sensibles amb la dura realitat del Refugiats.<\/p>\n<p><span style=\"font-family: inherit;font-size: 1em\">I amb els nostres dibuixos, reflexions i comentaris, volem donar suport, cada dia, a les v\u00edctimes dels despla\u00e7aments for\u00e7ats.<\/span><\/p>\n<p>&#8220;Hi tenen tot el Dret&#8221;. <strong>S\u00f3n persones!!!!!!<\/strong><\/p>\n<p>&nbsp;<\/p>\n<p>&nbsp;<\/p>\n<p><a href=\"https:\/\/photos.app.goo.gl\/axePDk5zX3wkn9xs8\"> Aqu\u00ed<\/a> podeu veure una mostra dels moments de treball.<\/p>\n<p>&nbsp;<\/p>\n","protected":false},"excerpt":{"rendered":"<p>&#8220;Una mare mai posa els seus fills a l&#8217;aigua, a menys que l&#8217;aigua sigui m\u00e9s segura que la terra&#8221;<a href=\"https:\/\/agora.xtec.cat\/ies-santa-eulalia\/wp-content\/uploads\/usu1612\/2018\/11\/Refugiats.jpg\"><\/a><br \/>\nDurant la Setmana de la Solidaritat, ens hem mostrat especialment sensibles amb la dura realitat del Refugiats.<br \/>\nI amb els nostres dibuixos, reflexions i comentaris, volem donar&hellip;  <a href=\"https:\/\/agora.xtec.cat\/ies-santa-eulalia\/general\/setmana-de-la-solidaritat\/\" title=\"Read SETMANA  de la SOLIDARITAT\">Llegeix m\u00e9s\u00bb<\/a><\/p>\n","protected":false},"author":51,"featured_media":3019,"comment_status":"open","ping_status":"closed","sticky":false,"template":"","format":"standard","meta":{"_bbp_topic_count":0,"_bbp_reply_count":0,"_bbp_total_topic_count":0,"_bbp_total_reply_count":0,"_bbp_voice_count":0,"_bbp_anonymous_reply_count":0,"_bbp_topic_count_hidden":0,"_bbp_reply_count_hidden":0,"_bbp_forum_subforum_count":0,"footnotes":""},"categories":[1,29],"tags":[],"class_list":["post-2969","post","type-post","status-publish","format-standard","has-post-thumbnail","hentry","category-general","category-portada"],"post_mailing_queue_ids":[],"_links":{"self":[{"href":"https:\/\/agora.xtec.cat\/ies-santa-eulalia\/wp-json\/wp\/v2\/posts\/2969","targetHints":{"allow":["GET"]}}],"collection":[{"href":"https:\/\/agora.xtec.cat\/ies-santa-eulalia\/wp-json\/wp\/v2\/posts"}],"about":[{"href":"https:\/\/agora.xtec.cat\/ies-santa-eulalia\/wp-json\/wp\/v2\/types\/post"}],"author":[{"embeddable":true,"href":"https:\/\/agora.xtec.cat\/ies-santa-eulalia\/wp-json\/wp\/v2\/users\/51"}],"replies":[{"embeddable":true,"href":"https:\/\/agora.xtec.cat\/ies-santa-eulalia\/wp-json\/wp\/v2\/comments?post=2969"}],"version-history":[{"count":3,"href":"https:\/\/agora.xtec.cat\/ies-santa-eulalia\/wp-json\/wp\/v2\/posts\/2969\/revisions"}],"predecessor-version":[{"id":3030,"href":"https:\/\/agora.xtec.cat\/ies-santa-eulalia\/wp-json\/wp\/v2\/posts\/2969\/revisions\/3030"}],"wp:featuredmedia":[{"embeddable":true,"href":"https:\/\/agora.xtec.cat\/ies-santa-eulalia\/wp-json\/wp\/v2\/media\/3019"}],"wp:attachment":[{"href":"https:\/\/agora.xtec.cat\/ies-santa-eulalia\/wp-json\/wp\/v2\/media?parent=2969"}],"wp:term":[{"taxonomy":"category","embeddable":true,"href":"https:\/\/agora.xtec.cat\/ies-santa-eulalia\/wp-json\/wp\/v2\/categories?post=2969"},{"taxonomy":"post_tag","embeddable":true,"href":"https:\/\/agora.xtec.cat\/ies-santa-eulalia\/wp-json\/wp\/v2\/tags?post=2969"}],"curies":[{"name":"wp","href":"https:\/\/api.w.org\/{rel}","templated":true}]}}