{"id":2849,"date":"2018-10-15T22:11:14","date_gmt":"2018-10-15T20:11:14","guid":{"rendered":"http:\/\/agora.xtec.cat\/ies-santa-eulalia\/?p=2849"},"modified":"2018-11-21T09:36:20","modified_gmt":"2018-11-21T08:36:20","slug":"4a-jornada-ludico-matematica-a-lhospitalet","status":"publish","type":"post","link":"https:\/\/agora.xtec.cat\/ies-santa-eulalia\/general\/4a-jornada-ludico-matematica-a-lhospitalet\/","title":{"rendered":"4a Jornada l\u00fadico-matem\u00e0tica a L&#8217;Hospitalet"},"content":{"rendered":"<p><a href=\"https:\/\/agora.xtec.cat\/ies-santa-eulalia\/wp-content\/uploads\/usu1612\/2018\/10\/jornadamatematicacrp.jpg\"><img loading=\"lazy\" decoding=\"async\" class=\"size-large wp-image-2850 aligncenter\" src=\"https:\/\/agora.xtec.cat\/ies-santa-eulalia\/wp-content\/uploads\/usu1612\/2018\/10\/jornadamatematicacrp-721x1024.jpg\" alt=\"\" width=\"721\" height=\"1024\" srcset=\"https:\/\/agora.xtec.cat\/ies-santa-eulalia\/wp-content\/uploads\/usu1612\/2018\/10\/jornadamatematicacrp-721x1024.jpg 721w, https:\/\/agora.xtec.cat\/ies-santa-eulalia\/wp-content\/uploads\/usu1612\/2018\/10\/jornadamatematicacrp-211x300.jpg 211w, https:\/\/agora.xtec.cat\/ies-santa-eulalia\/wp-content\/uploads\/usu1612\/2018\/10\/jornadamatematicacrp-768x1090.jpg 768w\" sizes=\"auto, (max-width: 721px) 100vw, 721px\" \/><\/a><\/p>\n<p>&nbsp;<\/p>\n<p>Des del departament de matem\u00e0tiques us fem una proposta diferent per gaudir de les &#8220;mates&#8221;<\/p>\n<p>D&#8217;aqu\u00ed a pocs dies, el dissabte 27 d&#8217;octubre, se celebrar\u00e0 la 4a Jornada l\u00fadico-matem\u00e0tica a l&#8217;Hospitalet. Des de les 10:30h fins les 14h, a la rambla de la Marina es podr\u00e0 interactuar amb jocs, trencaclosques, construccions i altres curiositats matem\u00e0tiques.<\/p>\n<p>Us convidem a anar-hi una estona i a deixar-vos sorprendre construint <em>c\u00fapules com Leonardo<\/em>, fent <em>cubs de Rubik<\/em> o demostrant les vostres <em>habilitats<\/em> i <em>estrat\u00e8gies<\/em>.<\/p>\n<p>Aneu-hi sols, amb els amics o amb la fam\u00edlia i no oblideu fer moltes fotos i fer-nos arribar les vostres opinions!!!<\/p>\n<p>Ens trobem all\u00e0? \ud83d\ude09<\/p>\n<p>&nbsp;<\/p>\n<p>&nbsp;<\/p>\n","protected":false},"excerpt":{"rendered":"<p><a href=\"https:\/\/agora.xtec.cat\/ies-santa-eulalia\/wp-content\/uploads\/usu1612\/2018\/10\/jornadamatematicacrp.jpg\"><\/a><br \/>\n&nbsp;<br \/>\nDes del departament de matem\u00e0tiques us fem una proposta diferent per gaudir de les &#8220;mates&#8221;<br \/>\nD&#8217;aqu\u00ed a pocs dies, el dissabte 27 d&#8217;octubre, se celebrar\u00e0 la 4a Jornada l\u00fadico-matem\u00e0tica a l&#8217;Hospitalet. Des de les 10:30h fins les 14h, a la rambla de la Marina es&hellip;  <a href=\"https:\/\/agora.xtec.cat\/ies-santa-eulalia\/general\/4a-jornada-ludico-matematica-a-lhospitalet\/\" title=\"Read 4a Jornada l\u00fadico-matem\u00e0tica a L&#8217;Hospitalet\">Llegeix m\u00e9s\u00bb<\/a><\/p>\n","protected":false},"author":71,"featured_media":2850,"comment_status":"open","ping_status":"closed","sticky":false,"template":"","format":"standard","meta":{"_bbp_topic_count":0,"_bbp_reply_count":0,"_bbp_total_topic_count":0,"_bbp_total_reply_count":0,"_bbp_voice_count":0,"_bbp_anonymous_reply_count":0,"_bbp_topic_count_hidden":0,"_bbp_reply_count_hidden":0,"_bbp_forum_subforum_count":0,"footnotes":""},"categories":[140,3,1,29],"tags":[],"class_list":["post-2849","post","type-post","status-publish","format-standard","has-post-thumbnail","hentry","category-novetats-matematiques","category-eso","category-general","category-portada"],"post_mailing_queue_ids":[],"_links":{"self":[{"href":"https:\/\/agora.xtec.cat\/ies-santa-eulalia\/wp-json\/wp\/v2\/posts\/2849","targetHints":{"allow":["GET"]}}],"collection":[{"href":"https:\/\/agora.xtec.cat\/ies-santa-eulalia\/wp-json\/wp\/v2\/posts"}],"about":[{"href":"https:\/\/agora.xtec.cat\/ies-santa-eulalia\/wp-json\/wp\/v2\/types\/post"}],"author":[{"embeddable":true,"href":"https:\/\/agora.xtec.cat\/ies-santa-eulalia\/wp-json\/wp\/v2\/users\/71"}],"replies":[{"embeddable":true,"href":"https:\/\/agora.xtec.cat\/ies-santa-eulalia\/wp-json\/wp\/v2\/comments?post=2849"}],"version-history":[{"count":3,"href":"https:\/\/agora.xtec.cat\/ies-santa-eulalia\/wp-json\/wp\/v2\/posts\/2849\/revisions"}],"predecessor-version":[{"id":2853,"href":"https:\/\/agora.xtec.cat\/ies-santa-eulalia\/wp-json\/wp\/v2\/posts\/2849\/revisions\/2853"}],"wp:featuredmedia":[{"embeddable":true,"href":"https:\/\/agora.xtec.cat\/ies-santa-eulalia\/wp-json\/wp\/v2\/media\/2850"}],"wp:attachment":[{"href":"https:\/\/agora.xtec.cat\/ies-santa-eulalia\/wp-json\/wp\/v2\/media?parent=2849"}],"wp:term":[{"taxonomy":"category","embeddable":true,"href":"https:\/\/agora.xtec.cat\/ies-santa-eulalia\/wp-json\/wp\/v2\/categories?post=2849"},{"taxonomy":"post_tag","embeddable":true,"href":"https:\/\/agora.xtec.cat\/ies-santa-eulalia\/wp-json\/wp\/v2\/tags?post=2849"}],"curies":[{"name":"wp","href":"https:\/\/api.w.org\/{rel}","templated":true}]}}