{"id":2651,"date":"2018-06-25T21:10:35","date_gmt":"2018-06-25T19:10:35","guid":{"rendered":"http:\/\/agora.xtec.cat\/ies-santa-eulalia\/?p=2651"},"modified":"2018-10-03T09:09:34","modified_gmt":"2018-10-03T07:09:34","slug":"sortida-projecte-de-recerca-de-radio-a-torre-barrina","status":"publish","type":"post","link":"https:\/\/agora.xtec.cat\/ies-santa-eulalia\/general\/sortida-projecte-de-recerca-de-radio-a-torre-barrina\/","title":{"rendered":"Sortida Projecte de recerca de r\u00e0dio a Torre Barrina 2017-2018"},"content":{"rendered":"<p>Els alumnes de 4rt A i C que s&#8217;han encarregat de fer el projecte de recerca sobre un magazine de r\u00e0dio han anat a la Pla\u00e7a de la Marquesa de l&#8217;Hospitalet a gravar-lo a &#8220;Torre Barrina Centre Municipal de Creaci\u00f3 Multim\u00e8dia&#8221;<\/p>\n<p><a href=\"https:\/\/photos.app.goo.gl\/Lbsz4cbRQHytNHTB6\">Galeria fotos Torre Barrina 2017-2018<\/a><\/p>\n","protected":false},"excerpt":{"rendered":"<p>Els alumnes de 4rt A i C que s&#8217;han encarregat de fer el projecte de recerca sobre un magazine de r\u00e0dio han anat a la Pla\u00e7a de la Marquesa de l&#8217;Hospitalet a gravar-lo a &#8220;Torre Barrina Centre Municipal de Creaci\u00f3 Multim\u00e8dia&#8221;<br \/>\n<a href=\"https:\/\/photos.app.goo.gl\/Lbsz4cbRQHytNHTB6\">Galeria fotos Torre Barrina&hellip;  <a href=\"https:\/\/agora.xtec.cat\/ies-santa-eulalia\/general\/sortida-projecte-de-recerca-de-radio-a-torre-barrina\/\" title=\"Read Sortida Projecte de recerca de r\u00e0dio a Torre Barrina 2017-2018\">Llegeix m\u00e9s\u00bb<\/a><\/p>\n","protected":false},"author":52,"featured_media":2652,"comment_status":"open","ping_status":"closed","sticky":false,"template":"","format":"standard","meta":{"_bbp_topic_count":0,"_bbp_reply_count":0,"_bbp_total_topic_count":0,"_bbp_total_reply_count":0,"_bbp_voice_count":0,"_bbp_anonymous_reply_count":0,"_bbp_topic_count_hidden":0,"_bbp_reply_count_hidden":0,"_bbp_forum_subforum_count":0,"footnotes":""},"categories":[1],"tags":[190,191,189],"class_list":["post-2651","post","type-post","status-publish","format-standard","has-post-thumbnail","hentry","category-general","tag-4rt-a","tag-4rt-c","tag-projecte-recerca"],"post_mailing_queue_ids":[],"_links":{"self":[{"href":"https:\/\/agora.xtec.cat\/ies-santa-eulalia\/wp-json\/wp\/v2\/posts\/2651","targetHints":{"allow":["GET"]}}],"collection":[{"href":"https:\/\/agora.xtec.cat\/ies-santa-eulalia\/wp-json\/wp\/v2\/posts"}],"about":[{"href":"https:\/\/agora.xtec.cat\/ies-santa-eulalia\/wp-json\/wp\/v2\/types\/post"}],"author":[{"embeddable":true,"href":"https:\/\/agora.xtec.cat\/ies-santa-eulalia\/wp-json\/wp\/v2\/users\/52"}],"replies":[{"embeddable":true,"href":"https:\/\/agora.xtec.cat\/ies-santa-eulalia\/wp-json\/wp\/v2\/comments?post=2651"}],"version-history":[{"count":3,"href":"https:\/\/agora.xtec.cat\/ies-santa-eulalia\/wp-json\/wp\/v2\/posts\/2651\/revisions"}],"predecessor-version":[{"id":2655,"href":"https:\/\/agora.xtec.cat\/ies-santa-eulalia\/wp-json\/wp\/v2\/posts\/2651\/revisions\/2655"}],"wp:featuredmedia":[{"embeddable":true,"href":"https:\/\/agora.xtec.cat\/ies-santa-eulalia\/wp-json\/wp\/v2\/media\/2652"}],"wp:attachment":[{"href":"https:\/\/agora.xtec.cat\/ies-santa-eulalia\/wp-json\/wp\/v2\/media?parent=2651"}],"wp:term":[{"taxonomy":"category","embeddable":true,"href":"https:\/\/agora.xtec.cat\/ies-santa-eulalia\/wp-json\/wp\/v2\/categories?post=2651"},{"taxonomy":"post_tag","embeddable":true,"href":"https:\/\/agora.xtec.cat\/ies-santa-eulalia\/wp-json\/wp\/v2\/tags?post=2651"}],"curies":[{"name":"wp","href":"https:\/\/api.w.org\/{rel}","templated":true}]}}