{"id":2644,"date":"2018-06-24T19:40:57","date_gmt":"2018-06-24T17:40:57","guid":{"rendered":"http:\/\/agora.xtec.cat\/ies-santa-eulalia\/?p=2644"},"modified":"2019-05-25T22:07:01","modified_gmt":"2019-05-25T20:07:01","slug":"setembre-2018","status":"publish","type":"post","link":"https:\/\/agora.xtec.cat\/ies-santa-eulalia\/general\/setembre-2018\/","title":{"rendered":"GEP a F\u00edsica i Qu\u00edmica 2n ESO"},"content":{"rendered":"<p>Dins del projecte GEP, els alumnes de 2n de l&#8217;ESO han elaborat uns tr\u00edptics amb consells de com estalviar en la factura de la llum i gas de l&#8217;Intitut.<\/p>\n<p>Abans han hagut d&#8217;analitzar d&#8217;on ve l&#8217;energia que consumim, les activitats que realitzem que requereixen d&#8217;energia i determinar de quina manera podem estalviar energia i les avantatges que aix\u00f2 suposa.<\/p>\n<p>Aqui teniu un <a href=\"https:\/\/drive.google.com\/open?id=1LXnuZX1erti806j7jr-KAkCMXt-LS1dP\">petit v\u00eddeo<\/a> d&#8217;algunes de les activitats<\/p>\n","protected":false},"excerpt":{"rendered":"<p>Dins del projecte GEP, els alumnes de 2n de l&#8217;ESO han elaborat uns tr\u00edptics amb consells de com estalviar en la factura de la llum i gas de l&#8217;Intitut.<br \/>\nAbans han hagut d&#8217;analitzar d&#8217;on ve l&#8217;energia que consumim, les activitats que realitzem que requereixen d&#8217;energia i&hellip;  <a href=\"https:\/\/agora.xtec.cat\/ies-santa-eulalia\/general\/setembre-2018\/\" title=\"Read GEP a F\u00edsica i Qu\u00edmica 2n ESO\">Llegeix m\u00e9s\u00bb<\/a><\/p>\n","protected":false},"author":1,"featured_media":4514,"comment_status":"open","ping_status":"closed","sticky":true,"template":"","format":"standard","meta":{"_bbp_topic_count":0,"_bbp_reply_count":0,"_bbp_total_topic_count":0,"_bbp_total_reply_count":0,"_bbp_voice_count":0,"_bbp_anonymous_reply_count":0,"_bbp_topic_count_hidden":0,"_bbp_reply_count_hidden":0,"_bbp_forum_subforum_count":0,"footnotes":""},"categories":[1],"tags":[],"class_list":["post-2644","post","type-post","status-publish","format-standard","has-post-thumbnail","hentry","category-general"],"post_mailing_queue_ids":[],"_links":{"self":[{"href":"https:\/\/agora.xtec.cat\/ies-santa-eulalia\/wp-json\/wp\/v2\/posts\/2644","targetHints":{"allow":["GET"]}}],"collection":[{"href":"https:\/\/agora.xtec.cat\/ies-santa-eulalia\/wp-json\/wp\/v2\/posts"}],"about":[{"href":"https:\/\/agora.xtec.cat\/ies-santa-eulalia\/wp-json\/wp\/v2\/types\/post"}],"author":[{"embeddable":true,"href":"https:\/\/agora.xtec.cat\/ies-santa-eulalia\/wp-json\/wp\/v2\/users\/1"}],"replies":[{"embeddable":true,"href":"https:\/\/agora.xtec.cat\/ies-santa-eulalia\/wp-json\/wp\/v2\/comments?post=2644"}],"version-history":[{"count":3,"href":"https:\/\/agora.xtec.cat\/ies-santa-eulalia\/wp-json\/wp\/v2\/posts\/2644\/revisions"}],"predecessor-version":[{"id":4516,"href":"https:\/\/agora.xtec.cat\/ies-santa-eulalia\/wp-json\/wp\/v2\/posts\/2644\/revisions\/4516"}],"wp:featuredmedia":[{"embeddable":true,"href":"https:\/\/agora.xtec.cat\/ies-santa-eulalia\/wp-json\/wp\/v2\/media\/4514"}],"wp:attachment":[{"href":"https:\/\/agora.xtec.cat\/ies-santa-eulalia\/wp-json\/wp\/v2\/media?parent=2644"}],"wp:term":[{"taxonomy":"category","embeddable":true,"href":"https:\/\/agora.xtec.cat\/ies-santa-eulalia\/wp-json\/wp\/v2\/categories?post=2644"},{"taxonomy":"post_tag","embeddable":true,"href":"https:\/\/agora.xtec.cat\/ies-santa-eulalia\/wp-json\/wp\/v2\/tags?post=2644"}],"curies":[{"name":"wp","href":"https:\/\/api.w.org\/{rel}","templated":true}]}}