{"id":2622,"date":"2018-06-19T13:10:19","date_gmt":"2018-06-19T11:10:19","guid":{"rendered":"http:\/\/agora.xtec.cat\/ies-santa-eulalia\/?p=2622"},"modified":"2018-06-19T13:20:49","modified_gmt":"2018-06-19T11:20:49","slug":"conte-amb-un-altre-mirada","status":"publish","type":"post","link":"https:\/\/agora.xtec.cat\/ies-santa-eulalia\/novetats-siei\/conte-amb-un-altre-mirada\/","title":{"rendered":"CONTE  &#8220;AMB UN ALTRA MIRADA&#8221;"},"content":{"rendered":"<p><em><strong>US PRESENTEM EL CONTE AMB EL QUE HAN QUEDAT FINALISTES ELS ALUMNES DE LA USEE A LA V JOCS FLORALS ESCOLARS DE CATALUNYA<\/strong><\/em><\/p>\n<p>&nbsp;<\/p>\n<p><span style=\"text-decoration: underline\"><strong>AMB UNA ALTRA MIRADA<\/strong><\/span><\/p>\n<p>Atenci\u00f3!!! Atenci\u00f3!!! Aneu amb compte!!! \u00c9s el m\u00e9s perill\u00f3s del fons mar\u00ed!!! No us hi apropeu!!!. Aquestes i altres paraules sentia una i una altra vegada el petit taur\u00f3 blanc.<\/p>\n<p>A l\u2019escull de l\u2019oce\u00e0 pac\u00edfic convivien diferents esp\u00e8cies marines per\u00f2 cadascuna s\u2019 agrupava segons a la fam\u00edlia que corresponia. El petit taur\u00f3 blanc feia temps que estava molt sol i els animals marins m\u00e9s grans no el deixaven apropar-se als m\u00e9s petits de l\u2019escull. Se sentia tan diferent que s\u2019amagava dels altres i cada cop era m\u00e9s t\u00edmid i reservat. Si alg\u00fa volia parlar amb ell, marxava o dibuixava un petit somriure vergony\u00f3s, i ,com que ensenyava les seves dents esmolades, encara intimidava m\u00e9s. Els altres s\u2019espantaven i sortien corrent. El petit taur\u00f3 cada vegada se sentia m\u00e9s trist i desolat.<\/p>\n<p>Popet era un polp amb un cap gran i vuit bra\u00e7os, que en moltes ocasions feien nosa a la resta d\u2019animals, sobretot quan jugaven a la zona dels coralls i se\u2019l trobaven enganxat a tot arreu. A m\u00e9s, tenia tres cors; un que funcionava com el de la resta i els altres dos que s\u2019encarregaven de bombejar la sang, sense oxigen, cap a les br\u00e0nquies que s\u00f3n els \u00f2rgans respiratoris dels polps. Vivia sol als coralls i la resta d\u2019animals marins el discriminaven perqu\u00e8 el veien molt diferent. Quan passaven per all\u00e0 li cridaven:<\/p>\n<p>&#8211; Cap gros!! On est\u00e0s cap gros?<\/p>\n<p>Quan sortia t\u00edmidament dels coralls, veia com tots marxaven corrent i reien.<\/p>\n<p>En aquell escull asi\u00e0tic de l\u2019oce\u00e0 pac\u00edfic al costat d\u2019 Indon\u00e8sia, hi vivia tamb\u00e9 una petita estrella de mar,anomenada Noa, que era tan lenta que nom\u00e9s caminava i canviava de lloc quan el corrent mar\u00ed provocava algun moviment.<\/p>\n<p>Un bon dia, els animals marins van sentir un fort corrent mar\u00ed que feia moure tot el que hi havia al fons del mar. Aix\u00ed, la petita estrella de mar es va despla\u00e7ar cap al corall on estava Popet. A causa de la intensitat i la for\u00e7a de la massa marina, va acabar enganxada a un dels tentacles del pop. Aleshores Popet va comen\u00e7ar a cridar:<\/p>\n<p>&#8211; Ai,ai !!! Qui s\u2019ha enganxat al meu cos??!!!<\/p>\n<p>L\u00b4 estrella estava espantada tant per la for\u00e7a del corrent mar\u00ed com per la veu greu i forta que tenia Popet. \u00a0Tots dos van anar a parar a l\u00b4aleta dorsal del petit taur\u00f3 blanc que intentava amagar-se en algun lloc segur, fins que pass\u00e9s aquella tremolor intensa.<\/p>\n<p>De sobte, es van adonar que es trobaven a sobre d\u2019un taur\u00f3 blanc de dents afilades i cos cartilagin\u00f3s.\u00a0 L\u00b4estrella Noa i Popet es van abra\u00e7ar espantats, creien que el taur\u00f3 se\u00b4ls menjaria i que aquell seria el final dels seus dies, per\u00f2, de cop i volta, el gran peix va fer un gir de 90 graus , es va parar davant d\u00b4ells i els va dir:<\/p>\n<p>-Amics!!! Agafeu-vos a l\u2019aleta dorsal, que amb la meva for\u00e7a i el corrent d\u00b4aigua, us traur\u00e9 d\u00b4 aqu\u00ed i buscarem un lloc segur on amagar-nos!!!<\/p>\n<p>Tots tres es trobaven a la fossa oce\u00e0nica i notaven la tremolor de l\u2019aigua de forma intensa i continua, semblava que s\u2019iniciava un sisme submar\u00ed i estaven esgarrifats. El corrent els va portar a una cova subterr\u00e0nia molt fosca, semblava que els estaven observant perqu\u00e8 sentien sorolls, tot i que com que estaven tan espantats creien que la seva imaginaci\u00f3 els estava passant una mala jugada.<\/p>\n<p>Per\u00f2&#8230;. de sobte, van veure llums verds que es movien al voltant d\u00b4ells, eren peixos amb els ulls i el cos brillant, a causa d\u2019un proc\u00e9s de biofluoresc\u00e8ncia.<\/p>\n<p>Un d\u00b4ells es va apropar per explicar-los que el volc\u00e0 Tamu Massif havia despertat i que estaven en perill.<\/p>\n<p>Aleshores, Noa es va recordar de la resta d\u00b4animals marins que vivien a l\u00b4escull, i va dir:<\/p>\n<ul>\n<li>Com podem ajudar als nostres ve\u00efns de l\u2019escull?<\/li>\n<\/ul>\n<p>I Popet de seguida va pensar:<\/p>\n<p>&#8211; I si s\u00b4enganxen a les meves ventoses? Els podria portar cap aquesta cova !!!<\/p>\n<p>L\u00b4 estrella Noa, molt espavilada, va contestar-li:<\/p>\n<p>-Per\u00f2 tu sol no tindr\u00e0s for\u00e7a suficient per portar-los cap aqu\u00ed.<\/p>\n<p>De seguida el petit taur\u00f3 blanc es va oferir:<\/p>\n<p>-Jo amb la meva energia i for\u00e7a, t\u00b4 ajudar\u00e9!!! I entre tots els posarem fora de perill !!!<\/p>\n<p>En un tres i no res es van organitzar i amb l\u00b4 ajuda dels peixos biofluorescents van partir cap a l\u00b4 escull.<\/p>\n<p>Les onades cada vegada eren m\u00e9s altes, per\u00f2 tot i aix\u00ed van agafar una onada llarga i plana del tsunami, que els va portar al seu dest\u00ed de forma immediata on es trobaven els seus ve\u00efns.<\/p>\n<p>Tots els animals es van poder enganxar a les ventoses de Popet i amb la gran velocitat del petit taur\u00f3 blanc van aconseguir arribar a la cova subterr\u00e0nia i posar-se fora de perill.<\/p>\n<p>A partir d\u00b4 aquell moment tots van poder mirar a Noa, \u00a0Popet i al petit taur\u00f3 amb una altra mirada. Es van adonar que tot i ser diferents tamb\u00e9 tenien moltes qualitats per compartir amb ells. I que els prejudicis no ajuden a con\u00e8ixer als altres que ens envolten. Els van acceptar tal i com eren i van conviure tots junts a l\u2019escull amb respecte.<\/p>\n","protected":false},"excerpt":{"rendered":"<p>US PRESENTEM EL CONTE AMB EL QUE HAN QUEDAT FINALISTES ELS ALUMNES DE LA USEE A LA V JOCS FLORALS ESCOLARS DE CATALUNYA<br \/>\n&nbsp;<br \/>\nAMB UNA ALTRA MIRADA<br \/>\nAtenci\u00f3!!! Atenci\u00f3!!! Aneu amb compte!!! \u00c9s el m\u00e9s perill\u00f3s del fons mar\u00ed!!! No us hi apropeu!!!. Aquestes i altres paraules&hellip;  <a href=\"https:\/\/agora.xtec.cat\/ies-santa-eulalia\/novetats-siei\/conte-amb-un-altre-mirada\/\" title=\"Read CONTE  &#8220;AMB UN ALTRA MIRADA&#8221;\">Llegeix m\u00e9s\u00bb<\/a><\/p>\n","protected":false},"author":60,"featured_media":0,"comment_status":"open","ping_status":"closed","sticky":false,"template":"","format":"standard","meta":{"_bbp_topic_count":0,"_bbp_reply_count":0,"_bbp_total_topic_count":0,"_bbp_total_reply_count":0,"_bbp_voice_count":0,"_bbp_anonymous_reply_count":0,"_bbp_topic_count_hidden":0,"_bbp_reply_count_hidden":0,"_bbp_forum_subforum_count":0,"footnotes":""},"categories":[153],"tags":[],"class_list":["post-2622","post","type-post","status-publish","format-standard","hentry","category-novetats-siei"],"post_mailing_queue_ids":[],"_links":{"self":[{"href":"https:\/\/agora.xtec.cat\/ies-santa-eulalia\/wp-json\/wp\/v2\/posts\/2622","targetHints":{"allow":["GET"]}}],"collection":[{"href":"https:\/\/agora.xtec.cat\/ies-santa-eulalia\/wp-json\/wp\/v2\/posts"}],"about":[{"href":"https:\/\/agora.xtec.cat\/ies-santa-eulalia\/wp-json\/wp\/v2\/types\/post"}],"author":[{"embeddable":true,"href":"https:\/\/agora.xtec.cat\/ies-santa-eulalia\/wp-json\/wp\/v2\/users\/60"}],"replies":[{"embeddable":true,"href":"https:\/\/agora.xtec.cat\/ies-santa-eulalia\/wp-json\/wp\/v2\/comments?post=2622"}],"version-history":[{"count":3,"href":"https:\/\/agora.xtec.cat\/ies-santa-eulalia\/wp-json\/wp\/v2\/posts\/2622\/revisions"}],"predecessor-version":[{"id":2625,"href":"https:\/\/agora.xtec.cat\/ies-santa-eulalia\/wp-json\/wp\/v2\/posts\/2622\/revisions\/2625"}],"wp:attachment":[{"href":"https:\/\/agora.xtec.cat\/ies-santa-eulalia\/wp-json\/wp\/v2\/media?parent=2622"}],"wp:term":[{"taxonomy":"category","embeddable":true,"href":"https:\/\/agora.xtec.cat\/ies-santa-eulalia\/wp-json\/wp\/v2\/categories?post=2622"},{"taxonomy":"post_tag","embeddable":true,"href":"https:\/\/agora.xtec.cat\/ies-santa-eulalia\/wp-json\/wp\/v2\/tags?post=2622"}],"curies":[{"name":"wp","href":"https:\/\/api.w.org\/{rel}","templated":true}]}}