{"id":2600,"date":"2018-06-13T17:48:25","date_gmt":"2018-06-13T15:48:25","guid":{"rendered":"http:\/\/agora.xtec.cat\/ies-santa-eulalia\/?p=2600"},"modified":"2018-10-03T09:13:08","modified_gmt":"2018-10-03T07:13:08","slug":"aqui-teniu-el-hit-de-lestiu","status":"publish","type":"post","link":"https:\/\/agora.xtec.cat\/ies-santa-eulalia\/general\/aqui-teniu-el-hit-de-lestiu\/","title":{"rendered":"Aqu\u00ed teniu el hit de l&#8217;estiu!"},"content":{"rendered":"<p>Com a projecte de final de curs, els alumnes de 1r D hem preparat aquesta pe\u00e7a musical de creaci\u00f3 pr\u00f2pia. Ha estat un treball col\u00b7lectiu en el qual hem participat tota la classe fent cadasc\u00fa la seva aportaci\u00f3.\u00a0El treball l&#8217;hem fet amb el programa Linux MultiMedia Studio, que \u00e9s un\u00a0seq\u00fcenciador i editor de m\u00fasica\u00a0gratu\u00eft, molt f\u00e0cil d&#8217;utilitzar.\u00a0Si voleu escoltar la nostra feina, aqu\u00ed teniu\u00a0una versi\u00f3 en\u00a0mp3:<\/p>\n<p><a href=\"https:\/\/drive.google.com\/open?id=10YJZRKN_l1PtGcklvrg-rlP5Qi1uYCnP\">https:\/\/drive.google.com\/open?id=10YJZRKN_l1PtGcklvrg-rlP5Qi1uYCnP<\/a><\/p>\n<p>Esperem que us agradi! Bones vacances!<\/p>\n<p><a href=\"https:\/\/drive.google.com\/open?id=10YJZRKN_l1PtGcklvrg-rlP5Qi1uYCnP\"><img loading=\"lazy\" decoding=\"async\" class=\"alignnone size-large wp-image-2601\" src=\"http:\/\/agora.xtec.cat\/ies-santa-eulalia\/wp-content\/uploads\/usu1612\/2018\/06\/LMMS_0.4.0_ScreenShot-1024x638.png\" alt=\"\" width=\"1024\" height=\"638\" \/><\/a><\/p>\n<p><a href=\"https:\/\/lmms.io\/download\/#windows\">https:\/\/lmms.io\/download\/#windows<\/a><\/p>\n<p>&nbsp;<\/p>\n","protected":false},"excerpt":{"rendered":"<p>Com a projecte de final de curs, els alumnes de 1r D hem preparat aquesta pe\u00e7a musical de creaci\u00f3 pr\u00f2pia. Ha estat un treball col\u00b7lectiu en el qual hem participat tota la classe fent cadasc\u00fa la seva aportaci\u00f3.\u00a0El treball l&#8217;hem fet amb el programa Linux&hellip;  <a href=\"https:\/\/agora.xtec.cat\/ies-santa-eulalia\/general\/aqui-teniu-el-hit-de-lestiu\/\" title=\"Read Aqu\u00ed teniu el hit de l&#8217;estiu!\">Llegeix m\u00e9s\u00bb<\/a><\/p>\n","protected":false},"author":1,"featured_media":2601,"comment_status":"open","ping_status":"closed","sticky":false,"template":"","format":"standard","meta":{"_bbp_topic_count":0,"_bbp_reply_count":0,"_bbp_total_topic_count":0,"_bbp_total_reply_count":0,"_bbp_voice_count":0,"_bbp_anonymous_reply_count":0,"_bbp_topic_count_hidden":0,"_bbp_reply_count_hidden":0,"_bbp_forum_subforum_count":0,"footnotes":""},"categories":[151,1],"tags":[],"class_list":["post-2600","post","type-post","status-publish","format-standard","has-post-thumbnail","hentry","category-novetats-musica","category-general"],"post_mailing_queue_ids":[],"_links":{"self":[{"href":"https:\/\/agora.xtec.cat\/ies-santa-eulalia\/wp-json\/wp\/v2\/posts\/2600","targetHints":{"allow":["GET"]}}],"collection":[{"href":"https:\/\/agora.xtec.cat\/ies-santa-eulalia\/wp-json\/wp\/v2\/posts"}],"about":[{"href":"https:\/\/agora.xtec.cat\/ies-santa-eulalia\/wp-json\/wp\/v2\/types\/post"}],"author":[{"embeddable":true,"href":"https:\/\/agora.xtec.cat\/ies-santa-eulalia\/wp-json\/wp\/v2\/users\/1"}],"replies":[{"embeddable":true,"href":"https:\/\/agora.xtec.cat\/ies-santa-eulalia\/wp-json\/wp\/v2\/comments?post=2600"}],"version-history":[{"count":2,"href":"https:\/\/agora.xtec.cat\/ies-santa-eulalia\/wp-json\/wp\/v2\/posts\/2600\/revisions"}],"predecessor-version":[{"id":2603,"href":"https:\/\/agora.xtec.cat\/ies-santa-eulalia\/wp-json\/wp\/v2\/posts\/2600\/revisions\/2603"}],"wp:featuredmedia":[{"embeddable":true,"href":"https:\/\/agora.xtec.cat\/ies-santa-eulalia\/wp-json\/wp\/v2\/media\/2601"}],"wp:attachment":[{"href":"https:\/\/agora.xtec.cat\/ies-santa-eulalia\/wp-json\/wp\/v2\/media?parent=2600"}],"wp:term":[{"taxonomy":"category","embeddable":true,"href":"https:\/\/agora.xtec.cat\/ies-santa-eulalia\/wp-json\/wp\/v2\/categories?post=2600"},{"taxonomy":"post_tag","embeddable":true,"href":"https:\/\/agora.xtec.cat\/ies-santa-eulalia\/wp-json\/wp\/v2\/tags?post=2600"}],"curies":[{"name":"wp","href":"https:\/\/api.w.org\/{rel}","templated":true}]}}